{"id":10068,"date":"2024-08-31T14:30:22","date_gmt":"2024-08-31T12:30:22","guid":{"rendered":"https:\/\/www.ecoticias.com\/hoyeco\/?p=10068"},"modified":"2024-08-31T14:30:22","modified_gmt":"2024-08-31T12:30:22","slug":"espana-isla-nuestra-pais-invadir","status":"publish","type":"post","link":"https:\/\/www.ecoticias.com\/hoyeco\/espana-isla-nuestra-pais-invadir\/10068\/","title":{"rendered":"Espa\u00f1a no sabe si esta isla es nuestra, y un pa\u00eds la quiere invadir: tiene 500 a\u00f1os de misterio sin resolver"},"content":{"rendered":"<p>Espa\u00f1a tiene muchas islas y archipi\u00e9lagos bajo su soberan\u00eda. Por supuesto que hay territorios del mar donde que tiene en disputa esta condici\u00f3n con otros pa\u00edses. Un ejemplo es esta isla que desde hace siglos mantiene a <a href=\"https:\/\/www.ecoticias.com\/hoyeco\/isla-pequena-espana-tabarca\/9750\/\">Espa\u00f1a<\/a> en conflicto. No se sabe si es nuestra y ahora puede ser invadida por este pa\u00eds.<\/p>\n<h2>Cu\u00e1l es esta isla que Espa\u00f1a no a\u00fan no sabe si es suya<\/h2>\n<p>M\u00e1s que una isla es un archipi\u00e9lago muy peque\u00f1o el cual tiene en tierra seca una extensi\u00f3n de 2,7 kil\u00f3metros cuadrados. El mismo est\u00e1 deshabitado y no posee agua potable. Est\u00e1 conformado por <strong>tres trozos de tierra llamados Salvaje Peque\u00f1a, Ilh\u00e8u de Fora y Salvaje Grande<\/strong> adem\u00e1s de unos islotes.<\/p>\n<p>Se ubican a 170 kil\u00f3metros al norte de Tenerife y al sureste de Madeira a una distancia de 290 kil\u00f3metros. Ocupa una superficie que ser\u00eda el equivalente a la del principado de M\u00f3naco. Como ya dijimos, es un terreno yermo, pero tiene grandes recursos pesqueros en especial de la especie de los t\u00fanidos.<\/p>\n<h2>Un conflicto que tiene m\u00e1s de 500 a\u00f1os y todav\u00eda no se ponen de acuerdo<\/h2>\n<p>La soberan\u00eda sobre esta isla est\u00e1 en disputa con Portugal desde hace m\u00e1s de 500 a\u00f1os, <strong>comenzando a finales del siglo XV<\/strong>. El pa\u00eds vecino esgrime varios argumentos entre ellos est\u00e1 el hist\u00f3rico al decir que fueron descubiertas en 1460 por el navegante portugu\u00e9s Diogo Gomes.<\/p>\n<p>Quien se tropez\u00f3 con ella al regresar de Guinea, reclam\u00e1ndolas para Portugal. Por ello esta naci\u00f3n las reclama por posesi\u00f3n ininterrumpida y su derecho de descubrimiento. Asimismo, las considera suyas porque desde la colonizaci\u00f3n de Madeira han estado bajo el gobierno secular portugu\u00e9s.<\/p>\n<p>Por su parte Espa\u00f1a manifiesta que este sitio es un conjunto que ya hab\u00eda sido avistado por Jean de B\u00e9rhencourt varias d\u00e9cadas antes. En la \u00e9poca de la conquista de Canarias. Adem\u00e1s, aparece en unos mapas fechados en 1367, elaborado por los hermanos Francesco y Domenico Pizzigani.<\/p>\n<p>En el mismo aparecen bautizadas, no solo el terreno sino tambi\u00e9n los islotes de mayor tama\u00f1o, como Palmae, Forte Ventura, Canaria, Lancenco, Inferno y Clane. Por otra parte, nuestro pa\u00eds tambi\u00e9n las reclama como suyas invocando lo que en derecho internacional se conoce como \u201cproximidad geogr\u00e1fica\u201d.<\/p>\n<p>Ya que esta isla se encuentra mucho m\u00e1s cerca de Tenerife en <strong>comparaci\u00f3n con el archipi\u00e9lago de Madeira<\/strong>. Espa\u00f1a trat\u00f3 de negociar la construcci\u00f3n de un faro conjunto, que har\u00eda menos peligrosa la navegaci\u00f3n por esas latitudes, pero los portugueses se negaron por verlo como una \u201csoberan\u00eda compartida\u201d.<\/p>\n<h2>La \u00faltima jugada de Portugal en la negociaci\u00f3n<\/h2>\n<p>Por 1932, Portugal comenz\u00f3 a legislar como si este territorio fuera suyo <strong>con base de nuevo a la m\u00e1xima del derecho adquirido<\/strong> decretando que este territorio pertenec\u00eda al distrito de Funchal y que era un coto de caza particular, desde 1903, de un banquero establecido en Madeira identificado como Luis da Rocha.<\/p>\n<p>Luego en 1938 la Comisi\u00f3n Permanente de Derecho Mar\u00edtimo dio a Portugal la propiedad quedando pendiente el recurso que deb\u00eda introducir Espa\u00f1a. Cuesti\u00f3n que no hizo por estar inmersa en plena guerra civil. Posteriormente en el a\u00f1o 1971, Portugal adquiri\u00f3 este territorio a Rocha.<\/p>\n<p>Por el equivalente actual de un mill\u00f3n y medio de d\u00f3lares clasific\u00e1ndola como una reserva natural mar\u00edtima, ratificando este procedimiento por un decreto regional emanado por la Regi\u00f3n Aut\u00f3noma de Madeira. Espa\u00f1a cedi\u00f3 los derechos sobre este archipi\u00e9lago, pero solo de las tierras, por lo que el conflicto contin\u00faa.<\/p>\n<p>En conclusi\u00f3n, Espa\u00f1a a\u00fan no sabe si esa isla le pertenece a pesar de que la disputa por su <a href=\"https:\/\/www.ecoticias.com\/hoyeco\/islas-chafarinas-espana-marruecos\/9652\/\">soberan\u00eda<\/a> tiene m\u00e1s de 500 a\u00f1os y sigue siendo un misterio sin resolver. Sin embargo, ya se han dado pasos definitivos para su soluci\u00f3n y que no haya necesidad enfrentamientos entre pa\u00edses por este motivo.<\/p>\n","protected":false},"excerpt":{"rendered":"<p>Espa\u00f1a tiene muchas islas y archipi\u00e9lagos bajo su soberan\u00eda. Por supuesto que hay territorios del mar donde que tiene en &#8230; <\/p>\n<p class=\"read-more-container\"><a title=\"Espa\u00f1a no sabe si esta isla es nuestra, y un pa\u00eds la quiere invadir: tiene 500 a\u00f1os de misterio sin resolver\" class=\"read-more button\" href=\"https:\/\/www.ecoticias.com\/hoyeco\/espana-isla-nuestra-pais-invadir\/10068\/#more-10068\" aria-label=\"Leer m\u00e1s sobre Espa\u00f1a no sabe si esta isla es nuestra, y un pa\u00eds la quiere invadir: tiene 500 a\u00f1os de misterio sin resolver\">Read more<\/a><\/p>\n","protected":false},"author":6,"featured_media":10102,"comment_status":"closed","ping_status":"closed","sticky":false,"template":"","format":"standard","meta":{"footnotes":""},"categories":[2],"tags":[],"class_list":["post-10068","post","type-post","status-publish","format-standard","has-post-thumbnail","hentry","category-actualidad","resize-featured-image"],"_links":{"self":[{"href":"https:\/\/www.ecoticias.com\/hoyeco\/wp-json\/wp\/v2\/posts\/10068","targetHints":{"allow":["GET"]}}],"collection":[{"href":"https:\/\/www.ecoticias.com\/hoyeco\/wp-json\/wp\/v2\/posts"}],"about":[{"href":"https:\/\/www.ecoticias.com\/hoyeco\/wp-json\/wp\/v2\/types\/post"}],"author":[{"embeddable":true,"href":"https:\/\/www.ecoticias.com\/hoyeco\/wp-json\/wp\/v2\/users\/6"}],"replies":[{"embeddable":true,"href":"https:\/\/www.ecoticias.com\/hoyeco\/wp-json\/wp\/v2\/comments?post=10068"}],"version-history":[{"count":0,"href":"https:\/\/www.ecoticias.com\/hoyeco\/wp-json\/wp\/v2\/posts\/10068\/revisions"}],"wp:featuredmedia":[{"embeddable":true,"href":"https:\/\/www.ecoticias.com\/hoyeco\/wp-json\/wp\/v2\/media\/10102"}],"wp:attachment":[{"href":"https:\/\/www.ecoticias.com\/hoyeco\/wp-json\/wp\/v2\/media?parent=10068"}],"wp:term":[{"taxonomy":"category","embeddable":true,"href":"https:\/\/www.ecoticias.com\/hoyeco\/wp-json\/wp\/v2\/categories?post=10068"},{"taxonomy":"post_tag","embeddable":true,"href":"https:\/\/www.ecoticias.com\/hoyeco\/wp-json\/wp\/v2\/tags?post=10068"}],"curies":[{"name":"wp","href":"https:\/\/api.w.org\/{rel}","templated":true}]}}