{"id":10201,"date":"2024-09-04T16:00:06","date_gmt":"2024-09-04T14:00:06","guid":{"rendered":"https:\/\/www.ecoticias.com\/hoyeco\/?p=10201"},"modified":"2024-09-04T16:00:06","modified_gmt":"2024-09-04T14:00:06","slug":"espana-energia-cluster-maestrazgo","status":"publish","type":"post","link":"https:\/\/www.ecoticias.com\/hoyeco\/espana-energia-cluster-maestrazgo\/10201\/","title":{"rendered":"Espa\u00f1a, lista para lanzar su megaproyecto de energ\u00eda: cifra r\u00e9cord, pero un grave problema por delante"},"content":{"rendered":"<p>La energ\u00eda <a href=\"https:\/\/www.ecoticias.com\/hoyeco\/panal-abejas-produce-energia-eolica\/6675\/\">e\u00f3lica<\/a>, con el tiempo, ha tomado protagonismo ante la necesidad cada vez m\u00e1s creciente de fuentes renovables que sean sostenibles. Sin embargo, tambi\u00e9n es origen de muchas pol\u00e9micas. Como ejemplo se tiene este megaproyecto que Espa\u00f1a acaba de lanzar pero tambi\u00e9n tiene un grave problema.<\/p>\n<h2>El megaproyecto que generara una cifra r\u00e9cord en energ\u00eda renovable<\/h2>\n<p>Espa\u00f1a est\u00e1 llevando adelante muchos proyectos de energ\u00eda renovable. Esto para el cumplimiento del compromiso de descarbonizaci\u00f3n y reducci\u00f3n de emisiones de gases de efecto invernadero en el marco de la lucha contra el cambio clim\u00e1tico, <strong>sin afectar los niveles de consumo el\u00e9ctrico del pa\u00eds<\/strong>.<\/p>\n<p>En este orden de ideas, el gobierno espa\u00f1ol dio luz verde para iniciar la construcci\u00f3n del macroproyecto del parque e\u00f3lico llamado \u201cCl\u00faster del Maestrazgo\u201d. Esta ser\u00e1 el centro de energ\u00eda renovable que generar\u00e1 mayor potencia en el pa\u00eds. No obstante, para algunos no son tan buenas noticias.<\/p>\n<h2>El megaproyecto de Cl\u00faster del Maestrazgo \u00bfc\u00f3mo ser\u00e1 cuando finalice su construcci\u00f3n?<\/h2>\n<p>La aprobaci\u00f3n gubernamental de construcci\u00f3n de este gran proyecto, es el \u00faltimo paso administrativo para llevarlo a la realidad. La instalaci\u00f3n de este gran parque de energ\u00eda e\u00f3lica se har\u00e1 en <strong>una regi\u00f3n que se encuentra entre Castell\u00f3n y Teruel<\/strong> que tiene un total 995 hect\u00e1reas de superficie.<\/p>\n<p>Estar\u00e1 dividido en dos plantas fotovoltaicas que ser\u00e1n alimentadas por 20 parques e\u00f3licos conformados por 125 aerogeneradores de 200 metros de altura, cada uno. Respecto a esta distribuci\u00f3n se debe destacar que para reducir el impacto ambiental la empresa promotora hizo una reducci\u00f3n no programada.<\/p>\n<p>La cual consisti\u00f3 en la eliminaci\u00f3n de dos de los parques e\u00f3licos junto con 36 turbinas e\u00f3licas que afectaban el ZEPA del R\u00edo Guadalope. Que es una zona protegida de fauna y, sobre todo, para aves. Este gran parque e\u00f3lico, tal y como est\u00e1 proyectado, pretende ser el mayor generador de energ\u00eda renovable de Espa\u00f1a.<\/p>\n<p>Ya que tendr\u00e1 una potencia total de 763 MW y cada m\u00e1quina tiene una capacidad de 6,1 MW lo que har\u00e1 que pueda alimentar a m\u00e1s de <strong>570.000 casas y comercios en cada a\u00f1o<\/strong>. Esta instalaci\u00f3n superar\u00e1, por mucho, al gran parque e\u00f3lico Gecama que se encuentra en Castilla \u2013 La Mancha.<\/p>\n<p>Quien genera 312 MW de potencia, suficiente para abastecer a 260.000 comercios y viviendas al a\u00f1o. De no haber ning\u00fan retraso en la obra, se espera que el Cl\u00faster del Maestrazgo sea entregado a finales de 2026 comenzando de inmediato a generar electricidad.<\/p>\n<h2>Pero no todo es un jard\u00edn de rosas para el Cl\u00faster del Maestrazgo<\/h2>\n<p>La pol\u00e9mica siempre ha sido un punto en contra para este gran proyecto. La misma viene de diferentes grupos ecologistas y pol\u00edticos, as\u00ed como de organizaciones vecinales los cuales se oponen a varias actividades necesarias como la tala de \u00e1rboles que se estiman en dos millones cortados o quemados.<\/p>\n<p>Esto a pesar de que el consorcio dan\u00e9s CIP aclaro que en realidad ser\u00e1n talados 98 000 pero se plantar\u00e1n el doble de ellos con el fin de saldar el da\u00f1o ocasionado y para reforestar la zona. Otro factor negativo de denuncia se refiere a que los aerogeneradores se encuentran en los Paisajes de Teruel lo que genera contaminaci\u00f3n visual.<\/p>\n<p>Asimismo, denuncian que las estructuras est\u00e1n ubicadas cerca de zonas protegidas y que afectaran la fauna de la regi\u00f3n. Desde el punto de vista t\u00e9cnico, arguyen que la energ\u00eda generada no ser\u00e1 consumida en el lugar donde se produce, sino que <strong>gran parte ser\u00e1 destinada a comunidades urbanas como Madrid<\/strong> y otras.<\/p>\n<p>En conclusi\u00f3n, <a href=\"https:\/\/www.ecoticias.com\/hoyeco\/energia-hidroelectrica-espana-rios\/10057\/\">Espa\u00f1a<\/a> aprob\u00f3 el lanzamiento de su megaproyecto de energ\u00eda Cl\u00faster del Maestrazgo el cual generara una cifra r\u00e9cord de electricidad. Pero tiene un grave problema por delante debido a denuncias de organizaciones de vecinos y grupos ecologistas. Veremos lo que pasa.<\/p>\n<p>&nbsp;<\/p>\n","protected":false},"excerpt":{"rendered":"<p>La energ\u00eda e\u00f3lica, con el tiempo, ha tomado protagonismo ante la necesidad cada vez m\u00e1s creciente de fuentes renovables que &#8230; <\/p>\n<p class=\"read-more-container\"><a title=\"Espa\u00f1a, lista para lanzar su megaproyecto de energ\u00eda: cifra r\u00e9cord, pero un grave problema por delante\" class=\"read-more button\" href=\"https:\/\/www.ecoticias.com\/hoyeco\/espana-energia-cluster-maestrazgo\/10201\/#more-10201\" aria-label=\"Leer m\u00e1s sobre Espa\u00f1a, lista para lanzar su megaproyecto de energ\u00eda: cifra r\u00e9cord, pero un grave problema por delante\">Read more<\/a><\/p>\n","protected":false},"author":6,"featured_media":10343,"comment_status":"closed","ping_status":"closed","sticky":false,"template":"","format":"standard","meta":{"footnotes":""},"categories":[5],"tags":[],"class_list":["post-10201","post","type-post","status-publish","format-standard","has-post-thumbnail","hentry","category-energia","resize-featured-image"],"_links":{"self":[{"href":"https:\/\/www.ecoticias.com\/hoyeco\/wp-json\/wp\/v2\/posts\/10201","targetHints":{"allow":["GET"]}}],"collection":[{"href":"https:\/\/www.ecoticias.com\/hoyeco\/wp-json\/wp\/v2\/posts"}],"about":[{"href":"https:\/\/www.ecoticias.com\/hoyeco\/wp-json\/wp\/v2\/types\/post"}],"author":[{"embeddable":true,"href":"https:\/\/www.ecoticias.com\/hoyeco\/wp-json\/wp\/v2\/users\/6"}],"replies":[{"embeddable":true,"href":"https:\/\/www.ecoticias.com\/hoyeco\/wp-json\/wp\/v2\/comments?post=10201"}],"version-history":[{"count":0,"href":"https:\/\/www.ecoticias.com\/hoyeco\/wp-json\/wp\/v2\/posts\/10201\/revisions"}],"wp:featuredmedia":[{"embeddable":true,"href":"https:\/\/www.ecoticias.com\/hoyeco\/wp-json\/wp\/v2\/media\/10343"}],"wp:attachment":[{"href":"https:\/\/www.ecoticias.com\/hoyeco\/wp-json\/wp\/v2\/media?parent=10201"}],"wp:term":[{"taxonomy":"category","embeddable":true,"href":"https:\/\/www.ecoticias.com\/hoyeco\/wp-json\/wp\/v2\/categories?post=10201"},{"taxonomy":"post_tag","embeddable":true,"href":"https:\/\/www.ecoticias.com\/hoyeco\/wp-json\/wp\/v2\/tags?post=10201"}],"curies":[{"name":"wp","href":"https:\/\/api.w.org\/{rel}","templated":true}]}}