{"id":10229,"date":"2024-09-05T15:30:26","date_gmt":"2024-09-05T13:30:26","guid":{"rendered":"https:\/\/www.ecoticias.com\/hoyeco\/?p=10229"},"modified":"2024-09-05T15:30:26","modified_gmt":"2024-09-05T13:30:26","slug":"energia-eolica-espana-prohibir","status":"publish","type":"post","link":"https:\/\/www.ecoticias.com\/hoyeco\/energia-eolica-espana-prohibir\/10229\/","title":{"rendered":"Es la energ\u00eda m\u00e1s limpia, pero Espa\u00f1a la quiere prohibir: las cinco zonas negras, al descubierto"},"content":{"rendered":"<p>En el marco de la <a href=\"https:\/\/www.ecoticias.com\/hoyeco\/china-energia-carbon-mundo\/9862\/\">energ\u00eda<\/a> renovable como forma de mitigar el cambio clim\u00e1tico y evitar las emisiones de CO2 se han buscado una serie de fuentes energ\u00e9ticas que sean sostenibles. Pero Espa\u00f1a quiere prohibir algunas ubicaciones como estas cinco zonas negras donde se estar\u00e1 regulado su uso.<\/p>\n<h2>La energ\u00eda m\u00e1s sostenible pero no apta para todas las zonas mar\u00edtimas de Espa\u00f1a<\/h2>\n<p><strong>Las turbinas e\u00f3licas poseen un gran potencial<\/strong> de generaci\u00f3n el\u00e9ctrica, esto porque los vientos en mar adentro poseen mucha m\u00e1s fuerza y son m\u00e1s constantes que en tierra firme. Por lo que se ha convertido en la fuente de energ\u00eda m\u00e1s sostenible y confiable para lograr el objetivo de cero emisiones asociadas a la generaci\u00f3n.<\/p>\n<p>Pero el caso es que ambientalmente no es apta para ser usada en toda \u00e1rea marina. Espa\u00f1a tiene un territorio terrestre de unos 505.944 km2 y una extensi\u00f3n de aguas territoriales de m\u00e1s de un mill\u00f3n de km2. Con estos datos nuestro pa\u00eds aprob\u00f3 el Plan de Ordenaci\u00f3n del Espacio Mar\u00edtimo.<\/p>\n<h2>El Plan de Ordenaci\u00f3n del Espacio Mar\u00edtimo (POEM): las cinco zonas negras<\/h2>\n<p>Este plan establece <strong>en que sitios se pueden instalar aerogeneradores del tipo marino<\/strong> y tambi\u00e9n espec\u00edfica donde no se puede hacer. Para ello han dividido nuestro mar territorial en cinco zonas negras se\u00f1alando los puntos donde autorizar\u00edan la colocaci\u00f3n de estas fuentes de energ\u00eda e\u00f3lica.<\/p>\n<p>Sin embargo, te podemos adelantar que solo en el 0,46 %, lo que equivale a 5.000 km2 pueden acoger estos aparatos. Pero el caso es que nuestro pa\u00eds est\u00e1 retrasado respecto la meta que se acord\u00f3 en el Plan Nacional Integrado de Energ\u00eda y Clima de tener un gran porcentaje de la carga de Espa\u00f1a funcionando con renovables.<\/p>\n<p>Puesto que la meta es muy ambiciosa dentro de unos plazos ya de por s\u00ed dif\u00edciles de cumplir. Pero esta potencia renovable debe ser incrementada cuidando los ecosistemas y biodiversidad marina, al mismo tiempo. La primera consecuencia de este plan en la restricci\u00f3n de permisolog\u00eda de reservas de \u00e1reas marinas.<\/p>\n<p>Que tengan como objetivo construir plataformas para la generaci\u00f3n e\u00f3lica, lo que est\u00e1 vigente desde el 26 de junio de 2021. Esto hasta que el gobierno no emita la normativa que regular\u00e1 los usos del mar para este fin. Se espera que la misma vea luz, por fin, a finales de este a\u00f1o.<\/p>\n<p>Esta regulaci\u00f3n se basar\u00e1 en las recomendaciones contenidas en el POEM el cual identifica cinco Zonas de Alto Potencial para la Energ\u00eda E\u00f3lica Marina (ZAPEOM). Dentro de las mismas se definen las \u00e1reas donde se podr\u00e1n desplegar las turbinas e\u00f3licas y las que lo tendr\u00e1n prohibido por razones ambientales.<\/p>\n<p>Asimismo, en las superficies autorizadas se podr\u00e1 hacer cualquier hibridaci\u00f3n de energ\u00eda limpia. Es de hacer notar que aquellas instalaciones que tiene un <strong>fin meramente cient\u00edfico y de investigaci\u00f3n<\/strong>, de cualquier tipo de renovable, no est\u00e1n contenidas en la regulaci\u00f3n de las ZAPEOM por lo que son de libre ubicaci\u00f3n.<\/p>\n<h2>Los criterios bajo los cuales fueron definidas estas cinco zonas negras o ZAPEOM<\/h2>\n<p>Hay ciertos criterios t\u00e9cnicos que privaron al momento de escoger estas zonas negras. Asimismo, se aclara que la prohibici\u00f3n del levantamiento de un parque e\u00f3lico no se extiende al 100 % de ellas. Solo cubre aquellas \u00e1reas cuyos h\u00e1bitats marinos son muy sensibles.<\/p>\n<p>Los principales criterios contemplan un l\u00edmite de la profundidad de las aguas de 1.000 metros. Asimismo, que se encuentren en una ubicaci\u00f3n cercana a tierra firme que posea estructuras adecuaras para la transmisi\u00f3n de electricidad y que <strong>no tenga impacto sobre la vida y la biodiversidad marina<\/strong>.<\/p>\n<p>En resumen, Espa\u00f1a pretende regular la energ\u00eda limpia y renovable estableciendo cinco zonas negras en sus <a href=\"https:\/\/www.ecoticias.com\/hoyeco\/aguas-residuales-combustible-ecologico\/2311\/\">aguas<\/a> territoriales y dentro de ellas hay zonas donde estar\u00e1 prohibido hacer este tipo de instalaciones. No obstante, solo es apto para este fin el 0,46 % de la superficie mar\u00edtima.<\/p>\n","protected":false},"excerpt":{"rendered":"<p>En el marco de la energ\u00eda renovable como forma de mitigar el cambio clim\u00e1tico y evitar las emisiones de CO2 &#8230; <\/p>\n<p class=\"read-more-container\"><a title=\"Es la energ\u00eda m\u00e1s limpia, pero Espa\u00f1a la quiere prohibir: las cinco zonas negras, al descubierto\" class=\"read-more button\" href=\"https:\/\/www.ecoticias.com\/hoyeco\/energia-eolica-espana-prohibir\/10229\/#more-10229\" aria-label=\"Leer m\u00e1s sobre Es la energ\u00eda m\u00e1s limpia, pero Espa\u00f1a la quiere prohibir: las cinco zonas negras, al descubierto\">Read more<\/a><\/p>\n","protected":false},"author":6,"featured_media":10230,"comment_status":"closed","ping_status":"closed","sticky":false,"template":"","format":"standard","meta":{"footnotes":""},"categories":[5],"tags":[],"class_list":["post-10229","post","type-post","status-publish","format-standard","has-post-thumbnail","hentry","category-energia","resize-featured-image"],"_links":{"self":[{"href":"https:\/\/www.ecoticias.com\/hoyeco\/wp-json\/wp\/v2\/posts\/10229","targetHints":{"allow":["GET"]}}],"collection":[{"href":"https:\/\/www.ecoticias.com\/hoyeco\/wp-json\/wp\/v2\/posts"}],"about":[{"href":"https:\/\/www.ecoticias.com\/hoyeco\/wp-json\/wp\/v2\/types\/post"}],"author":[{"embeddable":true,"href":"https:\/\/www.ecoticias.com\/hoyeco\/wp-json\/wp\/v2\/users\/6"}],"replies":[{"embeddable":true,"href":"https:\/\/www.ecoticias.com\/hoyeco\/wp-json\/wp\/v2\/comments?post=10229"}],"version-history":[{"count":0,"href":"https:\/\/www.ecoticias.com\/hoyeco\/wp-json\/wp\/v2\/posts\/10229\/revisions"}],"wp:featuredmedia":[{"embeddable":true,"href":"https:\/\/www.ecoticias.com\/hoyeco\/wp-json\/wp\/v2\/media\/10230"}],"wp:attachment":[{"href":"https:\/\/www.ecoticias.com\/hoyeco\/wp-json\/wp\/v2\/media?parent=10229"}],"wp:term":[{"taxonomy":"category","embeddable":true,"href":"https:\/\/www.ecoticias.com\/hoyeco\/wp-json\/wp\/v2\/categories?post=10229"},{"taxonomy":"post_tag","embeddable":true,"href":"https:\/\/www.ecoticias.com\/hoyeco\/wp-json\/wp\/v2\/tags?post=10229"}],"curies":[{"name":"wp","href":"https:\/\/api.w.org\/{rel}","templated":true}]}}