{"id":1030,"date":"2024-01-08T13:30:02","date_gmt":"2024-01-08T12:30:02","guid":{"rendered":"https:\/\/ecoticias.com\/hoyeco\/?p=1030"},"modified":"2024-01-08T13:30:02","modified_gmt":"2024-01-08T12:30:02","slug":"coche-mas-vendido-suv-arrasando","status":"publish","type":"post","link":"https:\/\/www.ecoticias.com\/hoyeco\/coche-mas-vendido-suv-arrasando\/1030\/","title":{"rendered":"Este coche sigue arrasando: es el SUV m\u00e1s vendido en Espa\u00f1a por quinta vez consecutiva, y te sorprender\u00e1"},"content":{"rendered":"<p><strong>SEAT Arona<\/strong> vuelve a ser el<strong> coche SUV m\u00e1s vendido<\/strong> en <strong>Espa\u00f1a<\/strong> por quinta vez consecutiva. Su versatilidad lo lleva a la cima sin parar, siendo el que m\u00e1s \u00e9xito tiene en su categor\u00eda y obteniendo el t\u00edtulo de l\u00edder de todos los <strong>SUV<\/strong>. El rey indiscutible del mercado espa\u00f1ol son los todocaminos. Sus ventas engloban m\u00e1s de la mitad de las matriculaciones totales del pa\u00eds, siendo el <strong>m\u00e1s vendido<\/strong> el <strong>SEAT Arona<\/strong>. Este <a href=\"https:\/\/ecoticias.com\/hoyeco\/tesla-cybertruck-mejores-alternativas\/973\/\" target=\"_blank\" rel=\"noopener\"><strong>coche<\/strong><\/a> urbano lleva cinco a\u00f1os seguido liderando su segmento y en 2023 logr\u00f3 llegar a la primera posici\u00f3n absoluta quedando la lista de la siguiente manera:<\/p>\n<ul>\n<li>SEAT Arona: 21.639 unidades.<\/li>\n<li>MG ZS: 19.818 unidades.<\/li>\n<li>Peugeot 2008: 19.433 unidades.<\/li>\n<li>Hyundai Tucson: 19.097 unidades.<\/li>\n<li>Toyota C-HR: 18.478 unidades.<\/li>\n<\/ul>\n<p>Pero \u00bfqu\u00e9 tiene este <strong>SUV<\/strong> para ser el <strong>m\u00e1s vendido<\/strong>? En este art\u00edculo especializado, \u00a1te lo contamos!<\/p>\n<h2>Un coche pensado para toda la familia<\/h2>\n<p>Aun formando parte del segmento B, el<a href=\"https:\/\/ecoticias.com\/hoyeco\/coches-electricos-ayudas-pais-vasco\/974\/\" target=\"_blank\" rel=\"noopener\"><strong> coche<\/strong><\/a> de <strong>SEAT<\/strong> cuenta con un tama\u00f1o perfecto para todo tipo de conductores: 4.13 metros de largo, 1.78 metros de ancho y 1.55 metros de alto. Tiene un habit\u00e1culo amplio donde pueden viajar c\u00f3modamente cinco adultos. Ideal para los usuarios a los que les gusta hacer viajes con amigos o familias. Su maleta cuenta con 400 litros de capacidad, con hueco suficiente para transporte varios bultos. El lugar se ampl\u00eda a 1.280 litros si se abaten las plazas traseras. \u00a1Est\u00e1 todo pensado!<\/p>\n<h2>El SUV m\u00e1s vendido es \u00e1gil y din\u00e1mico<\/h2>\n<p>Su \u00f3ptima combinaci\u00f3n de tama\u00f1o y peso le permiten brindar un viaje c\u00f3modo y din\u00e1mico. Se mueve \u00e1gilmente entre el tr\u00e1fico de la ciudad y su estacionamiento es f\u00e1cil, aunque es en carreteras interurbanas donde se puede vislumbrar plenamente su dinamismo, con una respuesta precisa de la direcci\u00f3n, reacciones nobles en las curvas y una clara fluidez general. En las autopistas, responde con una correcta estabilidad, con un gasto comedido de combustible y un consumo a partir de poco m\u00e1s de 5 litros cada 100 km.<\/p>\n<h2>El coche de SEAT tiene un motor que supera cualquier expectativa<\/h2>\n<p>Entre las bondades de este <strong>coche<\/strong> de <strong>SEAT<\/strong>, encontramos que tiene una gama de motores de gasolina, pero escalonada otorgando varias alternativas para los conductores y conductoras. De esta manera, es el usuario el que termina definiendo cu\u00e1l le viene mejor para su vida diaria, \u201cun motor a la carta\u201d. Comienza con un solvente bloque 1.0 TSI de 95 CV asociado exclusivamente a una caja de cambios de seis velocidades.<\/p>\n<p>Despu\u00e9s, existe una opci\u00f3n intermedia, con un cuidado equilibrio entre rendimiento y consumo, una variante del mismo propulsor, con 110 CV. Puede combinarse con la misma transmisi\u00f3n manual o una autom\u00e1tica DSG con siete relaciones.<\/p>\n<p>Esta \u00faltima propuesta es la \u00fanica que puede vincularse con la opci\u00f3n m\u00e1s potente de la gama, el 1.5 de 150 CV, que es el que saca fuera el car\u00e1cter m\u00e1s deportivo del modelo, especialmente al activar el modo de conducci\u00f3n <em>Sport<\/em>, que potencia su respuesta ante situaciones inesperadas.<\/p>\n<h2>El coche SUV m\u00e1s vendido cuenta con un equipamiento de serie completo<\/h2>\n<p>La dotaci\u00f3n de serie de <strong>SEAT<\/strong> Arona es muy completa, a nivel tecnolog\u00eda y en materia de seguridad, incluso en su acabado m\u00e1s b\u00e1sico:<em> Reference<\/em>. Cuenta con faros LED, llantas de aleaci\u00f3n de 16 pulgadas, volante multifunci\u00f3n, pantalla central de 8.25 pulgadas, cuadro de instrumentos <em>Digital Cockpit<\/em> de 8 pulgadas, <em>SEAT Connect<\/em> y sensor de aparcamiento trasero.<\/p>\n<h2>Este es el verdadero atractivo de SEAT Arona<\/h2>\n<p>Aunque la parte t\u00e9cnica del <strong>SEAT Arona<\/strong> enamora aun a los m\u00e1s entendidos, lo que cautiva es su ajustado precio, ya que se puede encontrar por solo 19.570 euros. Por otra parte, la firma espa\u00f1ola tambi\u00e9n la ofrece con la opci\u00f3n de financiaci\u00f3n <em>SEAT Flex<\/em> desde 120 euros al mes.<\/p>\n","protected":false},"excerpt":{"rendered":"<p>SEAT Arona vuelve a ser el coche SUV m\u00e1s vendido en Espa\u00f1a por quinta vez consecutiva. Su versatilidad lo lleva &#8230; <\/p>\n<p class=\"read-more-container\"><a title=\"Este coche sigue arrasando: es el SUV m\u00e1s vendido en Espa\u00f1a por quinta vez consecutiva, y te sorprender\u00e1\" class=\"read-more button\" href=\"https:\/\/www.ecoticias.com\/hoyeco\/coche-mas-vendido-suv-arrasando\/1030\/#more-1030\" aria-label=\"Leer m\u00e1s sobre Este coche sigue arrasando: es el SUV m\u00e1s vendido en Espa\u00f1a por quinta vez consecutiva, y te sorprender\u00e1\">Read more<\/a><\/p>\n","protected":false},"author":3,"featured_media":1068,"comment_status":"closed","ping_status":"closed","sticky":false,"template":"","format":"standard","meta":{"footnotes":""},"categories":[6],"tags":[],"class_list":["post-1030","post","type-post","status-publish","format-standard","has-post-thumbnail","hentry","category-movilidad","resize-featured-image"],"_links":{"self":[{"href":"https:\/\/www.ecoticias.com\/hoyeco\/wp-json\/wp\/v2\/posts\/1030","targetHints":{"allow":["GET"]}}],"collection":[{"href":"https:\/\/www.ecoticias.com\/hoyeco\/wp-json\/wp\/v2\/posts"}],"about":[{"href":"https:\/\/www.ecoticias.com\/hoyeco\/wp-json\/wp\/v2\/types\/post"}],"author":[{"embeddable":true,"href":"https:\/\/www.ecoticias.com\/hoyeco\/wp-json\/wp\/v2\/users\/3"}],"replies":[{"embeddable":true,"href":"https:\/\/www.ecoticias.com\/hoyeco\/wp-json\/wp\/v2\/comments?post=1030"}],"version-history":[{"count":0,"href":"https:\/\/www.ecoticias.com\/hoyeco\/wp-json\/wp\/v2\/posts\/1030\/revisions"}],"wp:featuredmedia":[{"embeddable":true,"href":"https:\/\/www.ecoticias.com\/hoyeco\/wp-json\/wp\/v2\/media\/1068"}],"wp:attachment":[{"href":"https:\/\/www.ecoticias.com\/hoyeco\/wp-json\/wp\/v2\/media?parent=1030"}],"wp:term":[{"taxonomy":"category","embeddable":true,"href":"https:\/\/www.ecoticias.com\/hoyeco\/wp-json\/wp\/v2\/categories?post=1030"},{"taxonomy":"post_tag","embeddable":true,"href":"https:\/\/www.ecoticias.com\/hoyeco\/wp-json\/wp\/v2\/tags?post=1030"}],"curies":[{"name":"wp","href":"https:\/\/api.w.org\/{rel}","templated":true}]}}