{"id":10317,"date":"2024-09-09T15:00:12","date_gmt":"2024-09-09T13:00:12","guid":{"rendered":"https:\/\/www.ecoticias.com\/hoyeco\/?p=10317"},"modified":"2024-09-09T15:00:12","modified_gmt":"2024-09-09T13:00:12","slug":"bmw-toyota-toyota-motor-futurista","status":"publish","type":"post","link":"https:\/\/www.ecoticias.com\/hoyeco\/bmw-toyota-toyota-motor-futurista\/10317\/","title":{"rendered":"BMW tiene los el\u00e9ctricos y Toyota el hidr\u00f3geno: ahora se han aliado por el motor m\u00e1s futurista de la historia"},"content":{"rendered":"<p>La lucha contra el cambio clim\u00e1tico nos compete a todos y as\u00ed lo han entendido los grandes fabricantes de coches, los cuales han establecido alianzas para tal efecto. Como esta de BMW y Toyota, que se han aliado, poniendo una la tecnolog\u00eda de el\u00e9ctricos y la otra la del <a href=\"https:\/\/www.ecoticias.com\/hoyeco\/saleen-motor-de-hidrogeno-solution-f\/9952\/\">hidr\u00f3geno<\/a> para crear un motor futurista.<\/p>\n<h2>Toyota y BMW: alianza para el dise\u00f1o de un motor conjunto<\/h2>\n<p>Las colaboraciones entre estos dos gigantes del dise\u00f1o automotriz, ahora enfocados en el <strong>desarrollo de tecnolog\u00eda sostenible para coches<\/strong>, siempre han sido muy fruct\u00edferas. Recuerda en la que resucitaron al aquel deportivo Supra de Munich con su m\u00e1quina en l\u00ednea de seis cilindros.<\/p>\n<p>Ahora nuevamente se han aliado, esta vez para el dise\u00f1o desde cero de un motor que, seg\u00fan lo planeado, ser\u00e1 el m\u00e1s futurista hasta ahora. Para ello utilizar\u00e1n sus respectivos avances en cuanto a la electricidad por parte de BMW y del hidr\u00f3geno por parte de Toyota, los cuales unir\u00e1n con este \u00fanico objetivo com\u00fan.<\/p>\n<h2>La tecnolog\u00eda del hidr\u00f3geno como combustible: una prioridad<\/h2>\n<p>El uso del hidr\u00f3geno como <strong>combustible alternativo para impulsar los coches h\u00edbridos<\/strong> es la prioridad de esta alianza. Para ello, la parte el\u00e9ctrica est\u00e1 integrada en forma de una pila de combustible en la cual llevan varios a\u00f1os de investigaci\u00f3n conjunta entre las empresas Toyota y BMW.<\/p>\n<p>Por lo tanto, se puede decir que esta colaboraci\u00f3n, por lo menos en la pr\u00e1ctica, siempre ha prevalecido. Por lo que el memor\u00e1ndum de entendimiento que firmar\u00e1n este 5 de septiembre es una mera formalidad de compromiso para un trabajo en conjunto en el \u00e1rea de la movilidad.<\/p>\n<p>En este sentido, la creaci\u00f3n de un motor, montado en un coche h\u00edbrido, que sea de cero emisiones de gases de efecto invernadero y use un combustible sostenible como el hidr\u00f3geno es la prioridad de esta colaboraci\u00f3n. La misma estar\u00e1 basada en una pila de combustible de hidr\u00f3geno de gran potencia.<\/p>\n<p>Debes saber que esta pila de combustible consiste en un sistema que genera electricidad mediante un proceso conocido como electr\u00f3lisis donde separa el hidr\u00f3geno del ox\u00edgeno. Posteriormente, usa esta energ\u00eda para la puesta en movimiento de un motor el\u00e9ctrico.<\/p>\n<p>Cuya potencia se suma a la del que funciona por combusti\u00f3n, aunque tiene una autonom\u00eda que es limitada solo operando con electricidad. La energ\u00eda excedente que no se consume es almacenada en una bater\u00eda que, por lo general, es de menor capacidad que la de un veh\u00edculo el\u00e9ctrico convencional.<\/p>\n<p>Este almacenamiento es posible realizarlo puesto que la electricidad generada es del tipo DC. Dentro de los coches que funcionan con esta tecnolog\u00eda de pila de combustible de hidr\u00f3geno, est\u00e1n el iX5 presentado al a\u00f1o pasado por BMW y Toyota tiene el Mirei que es un sed\u00e1n muy exclusivo, que posee buenas prestaciones.<\/p>\n<p>En la actualidad, los autom\u00f3viles a hidr\u00f3geno <strong>a\u00fan no han calado en el gusto de los usuarios europeos<\/strong>. Se calcula que se han vendido apenas unos 60 000 coches con esta tecnolog\u00eda. Lo cual se debe a sus altos costos y no contar con una estructura de distribuci\u00f3n de este gas que sea s\u00f3lida y confiable.<\/p>\n<h2>Coche a hidr\u00f3geno o el\u00e9ctrico \u00bfcu\u00e1l es mejor?<\/h2>\n<p>Hasta ahora <strong>la competencia ha estado bastante pareja<\/strong>, pero con esta alianza que est\u00e1 dise\u00f1ando un motor a hidr\u00f3geno que es futurista, la balanza se inclina hacia este combustible. Puesto que la m\u00e1quina tendr\u00e1 excelentes prestaciones. Esto lo decimos basados en las tecnolog\u00edas que est\u00e1n involucradas.<\/p>\n<p>En conclusi\u00f3n, la alianza entre BMW y la Toyota dar\u00e1 como fruto el motor m\u00e1s futurista de la historia al combinar la tecnolog\u00eda del hidr\u00f3geno de esta \u00faltima con la el\u00e9ctrica de la primera. De esta forma, obtendr\u00e1n una <a href=\"https:\/\/www.ecoticias.com\/hoyeco\/nuevo-motor-raptor-3-space-x-musk\/9625\/\">maquinaria<\/a> que ser\u00e1 la sensaci\u00f3n del sector.<\/p>\n","protected":false},"excerpt":{"rendered":"<p>La lucha contra el cambio clim\u00e1tico nos compete a todos y as\u00ed lo han entendido los grandes fabricantes de coches, &#8230; <\/p>\n<p class=\"read-more-container\"><a title=\"BMW tiene los el\u00e9ctricos y Toyota el hidr\u00f3geno: ahora se han aliado por el motor m\u00e1s futurista de la historia\" class=\"read-more button\" href=\"https:\/\/www.ecoticias.com\/hoyeco\/bmw-toyota-toyota-motor-futurista\/10317\/#more-10317\" aria-label=\"Leer m\u00e1s sobre BMW tiene los el\u00e9ctricos y Toyota el hidr\u00f3geno: ahora se han aliado por el motor m\u00e1s futurista de la historia\">Read more<\/a><\/p>\n","protected":false},"author":6,"featured_media":10486,"comment_status":"closed","ping_status":"closed","sticky":false,"template":"","format":"standard","meta":{"footnotes":""},"categories":[6],"tags":[],"class_list":["post-10317","post","type-post","status-publish","format-standard","has-post-thumbnail","hentry","category-movilidad","resize-featured-image"],"_links":{"self":[{"href":"https:\/\/www.ecoticias.com\/hoyeco\/wp-json\/wp\/v2\/posts\/10317","targetHints":{"allow":["GET"]}}],"collection":[{"href":"https:\/\/www.ecoticias.com\/hoyeco\/wp-json\/wp\/v2\/posts"}],"about":[{"href":"https:\/\/www.ecoticias.com\/hoyeco\/wp-json\/wp\/v2\/types\/post"}],"author":[{"embeddable":true,"href":"https:\/\/www.ecoticias.com\/hoyeco\/wp-json\/wp\/v2\/users\/6"}],"replies":[{"embeddable":true,"href":"https:\/\/www.ecoticias.com\/hoyeco\/wp-json\/wp\/v2\/comments?post=10317"}],"version-history":[{"count":0,"href":"https:\/\/www.ecoticias.com\/hoyeco\/wp-json\/wp\/v2\/posts\/10317\/revisions"}],"wp:featuredmedia":[{"embeddable":true,"href":"https:\/\/www.ecoticias.com\/hoyeco\/wp-json\/wp\/v2\/media\/10486"}],"wp:attachment":[{"href":"https:\/\/www.ecoticias.com\/hoyeco\/wp-json\/wp\/v2\/media?parent=10317"}],"wp:term":[{"taxonomy":"category","embeddable":true,"href":"https:\/\/www.ecoticias.com\/hoyeco\/wp-json\/wp\/v2\/categories?post=10317"},{"taxonomy":"post_tag","embeddable":true,"href":"https:\/\/www.ecoticias.com\/hoyeco\/wp-json\/wp\/v2\/tags?post=10317"}],"curies":[{"name":"wp","href":"https:\/\/api.w.org\/{rel}","templated":true}]}}