{"id":10349,"date":"2024-09-14T14:30:36","date_gmt":"2024-09-14T12:30:36","guid":{"rendered":"https:\/\/www.ecoticias.com\/hoyeco\/?p=10349"},"modified":"2024-09-14T14:30:36","modified_gmt":"2024-09-14T12:30:36","slug":"energia-fotovoltaica-espana","status":"publish","type":"post","link":"https:\/\/www.ecoticias.com\/hoyeco\/energia-fotovoltaica-espana\/10349\/","title":{"rendered":"Espa\u00f1a lleva 4 meses produciendo energ\u00eda en el espacio: 5200 GWh y el mundo entero en vilo"},"content":{"rendered":"<p>La energ\u00eda solar es una fuente que proviene del espacio pero que es gratuita, abundante y sostenible. Debido a esto, la producci\u00f3n solar en Espa\u00f1a hace que el mundo est\u00e9 en vilo por las excelentes cifras alcanzadas durante este a\u00f1o. Veamos cu\u00e1l es la posici\u00f3n de esta forma de <a href=\"https:\/\/www.ecoticias.com\/hoyeco\/panel-solar-einstein-1000-potente\/9836\/\">electricidad<\/a> frente a otras.<\/p>\n<h2>La energ\u00eda fotovoltaica viene del espacio a posicionarse entre las primeras<\/h2>\n<p>Todo comenz\u00f3 en mayo de este 2024 cuando la energ\u00eda solar se posicion\u00f3 en <strong>el primer lugar en porcentaje de la utilizada en Espa\u00f1a<\/strong>. Pero lo mejor estaba por venir, porque por cuarto mes consecutivo mantiene esta posici\u00f3n, as\u00ed que no es casualidad. Y por lo visto, esta tendencia se mantendr\u00e1 este verano.<\/p>\n<p>Puesto que es bien sabido que durante los meses estivales el sol es m\u00e1s radiante para hacerla la fuente m\u00e1s grande de electricidad en Espa\u00f1a. En este sentido, y de acuerdo a la informaci\u00f3n aportada por Red El\u00e9ctrica de nuestro pa\u00eds, se han generado y consumido la friolera de 5.200 GWh. \u00a1Todo un r\u00e9cord!<\/p>\n<h2>Los n\u00fameros del mix el\u00e9ctrico en Espa\u00f1a: una cantidad impresionante que deja ver una clara tendencia<\/h2>\n<p>Seg\u00fan este dato, la energ\u00eda solar est\u00e1 en camino a producir el <strong>25 % de la electricidad que consume la pen\u00ednsula Ib\u00e9rica<\/strong>. Lo cual es tendencia por cuatro meses consecutivos y a falta de los datos del mes de agosto, pero que parecieran que van a se\u00f1alar otro r\u00e9cord para la generaci\u00f3n fotovoltaica.<\/p>\n<p>Lo interesante es que estos n\u00fameros superan a otras formas de generaci\u00f3n el\u00e9ctrica como la e\u00f3lica, nuclear y ciclos combinados. Mientras que la solar, en el \u00faltimo mes, lleg\u00f3 al 23,1 % del total consumido, la de origen nuclear fue la que le lleg\u00f3 m\u00e1s cerca con un 21,7 %, lo que significa 4.927 GWh.<\/p>\n<p>Mientras que la e\u00f3lica cay\u00f3 a un tercer lugar algo lejano con el 16,6 % o 3.778 GWh, lo que es su peor momento en lo que va de a\u00f1o. Este n\u00famero es aproximadamente dos tercios de su producci\u00f3n en el mes de febrero. Por \u00faltimo, est\u00e1n los ciclos combinados, los cuales aumentaron aprovechando la ca\u00edda de la energ\u00eda e\u00f3lica.<\/p>\n<p>Con todo, solo llegaron al 14,4 % para una generaci\u00f3n total de 3.286 GWh. Como dato importante en la lucha contra el cambio clim\u00e1tico que mantiene Espa\u00f1a, destaca que la electricidad que proviene de fuentes renovables se ubica en el 52,8 %. A pesar de que este, parad\u00f3jicamente, es el segundo n\u00famero m\u00e1s bajo.<\/p>\n<p>Que ha mostrado la generaci\u00f3n renovable, contado desde el mes de enero de este a\u00f1o. Sin embargo, a partir de este mismo mes se ha <strong>generado el 58% de la electricidad del pa\u00eds<\/strong>. Esto sumando todas las tecnolog\u00edas limpias, incluyendo la nuclear que igualmente se considera sostenible.<\/p>\n<p>Todo lo cual son muy buenas noticias en aras de conseguir una atm\u00f3sfera m\u00e1s limpia y sin emisiones de gases de efecto invernadero. Otro punto muy importante es que se han mejorado los sistemas de almacenamiento de energ\u00eda solar para su aprovechamiento en periodos de baja producci\u00f3n.<\/p>\n<h2>La fotovoltaica no deja de crecer mes a mes: esta es la cifra actual<\/h2>\n<p>Esta energ\u00eda <strong>tiene un crecimiento sostenido<\/strong>. Gracias al cual lleva cuatro meses ostentando la posici\u00f3n de honor frente a otros tipos de generaci\u00f3n. Y aunque siempre hab\u00eda estado entre las de mayor producci\u00f3n, nunca hab\u00eda sido la primera y es una tendencia que no ser\u00e1 f\u00e1cil de revertir.<\/p>\n<p>Un factor que ha resultado definitivo es el gran impulso que el gobierno le ha dado a la instalaci\u00f3n de plantas fotovoltaicas en toda la naci\u00f3n. De acuerdo a Red El\u00e9ctrica, esta clase de electricidad tiene 27 885 MW instalados, lo que la convierte en la segunda tecnolog\u00eda en potencia conectada a la red.<\/p>\n<p>En conclusi\u00f3n, la energ\u00eda <a href=\"https:\/\/www.ecoticias.com\/hoyeco\/panel-solar-impensable-ciencia\/10012\/\">solar<\/a> se ha erigido como la m\u00e1s importante en Espa\u00f1a; lleva 4 meses siendo la primera con 5200 GWh y es seguro que los pr\u00f3ximos meses se mantendr\u00e1 esta tendencia. Por lo que el mundo est\u00e1 en vilo y a la expectativa con esta electricidad que proviene del espacio.<\/p>\n","protected":false},"excerpt":{"rendered":"<p>La energ\u00eda solar es una fuente que proviene del espacio pero que es gratuita, abundante y sostenible. Debido a esto, &#8230; <\/p>\n<p class=\"read-more-container\"><a title=\"Espa\u00f1a lleva 4 meses produciendo energ\u00eda en el espacio: 5200 GWh y el mundo entero en vilo\" class=\"read-more button\" href=\"https:\/\/www.ecoticias.com\/hoyeco\/energia-fotovoltaica-espana\/10349\/#more-10349\" aria-label=\"Leer m\u00e1s sobre Espa\u00f1a lleva 4 meses produciendo energ\u00eda en el espacio: 5200 GWh y el mundo entero en vilo\">Read more<\/a><\/p>\n","protected":false},"author":6,"featured_media":10350,"comment_status":"closed","ping_status":"closed","sticky":false,"template":"","format":"standard","meta":{"footnotes":""},"categories":[5],"tags":[],"class_list":["post-10349","post","type-post","status-publish","format-standard","has-post-thumbnail","hentry","category-energia","resize-featured-image"],"_links":{"self":[{"href":"https:\/\/www.ecoticias.com\/hoyeco\/wp-json\/wp\/v2\/posts\/10349","targetHints":{"allow":["GET"]}}],"collection":[{"href":"https:\/\/www.ecoticias.com\/hoyeco\/wp-json\/wp\/v2\/posts"}],"about":[{"href":"https:\/\/www.ecoticias.com\/hoyeco\/wp-json\/wp\/v2\/types\/post"}],"author":[{"embeddable":true,"href":"https:\/\/www.ecoticias.com\/hoyeco\/wp-json\/wp\/v2\/users\/6"}],"replies":[{"embeddable":true,"href":"https:\/\/www.ecoticias.com\/hoyeco\/wp-json\/wp\/v2\/comments?post=10349"}],"version-history":[{"count":0,"href":"https:\/\/www.ecoticias.com\/hoyeco\/wp-json\/wp\/v2\/posts\/10349\/revisions"}],"wp:featuredmedia":[{"embeddable":true,"href":"https:\/\/www.ecoticias.com\/hoyeco\/wp-json\/wp\/v2\/media\/10350"}],"wp:attachment":[{"href":"https:\/\/www.ecoticias.com\/hoyeco\/wp-json\/wp\/v2\/media?parent=10349"}],"wp:term":[{"taxonomy":"category","embeddable":true,"href":"https:\/\/www.ecoticias.com\/hoyeco\/wp-json\/wp\/v2\/categories?post=10349"},{"taxonomy":"post_tag","embeddable":true,"href":"https:\/\/www.ecoticias.com\/hoyeco\/wp-json\/wp\/v2\/tags?post=10349"}],"curies":[{"name":"wp","href":"https:\/\/api.w.org\/{rel}","templated":true}]}}