{"id":10435,"date":"2024-09-12T15:00:09","date_gmt":"2024-09-12T13:00:09","guid":{"rendered":"https:\/\/www.ecoticias.com\/hoyeco\/?p=10435"},"modified":"2024-09-12T15:00:09","modified_gmt":"2024-09-12T13:00:09","slug":"motor-hidrogeno-sabiamos-opel","status":"publish","type":"post","link":"https:\/\/www.ecoticias.com\/hoyeco\/motor-hidrogeno-sabiamos-opel\/10435\/","title":{"rendered":"Este motor de hidr\u00f3geno ha acabado con todo lo que sab\u00edamos: no es de Volkswagen ni de Toyota"},"content":{"rendered":"<p>Con el fin de cumplir con los compromisos adquiridos con la <a href=\"https:\/\/www.ecoticias.com\/hoyeco\/escasez-de-materias-primas\/5597\/\">Uni\u00f3n Europea<\/a>, los pa\u00edses y fabricantes de coches se han aliado para el dise\u00f1o de m\u00e1quinas que usen combustibles ecol\u00f3gicos. Como este motor que usa hidr\u00f3geno y es altamente sostenible. No es de Toyota ni de Volkswagen, es innovador y muy potente.<\/p>\n<h2>El coche que posee un motor impulsado por una pila de hidr\u00f3geno<\/h2>\n<p>El IAA Transportation 2024, que es un evento que se celebrar\u00e1 en Hannover, Alemania, del 16 al 22 de septiembre y en el cual los fabricantes presentar\u00e1n sus innovaciones en veh\u00edculos. Este ha sido elegido por la marca alemana Opel que pertenece a Stellantis para la presentaci\u00f3n de su <strong>nuevo coche Movano Hydrogen<\/strong>.<\/p>\n<p>Este producto es el de mayor tama\u00f1o de su oferta en autom\u00f3viles ligeros comerciales. Asimismo, presenta muchas ventajas como una autonom\u00eda de su motor que llega a los 500 kil\u00f3metros de acuerdo al ciclo WLTP y el tiempo que tarda en recargar hidrogeno como combustible, es de un promedio de cinco minutos.<\/p>\n<h2>Las caracter\u00edsticas de esta m\u00e1quina a hidr\u00f3geno y el coche que la equipa<\/h2>\n<p>Este es un motor muy poderoso y vers\u00e1til puesto que es capaz de desarrollar un par m\u00e1ximo de 410 Nm con 110 kW. Tambi\u00e9n incluye una bater\u00eda de Ion de Litio de 11 kWh de capacidad la cual ofrece asistencia adicional al proceso de aceleraci\u00f3n y frenado. <strong>Por lo que el sistema de combustible est\u00e1 muy optimizado<\/strong>.<\/p>\n<p>Por otra parte, posee una peque\u00f1a maquinaria que opera como generador el cual toma la energ\u00eda utilizada en el frenado recuper\u00e1ndola, transform\u00e1ndola en electricidad y, finalmente, inyecta esta carga a la bater\u00eda. El fabricante se\u00f1ala que tanto los tanques de hidr\u00f3geno como la propulsi\u00f3n est\u00e1n alojados en una superficie reducida.<\/p>\n<p>De tal forma que queda mayor espacio \u00fatil en el coche para la carga. En la versi\u00f3n m\u00e1s grande, del Movano Hydrogen, el volumen para la carga es de 17 metros c\u00fabicos y, en peso, puede llevar hasta unos 1.370 kilogramos en carga \u00fatil. Esto ser\u00eda adicional al peso de los pasajeros y del conductor.<\/p>\n<p>Adicionalmente, este motor est\u00e1 hecho con materiales muy livianos lo que lo hace muy ligero. Tambi\u00e9n es muy compacto y de peque\u00f1as dimensiones. Lo que conlleva a que el veh\u00edculo sea m\u00e1s bajo y de l\u00edneas m\u00e1s suaves y aerodin\u00e1micas que ofrecen menor resistencia al aire d\u00e1ndole una ayuda adicional en su desplazamiento.<\/p>\n<p>Por otro lado, si bien no es una m\u00e1quina para un coche deportivo si presenta algunas cifras interesantes como su capacidad de 6.000 revoluciones por minuto y est\u00e1 asistido por un motor el\u00e9ctrico para las ruedas delanteras y otro que impulsa el eje trasero. Viene con caja de cambios autom\u00e1tica y manual.<\/p>\n<h2>Otros coches a presentar por Opel en este evento<\/h2>\n<p>La IAA Transportation 2024 servir\u00e1 de escenario para presentaci\u00f3n de <strong>otros nuevos modelos creados por Opel<\/strong> equipados con este motor. El primero es el Opel Combo, una furgoneta que muestra un dise\u00f1o de frontal m\u00e1s bajo con la marca Opel Vizor. El mismo posee una autonom\u00eda de hasta 354 kil\u00f3metros en ciclo WLTP.<\/p>\n<p>Adem\u00e1s, trae la nueva Intell \u2013 Lux, que es un estilo de luz matricial que no provoca deslumbramiento. El segundo es un modelo m\u00e1s compacto llamado Opel Rocks que incluye el kit Kargo especial. El mismo le da un volumen de carga que es divisible por m\u00f3dulos. Su autonom\u00eda se ubica cerca de los 400 kil\u00f3metros.<\/p>\n<p>Concluyendo, el motor de <a href=\"https:\/\/www.ecoticias.com\/hoyeco\/saleen-motor-de-hidrogeno-solution-f\/9952\/\">hidr\u00f3geno<\/a> presentado por la alemana Opel nos ha hecho replantearnos todo lo que sab\u00edamos de esta tecnolog\u00eda con las marcas Volkswagen y Toyota. Por las m\u00faltiples y mejoradas prestaciones que ofrece en sus coches de \u00faltima generaci\u00f3n. Solo nos quedar\u00eda probar estas bestias.<\/p>\n","protected":false},"excerpt":{"rendered":"<p>Con el fin de cumplir con los compromisos adquiridos con la Uni\u00f3n Europea, los pa\u00edses y fabricantes de coches se &#8230; <\/p>\n<p class=\"read-more-container\"><a title=\"Este motor de hidr\u00f3geno ha acabado con todo lo que sab\u00edamos: no es de Volkswagen ni de Toyota\" class=\"read-more button\" href=\"https:\/\/www.ecoticias.com\/hoyeco\/motor-hidrogeno-sabiamos-opel\/10435\/#more-10435\" aria-label=\"Leer m\u00e1s sobre Este motor de hidr\u00f3geno ha acabado con todo lo que sab\u00edamos: no es de Volkswagen ni de Toyota\">Read more<\/a><\/p>\n","protected":false},"author":6,"featured_media":10436,"comment_status":"closed","ping_status":"closed","sticky":false,"template":"","format":"standard","meta":{"footnotes":""},"categories":[6],"tags":[],"class_list":["post-10435","post","type-post","status-publish","format-standard","has-post-thumbnail","hentry","category-movilidad","resize-featured-image"],"_links":{"self":[{"href":"https:\/\/www.ecoticias.com\/hoyeco\/wp-json\/wp\/v2\/posts\/10435","targetHints":{"allow":["GET"]}}],"collection":[{"href":"https:\/\/www.ecoticias.com\/hoyeco\/wp-json\/wp\/v2\/posts"}],"about":[{"href":"https:\/\/www.ecoticias.com\/hoyeco\/wp-json\/wp\/v2\/types\/post"}],"author":[{"embeddable":true,"href":"https:\/\/www.ecoticias.com\/hoyeco\/wp-json\/wp\/v2\/users\/6"}],"replies":[{"embeddable":true,"href":"https:\/\/www.ecoticias.com\/hoyeco\/wp-json\/wp\/v2\/comments?post=10435"}],"version-history":[{"count":0,"href":"https:\/\/www.ecoticias.com\/hoyeco\/wp-json\/wp\/v2\/posts\/10435\/revisions"}],"wp:featuredmedia":[{"embeddable":true,"href":"https:\/\/www.ecoticias.com\/hoyeco\/wp-json\/wp\/v2\/media\/10436"}],"wp:attachment":[{"href":"https:\/\/www.ecoticias.com\/hoyeco\/wp-json\/wp\/v2\/media?parent=10435"}],"wp:term":[{"taxonomy":"category","embeddable":true,"href":"https:\/\/www.ecoticias.com\/hoyeco\/wp-json\/wp\/v2\/categories?post=10435"},{"taxonomy":"post_tag","embeddable":true,"href":"https:\/\/www.ecoticias.com\/hoyeco\/wp-json\/wp\/v2\/tags?post=10435"}],"curies":[{"name":"wp","href":"https:\/\/api.w.org\/{rel}","templated":true}]}}