{"id":10454,"date":"2024-09-09T16:30:58","date_gmt":"2024-09-09T14:30:58","guid":{"rendered":"https:\/\/www.ecoticias.com\/hoyeco\/?p=10454"},"modified":"2024-09-09T16:30:58","modified_gmt":"2024-09-09T14:30:58","slug":"espana-isla-historia-curiosa-sirena","status":"publish","type":"post","link":"https:\/\/www.ecoticias.com\/hoyeco\/espana-isla-historia-curiosa-sirena\/10454\/","title":{"rendered":"Espa\u00f1a conoce por fin la isla m\u00e1s extra\u00f1a de la historia: una curiosa sirena, sin poblaci\u00f3n y 1000 a\u00f1os de historia"},"content":{"rendered":"<p>La pen\u00ednsula posee territorios muy hermosos en el mar y la tierra donde sus bellezas naturales como <a href=\"https:\/\/www.ecoticias.com\/hoyeco\/el-caribe-espanol-corralejo\/7738\/\">playas<\/a> y monumentos hacen que sus visitantes y turistas se maravillen, Siguiendo esta l\u00ednea te presentamos una isla que es paradisiaca, con m\u00e1s de 1.000 a\u00f1os de historia y que posee una curiosa sirena.<\/p>\n<h2>Una isla que es un para\u00edso terrenal poco conocido<\/h2>\n<p>Forma parte del Parque Nacional Mar\u00edtimo-Terrestre de las Islas Atl\u00e1nticas que se encuentra en la l\u00ednea costera de Galicia. Es un tesoro escondido y desconocido para los turistas que prefieren ir a las vecinas Ons y Cies. Estamos hablando de la isla de S\u00e1lvora, que es la <strong>m\u00e1s grande de un peque\u00f1o archipi\u00e9lago<\/strong>.<\/p>\n<p>El que tambi\u00e9n comprende los islotes de Noro, Sagre y Vionta. Su extensi\u00f3n es de unas 190 hect\u00e1reas y tiene una estrat\u00e9gica ubicaci\u00f3n justo en la entrada de la r\u00eda Arousa en el municipio coru\u00f1\u00e9s llamado Ribeira. Aunque actualmente est\u00e1 deshabitada brinda a sus visitantes un encanto muy singular y tranquilo.<\/p>\n<h2>Tiene una historia muy interesante y playas paradis\u00edacas<\/h2>\n<p>En la edad media, esta isla era <strong>refugio de bucaneros, corsarios y piratas<\/strong> hasta que en el a\u00f1o 899 fue donada, por el rey Alfonso II, al Cabildo Catedralicio de Santiago. Despu\u00e9s, y por siglos, fue propiedad de varias familias de nobles entre las que se cuentan los Otero Goyanes y los Mari\u00f1o.<\/p>\n<p>En los principios del siglo XX este territorio pas\u00f3 a formar parte del Estado, sin embargo, en 1958 paso nuevamente a manos de la familia Otero Goyanes quien llev\u00f3 a cabo numerosas renovaciones y construcciones. Como una taberna, el faro y el edificio de salaz\u00f3n de pescado. Pero, progresivamente la fueron abandonando.<\/p>\n<p>Posteriormente, en el a\u00f1o 2007 fue otra vez a manos gubernamentales a trav\u00e9s del Ministerio de Medio Ambiente de Espa\u00f1a quien la adquiri\u00f3 por 8,5 millones de euros. Realizaron arduas tareas de reformaci\u00f3n y recuperaci\u00f3n de sus estructuras y la abrieron al p\u00fablico en el a\u00f1o 2010.<\/p>\n<p>S\u00e1lvora cuenta con tres playas que poseen una arena muy blanca y fina aunque solo una es accesible para disfrutarla y es la playa del Almac\u00e9n. Este bello arenal tiene un entorno y paisaje de ensue\u00f1o complementado con aguas cristalinas que poseen una temperatura muy agradable para el disfrute de todos.<\/p>\n<p>Pero aparte de ella, se pueden admirar monumentos emblem\u00e1ticos como los restos de la aldea, donde en el siglo XVII viv\u00edan unas 60 personas, una taberna con decoraci\u00f3n marina, la capilla de Santa Catalina y el faro de S\u00e1lvora que se encuentra en la punta Besugueiros. No obstante, <strong>ten en cuenta que est\u00e1 deshabitada<\/strong>.<\/p>\n<p>Igualmente, puedes visitar el Pazo Residencial que era una f\u00e1brica de secado y salaz\u00f3n de pescado que fue erigida por Jer\u00f3nimo de Hijosa, un empresario coru\u00f1\u00e9s, en 1770. Esta edificaci\u00f3n fue restaurada y convertida en un museo. Tambi\u00e9n puedes admirar la escultura de la sirena de la isla.<\/p>\n<h2>La leyenda de la sirena Mari\u00f1a y c\u00f3mo llegar a S\u00e1lvora<\/h2>\n<p>La estatua fue erigida por Joaqu\u00edn Otero Goyanes. La leyenda cuenta que un caballero franc\u00e9s de nombre Don Froilaz se traslad\u00f3 a esta isla y se enamor\u00f3 de una sirena muda llamada Mari\u00f1a. Tuvieron un hijo que le pusieron Mari\u00f1o. Don Froilaz hace que ella hable asust\u00e1ndola haci\u00e9ndola creer <strong>que su peque\u00f1o se ca\u00eda en una hoguera<\/strong>.<\/p>\n<p>A este para\u00edso se puede llegar solo en barco, para ello puedes contratar los servicios de visitas guiadas de alguna de las muchas navieras que hay. Se recomienda ir durante los meses de julio a septiembre. Las naves suelen partir desde Portonovo, Sanxenxo, O Grove y Santa Eugenia de Ribeira.<\/p>\n<p>Concluyendo, la isla de S\u00e1lvora es un <a href=\"https:\/\/www.ecoticias.com\/hoyeco\/playa-de-orellana-bandera-azul\/10215\/\">para\u00edso<\/a> poco conocido por todos as\u00ed que puedes visitarla con tranquilidad. Para disfrutar de su playa, conociendo su interesante historia de m\u00e1s de 1.000 a\u00f1os y admirar la estatua de la sirena Mari\u00f1a que te trasladar\u00e1 a un mundo de fantas\u00eda y leyenda.<\/p>\n","protected":false},"excerpt":{"rendered":"<p>La pen\u00ednsula posee territorios muy hermosos en el mar y la tierra donde sus bellezas naturales como playas y monumentos &#8230; <\/p>\n<p class=\"read-more-container\"><a title=\"Espa\u00f1a conoce por fin la isla m\u00e1s extra\u00f1a de la historia: una curiosa sirena, sin poblaci\u00f3n y 1000 a\u00f1os de historia\" class=\"read-more button\" href=\"https:\/\/www.ecoticias.com\/hoyeco\/espana-isla-historia-curiosa-sirena\/10454\/#more-10454\" aria-label=\"Leer m\u00e1s sobre Espa\u00f1a conoce por fin la isla m\u00e1s extra\u00f1a de la historia: una curiosa sirena, sin poblaci\u00f3n y 1000 a\u00f1os de historia\">Read more<\/a><\/p>\n","protected":false},"author":6,"featured_media":10455,"comment_status":"closed","ping_status":"closed","sticky":false,"template":"","format":"standard","meta":{"footnotes":""},"categories":[2],"tags":[],"class_list":["post-10454","post","type-post","status-publish","format-standard","has-post-thumbnail","hentry","category-actualidad","resize-featured-image"],"_links":{"self":[{"href":"https:\/\/www.ecoticias.com\/hoyeco\/wp-json\/wp\/v2\/posts\/10454","targetHints":{"allow":["GET"]}}],"collection":[{"href":"https:\/\/www.ecoticias.com\/hoyeco\/wp-json\/wp\/v2\/posts"}],"about":[{"href":"https:\/\/www.ecoticias.com\/hoyeco\/wp-json\/wp\/v2\/types\/post"}],"author":[{"embeddable":true,"href":"https:\/\/www.ecoticias.com\/hoyeco\/wp-json\/wp\/v2\/users\/6"}],"replies":[{"embeddable":true,"href":"https:\/\/www.ecoticias.com\/hoyeco\/wp-json\/wp\/v2\/comments?post=10454"}],"version-history":[{"count":0,"href":"https:\/\/www.ecoticias.com\/hoyeco\/wp-json\/wp\/v2\/posts\/10454\/revisions"}],"wp:featuredmedia":[{"embeddable":true,"href":"https:\/\/www.ecoticias.com\/hoyeco\/wp-json\/wp\/v2\/media\/10455"}],"wp:attachment":[{"href":"https:\/\/www.ecoticias.com\/hoyeco\/wp-json\/wp\/v2\/media?parent=10454"}],"wp:term":[{"taxonomy":"category","embeddable":true,"href":"https:\/\/www.ecoticias.com\/hoyeco\/wp-json\/wp\/v2\/categories?post=10454"},{"taxonomy":"post_tag","embeddable":true,"href":"https:\/\/www.ecoticias.com\/hoyeco\/wp-json\/wp\/v2\/tags?post=10454"}],"curies":[{"name":"wp","href":"https:\/\/api.w.org\/{rel}","templated":true}]}}