{"id":10467,"date":"2024-09-13T15:30:07","date_gmt":"2024-09-13T13:30:07","guid":{"rendered":"https:\/\/www.ecoticias.com\/hoyeco\/?p=10467"},"modified":"2024-09-13T15:30:07","modified_gmt":"2024-09-13T13:30:07","slug":"espana-energia-mundo-nucleares","status":"publish","type":"post","link":"https:\/\/www.ecoticias.com\/hoyeco\/espana-energia-mundo-nucleares\/10467\/","title":{"rendered":"Espa\u00f1a, ba\u00f1ada en oro con la energ\u00eda que el mundo busca: ha producido m\u00e1s que todas las nucleares juntas"},"content":{"rendered":"<p>Bajo la prioridad de usar fuentes energ\u00e9ticas renovables, <a href=\"https:\/\/www.ecoticias.com\/hoyeco\/espana-energia-cluster-maestrazgo\/10201\/\">Espa\u00f1a<\/a> ha sido pionera en la construcci\u00f3n de grandes plantas que aportan energ\u00eda sostenible y ecol\u00f3gica en su lucha contra el cambio clim\u00e1tico. Aqu\u00ed te presentamos el fruto de este proceso donde ha producido m\u00e1s que todas sus centrales nucleares juntas.<\/p>\n<h2>El mes de agosto de 2024: 31 d\u00edas para la historia<\/h2>\n<p>De acuerdo a los datos aportados por REData, que es la web oficial informativa de la empresa Red El\u00e9ctrica de Espa\u00f1a (REE) que es el administrador y ejecutor de la red el\u00e9ctrica de nuestro pa\u00eds, este mes de agosto de 2024 pasa a los anales de la historia.<\/p>\n<p>Como el primero donde la generaci\u00f3n y uso de energ\u00eda renovable <strong>super\u00f3 a la producida de forma convencional en la que se queman combustibles f\u00f3siles<\/strong>. Esta electricidad renovable ha sido aportada por fuentes ecol\u00f3gicas como el sol, el agua, la biomasa y el viento quienes han obrado el milagro.<\/p>\n<h2>La energ\u00eda renovable y sostenible que satisface m\u00e1s de la mitad del consumo en Espa\u00f1a<\/h2>\n<p>Efectivamente, m\u00e1s de la mitad de la energ\u00eda el\u00e9ctrica consumida en el pa\u00eds <strong>proviene de fuentes sostenibles<\/strong>. Este n\u00famero pudiera incrementarse si se resuelve satisfactoriamente la controversia sobre si la producci\u00f3n nuclear es o no proveniente de una fuente de este tipo.<\/p>\n<p>Aunque lo que s\u00ed es seguro es que es limpia y libre de emisiones de CO2, atributos que comparte con otras fuentes ecol\u00f3gicas. Te explicamos esto: el 52,6 % de la potencia el\u00e9ctrica consumida en la pen\u00ednsula tiene su origen en parques solares, centrales hidroel\u00e9ctricas, plantas de ciclos combinados y campos e\u00f3licos.<\/p>\n<p>Buscando cifras m\u00e1s concretas, se tiene que la fotovoltaica ha sido quien m\u00e1s ha aportado a la red el\u00e9ctrica con 5.276 GWh, En segundo lugar, se sit\u00faa la de origen nuclear con 4.927 GWh, es decir, la fuente fotovoltaica gener\u00f3 una cuota m\u00e1s alta que todas las centrales nucleares juntas.<\/p>\n<p>Pero si se considera la nuclear como sostenible, la cantidad aportada por este g\u00e9nero ser\u00eda mucho mayor llegando al 65 % del total de la electricidad consumida. En un tercer lugar se sit\u00faa la e\u00f3lica con 3.778 GWh, cuya disminuci\u00f3n se debe a que los \u00faltimos meses han sido poco ventosos.<\/p>\n<p>Luego est\u00e1n las centrales de ciclos combinado, que son las que generan electricidad a trav\u00e9s de la quema de gas natural, con un aporte al mix nacional de 3.286 GWh y por \u00faltimo quedan las plantas de producci\u00f3n de energ\u00eda hidr\u00e1ulica con el resto de la potencia. Este \u00faltimo lugar tiene su raz\u00f3n decisiva en la prolongada sequ\u00eda.<\/p>\n<p>Las estad\u00edsticas nos muestran que la aportaci\u00f3n del <strong>parque solar al sistema el\u00e9ctrico nacional ha ido en franco aumento<\/strong> sobre todo en los tres \u00faltimos a\u00f1os. Lo cual se debe a las grandes inversiones realizadas en la creaci\u00f3n de estos sistemas. De hecho, su crecimiento ha sido del 120 %.<\/p>\n<h2>Hay un problema: no todos est\u00e1n contentos con estas cifras<\/h2>\n<p>En agosto de 2022, el aporte de origen de ciclo combinado fue de unos 8082 GWh, producto de la <strong>crisis del gas debido a la guerra de Ucrania<\/strong>. En esa oportunidad las grandes beneficiadas fueron las gigantes del gas como Endesa, Naturgy, Iberdrola, entre otras.<\/p>\n<p>Esto por el aumento desmesurado en los precios de la energ\u00eda el\u00e9ctrica que hizo que ese agosto fuera el m\u00e1s costoso con un precio promedio de 154 euros por MWh. Ahora la cosa cambia porque este agosto ese mismo MWh cuesta 90 euros y sigue la tendencia a la baja.<\/p>\n<p>Concluyendo, en este mes de agosto la energ\u00eda <a href=\"https:\/\/www.ecoticias.com\/hoyeco\/region-espana-mas-energia-renovable\/9614\/\">renovable<\/a> ha cubierto m\u00e1s de la mitad del consumo de electricidad de Espa\u00f1a. Pero ha sido la producci\u00f3n de origen fotovoltaico la m\u00e1s grande. Incluso fue mayor que la de todas las centrales nucleares juntas.<\/p>\n","protected":false},"excerpt":{"rendered":"<p>Bajo la prioridad de usar fuentes energ\u00e9ticas renovables, Espa\u00f1a ha sido pionera en la construcci\u00f3n de grandes plantas que aportan &#8230; <\/p>\n<p class=\"read-more-container\"><a title=\"Espa\u00f1a, ba\u00f1ada en oro con la energ\u00eda que el mundo busca: ha producido m\u00e1s que todas las nucleares juntas\" class=\"read-more button\" href=\"https:\/\/www.ecoticias.com\/hoyeco\/espana-energia-mundo-nucleares\/10467\/#more-10467\" aria-label=\"Leer m\u00e1s sobre Espa\u00f1a, ba\u00f1ada en oro con la energ\u00eda que el mundo busca: ha producido m\u00e1s que todas las nucleares juntas\">Read more<\/a><\/p>\n","protected":false},"author":6,"featured_media":10569,"comment_status":"closed","ping_status":"closed","sticky":false,"template":"","format":"standard","meta":{"footnotes":""},"categories":[5],"tags":[],"class_list":["post-10467","post","type-post","status-publish","format-standard","has-post-thumbnail","hentry","category-energia","resize-featured-image"],"_links":{"self":[{"href":"https:\/\/www.ecoticias.com\/hoyeco\/wp-json\/wp\/v2\/posts\/10467","targetHints":{"allow":["GET"]}}],"collection":[{"href":"https:\/\/www.ecoticias.com\/hoyeco\/wp-json\/wp\/v2\/posts"}],"about":[{"href":"https:\/\/www.ecoticias.com\/hoyeco\/wp-json\/wp\/v2\/types\/post"}],"author":[{"embeddable":true,"href":"https:\/\/www.ecoticias.com\/hoyeco\/wp-json\/wp\/v2\/users\/6"}],"replies":[{"embeddable":true,"href":"https:\/\/www.ecoticias.com\/hoyeco\/wp-json\/wp\/v2\/comments?post=10467"}],"version-history":[{"count":0,"href":"https:\/\/www.ecoticias.com\/hoyeco\/wp-json\/wp\/v2\/posts\/10467\/revisions"}],"wp:featuredmedia":[{"embeddable":true,"href":"https:\/\/www.ecoticias.com\/hoyeco\/wp-json\/wp\/v2\/media\/10569"}],"wp:attachment":[{"href":"https:\/\/www.ecoticias.com\/hoyeco\/wp-json\/wp\/v2\/media?parent=10467"}],"wp:term":[{"taxonomy":"category","embeddable":true,"href":"https:\/\/www.ecoticias.com\/hoyeco\/wp-json\/wp\/v2\/categories?post=10467"},{"taxonomy":"post_tag","embeddable":true,"href":"https:\/\/www.ecoticias.com\/hoyeco\/wp-json\/wp\/v2\/tags?post=10467"}],"curies":[{"name":"wp","href":"https:\/\/api.w.org\/{rel}","templated":true}]}}