{"id":10470,"date":"2024-09-13T16:00:12","date_gmt":"2024-09-13T14:00:12","guid":{"rendered":"https:\/\/www.ecoticias.com\/hoyeco\/?p=10470"},"modified":"2024-09-13T16:00:12","modified_gmt":"2024-09-13T14:00:12","slug":"arenas-movedizas-espana-region","status":"publish","type":"post","link":"https:\/\/www.ecoticias.com\/hoyeco\/arenas-movedizas-espana-region\/10470\/","title":{"rendered":"Las arenas movedizas, el nuevo fen\u00f3meno que preocupa en Espa\u00f1a: la primera regi\u00f3n en caer bajo tierra"},"content":{"rendered":"<p>Se est\u00e1 dando a conocer un nuevo fen\u00f3meno en <a href=\"https:\/\/www.ecoticias.com\/hoyeco\/norte-espana-dunas-africanas\/9961\/\">Espa\u00f1a<\/a>, y es la aparici\u00f3n de arenas movedizas, este hecho est\u00e1 causando mucha preocupaci\u00f3n a las autoridades, porque anteriormente no se hab\u00edan encontrado con algo semejante. Te contamos en detalle cu\u00e1l ha sido la primera regi\u00f3n que se ha visto afectada por esta rareza.<\/p>\n<h2>Espa\u00f1a es sorprendida por la llegada de un fen\u00f3meno inesperado<\/h2>\n<p>Hace poco se hizo p\u00fablica la existencia de arenas movedizas, un hecho que dej\u00f3 sorprendidos a todos, porque no se hab\u00edan visto anteriormente en Espa\u00f1a. Las autoridades se mostraron preocupadas, y est\u00e1n tomando medidas para prevenir cualquier da\u00f1o, alertando a quienes viven y visitan los sitios afectados.<\/p>\n<p>Hasta este momento, <strong>la \u00fanica regi\u00f3n donde se han reportado es Asturias<\/strong>, espec\u00edficamente en una de sus playas. Sin embargo, se cree que el fen\u00f3meno se puede extender a otros lugares a causa de las lluvias que saturan los suelos, as\u00ed como tambi\u00e9n por las diversas actividades humanas que alteran el medio ambiente.<\/p>\n<h2>Las arenas movedizas est\u00e1n relacionadas con el cambio clim\u00e1tico<\/h2>\n<p>Actualmente, el cambio clim\u00e1tico est\u00e1 en la ra\u00edz de muchos problemas, pues hay zonas del planeta donde ocurren inundaciones cuando anteriormente apenas llov\u00eda o, al contrario, zonas verdes que ahora son azotadas por las sequ\u00edas. Esto, sumado a todas las dem\u00e1s variantes atmosf\u00e9ricas, <strong>modifican la superficie terrestre<\/strong>.<\/p>\n<p>En este caso en particular, este factor tiene mucha importancia, porque hay una relaci\u00f3n directa entre los diferentes elementos del suelo, arena, lodo, sedimentos, y otros, con el volumen de agua que contienen. Por eso las lluvias son fundamentales, ya que tienen la capacidad de saturar los terrenos.<\/p>\n<p>Para hablar de arenas movedizas, lo primero que hay que saber es que no son una entidad maligna con vida propia que viene a tragarse a los seres humanos, sino algo mucho m\u00e1s sencillo. Es una mezcolanza de arcilla, sedimentos, y por supuesto arena, que se encuentran en lugares donde hay mucha agua subterr\u00e1nea.<\/p>\n<p>La combinaci\u00f3n de esos elementos da origen a una masa que puede lucir s\u00f3lida y estable a simple vista. Pero en verdad se trata de una mezcla que tiene la particularidad de actuar como un fluido no newtoniano, y su comportamiento constituye un fen\u00f3meno f\u00edsico muy curioso que est\u00e1 dado por la falta de viscosidad definida.<\/p>\n<p>Y eso es lo que hace tan peligrosas a las arenas movedizas, pues la persona camina sobre la superficie y ejerce una fuerza sobre la misma que va a provocar un cambio en su densidad, haciendo que se vuelva s\u00f3lida. Y cuando quiera moverse para salir no puede hacerlo, y si hace m\u00e1s fuerza solo encontrar\u00e1 m\u00e1s resistencia.<\/p>\n<p>Aunque hay que aclarar que el individuo no se hunde del todo, sino que al desesperarse por salir queda completamente agotado. y como este tipo de superficies se generan cerca de ciertos lugares como mares, r\u00edos, o lagos, <strong>el peligro es que suba el nivel de agua y se ahogue<\/strong>, por eso es necesaria la ayuda para salir.<\/p>\n<h2>La primera regi\u00f3n de Espa\u00f1a que report\u00f3 arenas movedizas<\/h2>\n<p>El primer lugar en el que se report\u00f3 la aparici\u00f3n de arenas movedizas fue en Asturias, espec\u00edficamente en la playa San Lorenzo de Gij\u00f3n. En un trecho de esta zona <strong>hay un sitio que luce ligeramente diferente<\/strong>, pero es algo que solo los conocedores pueden ver, pero al bajar la marea, se puede notar algo diferente.<\/p>\n<p>Una especie de burbujeo en la arena, por eso los socorristas est\u00e1n m\u00e1s atentos en este lugar, pues constituye un riesgo especialmente para los ni\u00f1os y los ancianos. Las autoridades tambi\u00e9n est\u00e1n tomando medidas, para hacer una demarcaci\u00f3n especial que indique la presencia de este fen\u00f3meno a los visitantes.<\/p>\n<p>En definitiva, parece que el fen\u00f3meno de las arenas movedizas puede seguir expandi\u00e9ndose a algunas otras <a href=\"https:\/\/www.ecoticias.com\/hoyeco\/12-islas-privadas-de-espana\/9458\/\">regiones<\/a> de Espa\u00f1a, sobre todo en las zonas costeras. Por eso la gente debe procurar estar informada, y atenta a las indicaciones que les brinden las autoridades y los socorristas para cuidar su integridad.<\/p>\n","protected":false},"excerpt":{"rendered":"<p>Se est\u00e1 dando a conocer un nuevo fen\u00f3meno en Espa\u00f1a, y es la aparici\u00f3n de arenas movedizas, este hecho est\u00e1 &#8230; <\/p>\n<p class=\"read-more-container\"><a title=\"Las arenas movedizas, el nuevo fen\u00f3meno que preocupa en Espa\u00f1a: la primera regi\u00f3n en caer bajo tierra\" class=\"read-more button\" href=\"https:\/\/www.ecoticias.com\/hoyeco\/arenas-movedizas-espana-region\/10470\/#more-10470\" aria-label=\"Leer m\u00e1s sobre Las arenas movedizas, el nuevo fen\u00f3meno que preocupa en Espa\u00f1a: la primera regi\u00f3n en caer bajo tierra\">Read more<\/a><\/p>\n","protected":false},"author":6,"featured_media":10570,"comment_status":"closed","ping_status":"closed","sticky":false,"template":"","format":"standard","meta":{"footnotes":""},"categories":[2],"tags":[],"class_list":["post-10470","post","type-post","status-publish","format-standard","has-post-thumbnail","hentry","category-actualidad","resize-featured-image"],"_links":{"self":[{"href":"https:\/\/www.ecoticias.com\/hoyeco\/wp-json\/wp\/v2\/posts\/10470","targetHints":{"allow":["GET"]}}],"collection":[{"href":"https:\/\/www.ecoticias.com\/hoyeco\/wp-json\/wp\/v2\/posts"}],"about":[{"href":"https:\/\/www.ecoticias.com\/hoyeco\/wp-json\/wp\/v2\/types\/post"}],"author":[{"embeddable":true,"href":"https:\/\/www.ecoticias.com\/hoyeco\/wp-json\/wp\/v2\/users\/6"}],"replies":[{"embeddable":true,"href":"https:\/\/www.ecoticias.com\/hoyeco\/wp-json\/wp\/v2\/comments?post=10470"}],"version-history":[{"count":0,"href":"https:\/\/www.ecoticias.com\/hoyeco\/wp-json\/wp\/v2\/posts\/10470\/revisions"}],"wp:featuredmedia":[{"embeddable":true,"href":"https:\/\/www.ecoticias.com\/hoyeco\/wp-json\/wp\/v2\/media\/10570"}],"wp:attachment":[{"href":"https:\/\/www.ecoticias.com\/hoyeco\/wp-json\/wp\/v2\/media?parent=10470"}],"wp:term":[{"taxonomy":"category","embeddable":true,"href":"https:\/\/www.ecoticias.com\/hoyeco\/wp-json\/wp\/v2\/categories?post=10470"},{"taxonomy":"post_tag","embeddable":true,"href":"https:\/\/www.ecoticias.com\/hoyeco\/wp-json\/wp\/v2\/tags?post=10470"}],"curies":[{"name":"wp","href":"https:\/\/api.w.org\/{rel}","templated":true}]}}