{"id":10508,"date":"2024-09-16T15:30:23","date_gmt":"2024-09-16T13:30:23","guid":{"rendered":"https:\/\/www.ecoticias.com\/hoyeco\/?p=10508"},"modified":"2024-09-16T15:30:23","modified_gmt":"2024-09-16T13:30:23","slug":"mundo-peor-error-catastrofe","status":"publish","type":"post","link":"https:\/\/www.ecoticias.com\/hoyeco\/mundo-peor-error-catastrofe\/10508\/","title":{"rendered":"El mundo, camino de cometer el peor error de su historia: el \u00abboom\u00bb que podr\u00eda llevarnos a una cat\u00e1strofe"},"content":{"rendered":"<p>La lucha por el cambio clim\u00e1tico ha sido la causa por la cual los diferentes pa\u00edses del mundo busquen nuevas fuentes de energ\u00eda que sean limpias. Pero esta ansia tambi\u00e9n hace que se cometan errores como este \u00abboom\u201d con esta fuente de energ\u00eda, <strong>error que podr\u00eda llevarnos irremisiblemente a una cat\u00e1strofe<\/strong>.<\/p>\n<h2>El gran error que podr\u00eda estar cometiendo la humanidad<\/h2>\n<p>La Agencia Internacional de la Energ\u00eda (AIE por sus siglas en ingl\u00e9s), que es un organismo que tiene por objetivo el seguimiento y asesoramiento de pol\u00edticas energ\u00e9ticas para el uso de fuentes limpias y ecol\u00f3gicas de los pa\u00edses europeos, inform\u00f3 que la <a href=\"https:\/\/www.ecoticias.com\/hoyeco\/europa-limite-energia-nuclear\/3583\/\">energ\u00eda nuclear<\/a> est\u00e1 viviendo un \u201cboom\u201d en la mayor\u00eda de las naciones.<\/p>\n<p>As\u00ed se desprende de la actualizaci\u00f3n de su hoja de ruta Net Zero. Donde dice que entre 2023 y 2025 muchos pa\u00edses han considerado y est\u00e1n trabajando en la introducci\u00f3n o la expansi\u00f3n de la energ\u00eda at\u00f3mica. Como forma de alcanzar sus metas para cumplir con los compromisos adquiridos en el \u00e1rea clim\u00e1tica, lo que es un error.<\/p>\n<h2>El resurgimiento de la energ\u00eda nuclear y lo que hace Espa\u00f1a<\/h2>\n<p>Este informe, a que hac\u00edamos referencia, tambi\u00e9n pronostica que el uso de la energ\u00eda nuclear ser\u00e1 multiplicado por dos para el a\u00f1o 2027, lo que hace que el \u201cboom\u201d por esta fuente sea m\u00e1s notable. Con esto, los pa\u00edses <strong>buscan aliviar su dependencia de combustibles minerales y f\u00f3siles<\/strong> al optar por uno que sea limpio.<\/p>\n<p>De esta forma complementar\u00edan el uso de otras energ\u00edas provenientes de fuentes renovables y este es el error. Este renacer del inter\u00e9s por la energ\u00eda nuclear est\u00e1 encabezado por el incremento de la producci\u00f3n que actualmente se est\u00e1 dando en Francia y el reencendido de varios reactores en Jap\u00f3n.<\/p>\n<p>Asimismo, la finalizaci\u00f3n de la construcci\u00f3n de nuevas plantas at\u00f3micas en pa\u00edses como Corea del Sur, India, China, Suiza, Alemania y Pa\u00edses Bajos. Y es que esta fuente de energ\u00eda ha sido el centro de muchas controversias. Una de ellas es que, si debe o no considerarse sostenible, aunque libre de emisiones s\u00ed que lo es.<\/p>\n<p>Pero Espa\u00f1a, por su parte, ha decidido seguir apostando por la energ\u00eda proveniente de fuentes renovables como la e\u00f3lica, solar e hidr\u00e1ulica. Para ello mantiene su programaci\u00f3n de cierre y desmantelamiento de los reactores nucleares, proceso que ya tiene una fecha de finalizaci\u00f3n y es el a\u00f1o 2035.<\/p>\n<p>Esta suspensi\u00f3n de las operaciones de las centrales at\u00f3micas inici\u00f3 en 2019 y el cierre y desmantelamiento se har\u00e1 de forma paulatina para suavizar el impacto e ir migrando la demanda energ\u00e9tica hacia otras fuentes <strong>sin transferencias traum\u00e1ticas que afecten el servicio<\/strong>.<\/p>\n<p>Este cierre de las siete plantas nucleares en suelo espa\u00f1ol seguir\u00e1 un cronograma que ya est\u00e1 definido. As\u00ed se program\u00f3 Almaraz, que genera 1 GW de potencia, en 2027, Almaraz II que cuenta 1.44 GW se apagara en 2028, Asco I y Cofrentes seguir\u00e1n en 2030, Asco II en 2032 finalizando con Vandell\u00f3s y Trillo en 2035.<\/p>\n<h2>Porque se dice que este \u00abboom\u201d puede ser un error catastr\u00f3fico<\/h2>\n<p>La energ\u00eda nuclear es limpia y libre de emisiones de gases de efecto invernadero, adem\u00e1s de que es pr\u00e1cticamente <strong>inagotable y relativamente barata de producir<\/strong>. La electricidad producida a partir de ella tiene un costo, del MWh, que es muy bajo para el consumidor final.<\/p>\n<p>A pesar de todas estas ventajas, la energ\u00eda at\u00f3mica es muy peligrosa al momento de un accidente nuclear, cuesti\u00f3n que parece que siempre est\u00e1 sobre la mesa. Un evento de esta naturaleza traer\u00e1 graves consecuencias ambientales y para la humanidad. De all\u00ed que se considera un gran error su producci\u00f3n y uso.<\/p>\n<p>En conclusi\u00f3n, a pesar de que el \u201cboom\u201d de la energ\u00eda at\u00f3mica, por parte de los pa\u00edses europeos, es una estrategia de lucha contra el cambio clim\u00e1tico, es un grave error. Y as\u00ed lo ha comprendido <a href=\"https:\/\/www.ecoticias.com\/hoyeco\/espana-energia-nuclear-planta-solar\/9553\/\">Espa\u00f1a<\/a> quien decidi\u00f3 seguir con el apagado y cierre de sus plantas nucleares.<\/p>\n","protected":false},"excerpt":{"rendered":"<p>La lucha por el cambio clim\u00e1tico ha sido la causa por la cual los diferentes pa\u00edses del mundo busquen nuevas &#8230; <\/p>\n<p class=\"read-more-container\"><a title=\"El mundo, camino de cometer el peor error de su historia: el \u00abboom\u00bb que podr\u00eda llevarnos a una cat\u00e1strofe\" class=\"read-more button\" href=\"https:\/\/www.ecoticias.com\/hoyeco\/mundo-peor-error-catastrofe\/10508\/#more-10508\" aria-label=\"Leer m\u00e1s sobre El mundo, camino de cometer el peor error de su historia: el \u00abboom\u00bb que podr\u00eda llevarnos a una cat\u00e1strofe\">Read more<\/a><\/p>\n","protected":false},"author":6,"featured_media":10509,"comment_status":"closed","ping_status":"closed","sticky":false,"template":"","format":"standard","meta":{"footnotes":""},"categories":[5],"tags":[],"class_list":["post-10508","post","type-post","status-publish","format-standard","has-post-thumbnail","hentry","category-energia","resize-featured-image"],"_links":{"self":[{"href":"https:\/\/www.ecoticias.com\/hoyeco\/wp-json\/wp\/v2\/posts\/10508","targetHints":{"allow":["GET"]}}],"collection":[{"href":"https:\/\/www.ecoticias.com\/hoyeco\/wp-json\/wp\/v2\/posts"}],"about":[{"href":"https:\/\/www.ecoticias.com\/hoyeco\/wp-json\/wp\/v2\/types\/post"}],"author":[{"embeddable":true,"href":"https:\/\/www.ecoticias.com\/hoyeco\/wp-json\/wp\/v2\/users\/6"}],"replies":[{"embeddable":true,"href":"https:\/\/www.ecoticias.com\/hoyeco\/wp-json\/wp\/v2\/comments?post=10508"}],"version-history":[{"count":0,"href":"https:\/\/www.ecoticias.com\/hoyeco\/wp-json\/wp\/v2\/posts\/10508\/revisions"}],"wp:featuredmedia":[{"embeddable":true,"href":"https:\/\/www.ecoticias.com\/hoyeco\/wp-json\/wp\/v2\/media\/10509"}],"wp:attachment":[{"href":"https:\/\/www.ecoticias.com\/hoyeco\/wp-json\/wp\/v2\/media?parent=10508"}],"wp:term":[{"taxonomy":"category","embeddable":true,"href":"https:\/\/www.ecoticias.com\/hoyeco\/wp-json\/wp\/v2\/categories?post=10508"},{"taxonomy":"post_tag","embeddable":true,"href":"https:\/\/www.ecoticias.com\/hoyeco\/wp-json\/wp\/v2\/tags?post=10508"}],"curies":[{"name":"wp","href":"https:\/\/api.w.org\/{rel}","templated":true}]}}