{"id":10533,"date":"2024-09-17T14:30:49","date_gmt":"2024-09-17T12:30:49","guid":{"rendered":"https:\/\/www.ecoticias.com\/hoyeco\/?p=10533"},"modified":"2024-09-17T14:30:49","modified_gmt":"2024-09-17T12:30:49","slug":"espana-energia-gas-vapor","status":"publish","type":"post","link":"https:\/\/www.ecoticias.com\/hoyeco\/espana-energia-gas-vapor\/10533\/","title":{"rendered":"Espa\u00f1a, pionera en producir esta energ\u00eda con gas y vapor: incluso Alemania nos la quiere comprar"},"content":{"rendered":"<p>La b\u00fasqueda de soluciones para mantener el mundo en movimiento, pero cambiando los combustibles f\u00f3siles por otros m\u00e1s amables con el medio ambiente sigue adelante. Y Espa\u00f1a muestra su liderazgo en la generaci\u00f3n de una nueva energ\u00eda, como esta producida con gas y vapor, que ha despertado el inter\u00e9s de Alemania.<\/p>\n<h2>Espa\u00f1a es pionera en las nuevas tecnolog\u00edas energ\u00e9ticas<\/h2>\n<p>Las empresas espa\u00f1olas T\u00e9cnicas Reunidas y Ansaldo Energ\u00eda llegaron a un acuerdo con la gigante alemana RWE, para llevar adelante un gran proyecto de construcci\u00f3n. Se trata de una planta de ciclo combinado de hidr\u00f3geno, que <strong>permitir\u00e1 la generaci\u00f3n de unos 800MW de potencia<\/strong>, en Gersteinwerk, Alemania.<\/p>\n<p>Las compa\u00f1\u00edas se pondr\u00e1n en marcha proporcionando todos los equipos, entre los cuales se incluyen las turbinas de gas y vapor. Pues el <a href=\"https:\/\/www.ecoticias.com\/hoyeco\/hidrogeno-expertos-opcion-lugar\/10313\/\">hidr\u00f3geno<\/a> se obtiene a partir del gas metano con un proceso que requiere vapor a alt\u00edsimas temperaturas para descomponerlo, de manera que la planta trabajar\u00e1 usando ambos compuestos.<\/p>\n<h2>Alemania busca la excelencia con la energ\u00eda verde<\/h2>\n<p>Desde hace a\u00f1os, la Uni\u00f3n Europea trabaja arduamente para convertirse en <strong>el primer continente libre de emisiones contaminantes<\/strong>. Esta es una carrera en la que muchos pa\u00edses se han dedicado a la investigaci\u00f3n de las diferentes alternativas de producci\u00f3n de energ\u00eda, con la finalidad de encontrar la m\u00e1s conveniente.<\/p>\n<p>Espa\u00f1a no se ha quedado atr\u00e1s en este proyecto, al contrario, poco a poco ha escalado posiciones, y en la actualidad es una de las potencias m\u00e1s activas en la generaci\u00f3n de combustibles m\u00e1s limpios. E incluso, pa\u00edses como Alemania buscan empresas de ese pa\u00eds para el desarrollo de sus proyectos con nuevas fuentes energ\u00e9ticas.<\/p>\n<p>Recientemente la compa\u00f1\u00eda RWE de Alemania, que se dedica al desarrollo de combustibles renovables, les concedi\u00f3 a las empresas espa\u00f1olas T\u00e9cnicas Reunidas y Ansaldo Energ\u00eda la concesi\u00f3n para la planificaci\u00f3n de una planta combinada de ciclo de hidr\u00f3geno. Este logro lo obtuvieron gracias a su excelente labor.<\/p>\n<p>Que busca optimizar la obtenci\u00f3n de energ\u00eda sin da\u00f1ar el medio ambiente. Actualmente, Alemania busca cambiar los combustibles f\u00f3siles para la generaci\u00f3n de electricidad, por otros de naturaleza m\u00e1s limpia que no produzcan emisiones contaminantes, como el hidr\u00f3geno, y se espera que este proyecto.<\/p>\n<p>Que estar\u00e1 ubicado en Gersteinwerk les permita funcionar en un 50% con este compuesto a partir del a\u00f1o 2030, y seguir la transici\u00f3n hasta llegar a un 100%. Con esta y otras centrales el\u00e9ctricas similares, <strong>Alemania va a poder cumplir con su objetivo<\/strong> de cerrar todas las que funcionan con combustibles f\u00f3siles.<\/p>\n<h2>La transici\u00f3n va del gas hacia el hidr\u00f3geno<\/h2>\n<p><strong>Dos empresas espa\u00f1olas har\u00e1n realidad el proyecto<\/strong> de la planta ubicada en Gersteinwerk, una gran central con la capacidad de generar hasta 800 MW de electricidad que se obtendr\u00e1n a trav\u00e9s de una planta de ciclo combinado de hidr\u00f3geno. Donde ese combustible se producir\u00e1 a partir de un proceso relativamente sencillo.<\/p>\n<p>En el cual el gas natural reacciona descomponi\u00e9ndose por la presencia de vapor de agua a temperaturas muy elevadas, en dos compuestos. El CO y el hidr\u00f3geno, este \u00faltimo ser\u00e1 el responsable de la generaci\u00f3n de un 50% de la energ\u00eda de la central, mientras que la otra mitad estar\u00e1 a cargo del gas.<\/p>\n<p>Se espera que comience a funcionar a partir de 2030, y que despu\u00e9s opere solamente con hidr\u00f3geno verde. Pues el plan de Alemania es ambicioso, y tambi\u00e9n van a construir una red muy grande, que abarque todo el pa\u00eds, para abastecerlo con ese compuesto, de manera que cumplan con el plan de llegar a cero emisiones.<\/p>\n<p>Para concluir, es importante destacar que las empresas espa\u00f1olas est\u00e1n jugando un rol importante en el gran proyecto presentado por la UE, para convertirse en el primer continente verde del planeta. Sus plantas de ciclo combinado facilitan la transici\u00f3n del uso de energ\u00eda derivada del <a href=\"https:\/\/www.ecoticias.com\/hoyeco\/motor-espana-no-conoce-japon\/9795\/\">combustible<\/a> f\u00f3sil hacia el hidr\u00f3geno.<\/p>\n","protected":false},"excerpt":{"rendered":"<p>La b\u00fasqueda de soluciones para mantener el mundo en movimiento, pero cambiando los combustibles f\u00f3siles por otros m\u00e1s amables con &#8230; <\/p>\n<p class=\"read-more-container\"><a title=\"Espa\u00f1a, pionera en producir esta energ\u00eda con gas y vapor: incluso Alemania nos la quiere comprar\" class=\"read-more button\" href=\"https:\/\/www.ecoticias.com\/hoyeco\/espana-energia-gas-vapor\/10533\/#more-10533\" aria-label=\"Leer m\u00e1s sobre Espa\u00f1a, pionera en producir esta energ\u00eda con gas y vapor: incluso Alemania nos la quiere comprar\">Read more<\/a><\/p>\n","protected":false},"author":6,"featured_media":10708,"comment_status":"closed","ping_status":"closed","sticky":false,"template":"","format":"standard","meta":{"footnotes":""},"categories":[5],"tags":[],"class_list":["post-10533","post","type-post","status-publish","format-standard","has-post-thumbnail","hentry","category-energia","resize-featured-image"],"_links":{"self":[{"href":"https:\/\/www.ecoticias.com\/hoyeco\/wp-json\/wp\/v2\/posts\/10533","targetHints":{"allow":["GET"]}}],"collection":[{"href":"https:\/\/www.ecoticias.com\/hoyeco\/wp-json\/wp\/v2\/posts"}],"about":[{"href":"https:\/\/www.ecoticias.com\/hoyeco\/wp-json\/wp\/v2\/types\/post"}],"author":[{"embeddable":true,"href":"https:\/\/www.ecoticias.com\/hoyeco\/wp-json\/wp\/v2\/users\/6"}],"replies":[{"embeddable":true,"href":"https:\/\/www.ecoticias.com\/hoyeco\/wp-json\/wp\/v2\/comments?post=10533"}],"version-history":[{"count":0,"href":"https:\/\/www.ecoticias.com\/hoyeco\/wp-json\/wp\/v2\/posts\/10533\/revisions"}],"wp:featuredmedia":[{"embeddable":true,"href":"https:\/\/www.ecoticias.com\/hoyeco\/wp-json\/wp\/v2\/media\/10708"}],"wp:attachment":[{"href":"https:\/\/www.ecoticias.com\/hoyeco\/wp-json\/wp\/v2\/media?parent=10533"}],"wp:term":[{"taxonomy":"category","embeddable":true,"href":"https:\/\/www.ecoticias.com\/hoyeco\/wp-json\/wp\/v2\/categories?post=10533"},{"taxonomy":"post_tag","embeddable":true,"href":"https:\/\/www.ecoticias.com\/hoyeco\/wp-json\/wp\/v2\/tags?post=10533"}],"curies":[{"name":"wp","href":"https:\/\/api.w.org\/{rel}","templated":true}]}}