{"id":10576,"date":"2024-09-17T15:30:17","date_gmt":"2024-09-17T13:30:17","guid":{"rendered":"https:\/\/www.ecoticias.com\/hoyeco\/?p=10576"},"modified":"2024-09-17T15:30:17","modified_gmt":"2024-09-17T13:30:17","slug":"pais-feliz-mundo-monjes-budistas","status":"publish","type":"post","link":"https:\/\/www.ecoticias.com\/hoyeco\/pais-feliz-mundo-monjes-budistas\/10576\/","title":{"rendered":"Este es el pa\u00eds m\u00e1s feliz del mundo, a 3000 metros de altura: con monjes budistas y el \u00fanico que no tiene esto"},"content":{"rendered":"<p>Existen naciones que, si bien tienen un turismo medianamente desarrollado, se cuidan de mantener una identidad nacional intacta de la cual se sienten orgullosos. En este sentido, te presentamos un pa\u00eds que es el m\u00e1s feliz del mundo, con sus monjes budistas y que se encuentra a 3000 metros de altitud y que no posee esto.<\/p>\n<h2>Un pa\u00eds que es \u00fanico y de carbono negativo<\/h2>\n<p>Este pa\u00eds es uno de los pocos que es carbono negativo, es decir, absorbe m\u00e1s di\u00f3xido de carbono del que produce. Siendo el \u00fanico junto con Surinam y Panam\u00e1 que puede presumir de este atributo. Nos estamos refiriendo a But\u00e1n, <strong>una peque\u00f1a naci\u00f3n que se encuentra en la ladera del Himalaya<\/strong>.<\/p>\n<p>Su altitud es de 3000 m.s.n.m. y su constituci\u00f3n establece que al menos el 60 % de su <a href=\"https:\/\/www.ecoticias.com\/hoyeco\/artico-colonizado-por-espana\/6580\/\">territorio<\/a> debe ser bosque, aunque actualmente es el 73 %. De hecho, de acuerdo a los c\u00e1lculos oficiales la cantidad de carbono que secuestra de la atm\u00f3sfera es equivalente a la que emite la ciudad de Nueva York durante un a\u00f1o.<\/p>\n<h2>But\u00e1n: el lugar m\u00e1s feliz del mundo<\/h2>\n<p>A pesar de que a este territorio no han llegado grandes transnacionales como Mc Donald\u00b4s <strong>se considera el pa\u00eds m\u00e1s feliz del mundo<\/strong>. Para determinar esto, el cuarto rey de But\u00e1n implement\u00f3 el \u00edndice de felicidad. Que es el mejor indicador del estado de la poblaci\u00f3n, incluso por encima del producto interno bruto (PIB).<\/p>\n<p>El mismo contempla el estado de la cultura, naturaleza, desarrollo socioecon\u00f3mico y el desempe\u00f1o del gobierno. Estos resultados se reflejan en la encuesta de satisfacci\u00f3n que se llev\u00f3 a cabo en el a\u00f1o 2023 donde el 45,5 % de la poblaci\u00f3n dijo que era profundamente feliz y el 38.6 % es ampliamente feliz.<\/p>\n<p>Mientras que el 9,5 % es escasamente feliz y solo el 6,4 % se considera infeliz. Esta naci\u00f3n es algo m\u00e1s grande que Extremadura, aunque tiene menos habitantes que esta con 780.000 pobladores. Por este motivo es que puede medir su desarrollo y satisfacci\u00f3n a trav\u00e9s de su Felicidad Nacional Bruta.<\/p>\n<p>En la mayor\u00eda de los baremos ha mejorado en las \u00faltimas d\u00e9cadas, por ejemplo, en lo referente a la salud su expectativa de vida pas\u00f3 de los 37 a\u00f1os en 1960 a los 73 a\u00f1os en 2020. Su econom\u00eda crece a\u00f1o tras a\u00f1o fomentada por la ampliaci\u00f3n de las centrales hidroel\u00e9ctricas impulsadas por sus r\u00edos que bajan por las laderas.<\/p>\n<p>De hecho, en 2022 exporto unos 9.000 GWh en energ\u00eda el\u00e9ctrica renovable. Aunque la agricultura sigue siendo su actividad principal. Igualmente, en estas tres d\u00e9cadas han construido m\u00e1s escuelas, universidades y hospitales que en toda su historia. Por lo que en educaci\u00f3n y salud est\u00e1n muy avanzados.<\/p>\n<p>Aunque este pa\u00eds se est\u00e1 abriendo al turismo no lo hace descontroladamente, por el contrario, lo est\u00e1 haciendo de una manera limitada. Ya que posee un <strong>fuerte compromiso con los valores y tradiciones naturales<\/strong>. Adem\u00e1s, no quiere perder su idiosincrasia, espiritualidad y sus genes ancestrales de ser n\u00f3madas.<\/p>\n<h2>La But\u00e1n de la lucha contra el cambio clim\u00e1tico y la espiritualidad<\/h2>\n<p><strong>Por ser un pa\u00eds carbono negativo<\/strong>, es referente a nivel mundial en la lucha contra el cambio clim\u00e1tico, aunque est\u00e1 fuertemente amenazado por sus consecuencias por el deshielo de sus monta\u00f1as que son causantes de riadas que, en ocasiones, devastan su territorio.<\/p>\n<p>En lo que se refiere a su espiritualidad, sus milenarios templos incrustados en las viejas paredes rocosas del Himalaya con sus monjes budistas, son dignos de respeto y admiraci\u00f3n. Asimismo, sus senderos naturales hacen que sus visitantes vivan una experiencia \u00fanica.<\/p>\n<p>Concluyendo, But\u00e1n no est\u00e1 exento de los problemas inherentes a cualquier pa\u00eds, sin embargo, tiene los atributos que los hacen la naci\u00f3n m\u00e1s feliz del mundo. Por vivir en medio de la <a href=\"https:\/\/www.ecoticias.com\/hoyeco\/tibet-iberico-naturaleza-sistelo\/6342\/\">naturaleza<\/a> y a pesar de no tener transnacionales como Mc Donald\u00b4s.<\/p>\n","protected":false},"excerpt":{"rendered":"<p>Existen naciones que, si bien tienen un turismo medianamente desarrollado, se cuidan de mantener una identidad nacional intacta de la &#8230; <\/p>\n<p class=\"read-more-container\"><a title=\"Este es el pa\u00eds m\u00e1s feliz del mundo, a 3000 metros de altura: con monjes budistas y el \u00fanico que no tiene esto\" class=\"read-more button\" href=\"https:\/\/www.ecoticias.com\/hoyeco\/pais-feliz-mundo-monjes-budistas\/10576\/#more-10576\" aria-label=\"Leer m\u00e1s sobre Este es el pa\u00eds m\u00e1s feliz del mundo, a 3000 metros de altura: con monjes budistas y el \u00fanico que no tiene esto\">Read more<\/a><\/p>\n","protected":false},"author":6,"featured_media":10706,"comment_status":"closed","ping_status":"closed","sticky":false,"template":"","format":"standard","meta":{"footnotes":""},"categories":[2],"tags":[],"class_list":["post-10576","post","type-post","status-publish","format-standard","has-post-thumbnail","hentry","category-actualidad","resize-featured-image"],"_links":{"self":[{"href":"https:\/\/www.ecoticias.com\/hoyeco\/wp-json\/wp\/v2\/posts\/10576","targetHints":{"allow":["GET"]}}],"collection":[{"href":"https:\/\/www.ecoticias.com\/hoyeco\/wp-json\/wp\/v2\/posts"}],"about":[{"href":"https:\/\/www.ecoticias.com\/hoyeco\/wp-json\/wp\/v2\/types\/post"}],"author":[{"embeddable":true,"href":"https:\/\/www.ecoticias.com\/hoyeco\/wp-json\/wp\/v2\/users\/6"}],"replies":[{"embeddable":true,"href":"https:\/\/www.ecoticias.com\/hoyeco\/wp-json\/wp\/v2\/comments?post=10576"}],"version-history":[{"count":0,"href":"https:\/\/www.ecoticias.com\/hoyeco\/wp-json\/wp\/v2\/posts\/10576\/revisions"}],"wp:featuredmedia":[{"embeddable":true,"href":"https:\/\/www.ecoticias.com\/hoyeco\/wp-json\/wp\/v2\/media\/10706"}],"wp:attachment":[{"href":"https:\/\/www.ecoticias.com\/hoyeco\/wp-json\/wp\/v2\/media?parent=10576"}],"wp:term":[{"taxonomy":"category","embeddable":true,"href":"https:\/\/www.ecoticias.com\/hoyeco\/wp-json\/wp\/v2\/categories?post=10576"},{"taxonomy":"post_tag","embeddable":true,"href":"https:\/\/www.ecoticias.com\/hoyeco\/wp-json\/wp\/v2\/tags?post=10576"}],"curies":[{"name":"wp","href":"https:\/\/api.w.org\/{rel}","templated":true}]}}