{"id":10639,"date":"2024-09-18T17:00:10","date_gmt":"2024-09-18T15:00:10","guid":{"rendered":"https:\/\/www.ecoticias.com\/hoyeco\/?p=10639"},"modified":"2024-09-18T17:00:10","modified_gmt":"2024-09-18T15:00:10","slug":"espana-islas-salvajes-portugal-2","status":"publish","type":"post","link":"https:\/\/www.ecoticias.com\/hoyeco\/espana-islas-salvajes-portugal-2\/10639\/","title":{"rendered":"Espa\u00f1a perdi\u00f3 estas islas hace 500 a\u00f1os: ahora no sabemos si son nuestras o de otro pa\u00eds"},"content":{"rendered":"<p>Espa\u00f1a se enfrenta a una curiosa diatriba por la soberan\u00eda de estas islas, un rastro a trav\u00e9s del tiempo cuyos hechos <strong>hacen preguntarnos a d\u00eda de hoy si nos pertenecen<\/strong>. Con una interesante cronolog\u00eda donde la historia transita la era de colonizaci\u00f3n, la guerra civil espa\u00f1ola y la actualidad estas tierras tienen mucho que contar.<\/p>\n<h2>Las disputas territoriales que pierden la raz\u00f3n con el tiempo: una historia de cinco siglos y contando<\/h2>\n<p>A lo largo y ancho de la historia diversos conflictos b\u00e9licos se han fraguado en el marco de la necesidad o la ambici\u00f3n de poseer territorios, <a href=\"https:\/\/www.ecoticias.com\/hoyeco\/espana-isla-historia-curiosa-sirena\/10454\/\">Espa\u00f1a<\/a> se conocer\u00eda en siglos pasados como uno de los imperios m\u00e1s poderosos del mundo, las exploraciones dieron inicio a lo que hoy por hoy es la sociedad; una civilizaci\u00f3n intercultural.<\/p>\n<p>Ahora bien, con el paso del tiempo muchos conflictos pierden memoria de su raz\u00f3n, como lo es el caso de estas islas, donde las olas han olvidado tal como los humanos <strong>a qu\u00e9 naci\u00f3n pertenecen leg\u00edtimamente,<\/strong> entendiendo entre l\u00edneas que Espa\u00f1a las ans\u00eda, pero otro pa\u00eds se le ha adelantado y proclaman estas tierras como suyas.<\/p>\n<h2>Las Islas Salvajes, el reclamo de dos pa\u00edses<\/h2>\n<p>Las islas salvajes son un archipi\u00e9lago ubicado en el oc\u00e9ano Atl\u00e1ntico, las cuales podr\u00edan considerarse islotes debido a su peque\u00f1o tama\u00f1o<strong>, su cercan\u00eda con Espa\u00f1a es a 165 kil\u00f3metros de Canarias<\/strong> y a 280 kil\u00f3metros de Madeira, siendo Portugal el pa\u00eds con quien se disputan, pues tienen importancia pesquera y\u00a0 de control de aguas.<\/p>\n<p>Ahora bien, el archipi\u00e9lago se encuentra conformado por Salvaje Grande de 2,5 km\u00b2 aproximadamente, Salvaje Peque\u00f1a de unos 0.25 km\u00b2 y Ilh\u00e9u de Fora con una superficie muy peque\u00f1a. Cabe destacar que no se encuentran ocupados civilmente debido a sus condiciones territoriales poco habitables y por no tener agua dulce..<\/p>\n<p>Por su parte, estas geolocalizaciones se describen como terrenos \u00e1ridos, de escasa vegetaci\u00f3n y sin recursos h\u00eddricos. No obstante, su ubicaci\u00f3n es estrat\u00e9gica en el Atl\u00e1ntico debido a su cercan\u00eda con Espa\u00f1a y Portugal, siendo Tenerife la tierra m\u00e1s inmediata. Adem\u00e1s de ser considerados reservorios naturales de importancia.<\/p>\n<p>Portugal siempre ha proclamado que el archipi\u00e9lago fue hallado por sus exploradores en 1460 con Diogo Gomes como protagonista. Espa\u00f1a asegura haber llegado d\u00e9cadas antes con Jean B\u00e9rhencourt durante la colonizaci\u00f3n de Canarias, adem\u00e1s de apreciarse en un mapa de 1367 el cual fue elaborado por los hermanos Pizzigani.<\/p>\n<p>En lo que respecta a la ocupaci\u00f3n, las islas siempre han estado bajo la tutela de Portugal incluso cuando Tenerife es m\u00e1s cercana a ellas que Madeira. De hecho, en el tratado de Tordesillas en 1494, durante la divisi\u00f3n del mundo entre Espa\u00f1a y Portugal <strong>no queda claro a qui\u00e9n le pertenece el archipi\u00e9lago. <\/strong><\/p>\n<h2>El estado actual de la discrepancia por terrenos en el Atl\u00e1ntico<\/h2>\n<p>Yendo a trav\u00e9s de los siglos, despu\u00e9s del tratado de Tordesillas, se establece el perfecto precedente para una discontinua disputa por las islas, ya que <strong>no representaban especial inter\u00e9s para ambas naciones<\/strong>, discurriendo as\u00ed en la ininterrumpida ocupaci\u00f3n portuguesa sin generar mayores conflictos a lo largo del tiempo.<\/p>\n<p>Ahora bien, en 1932 Portugal inicia una legislaci\u00f3n como un derecho m\u00e1ximo adquirido y en 1938 la Comisi\u00f3n de Derecho Mar\u00edtimo le concede al pa\u00eds vecino la propiedad, sin embargo, existe un vac\u00edo, pues Espa\u00f1a no introduce un recurso necesario, pue se encuentra en medio de la Guerra Civil y no exist\u00eda cabida para otra disputa.<\/p>\n<p>Finalmente, en 1971 <a href=\"https:\/\/www.ecoticias.com\/hoyeco\/islas-tierras-raras-canarias\/7954\/\">Portugal<\/a><strong> declara las Islas Salvajes como reservorio natural<\/strong> por una cifra de 1,5 millones de euros, una jugada que entiende Espa\u00f1a como la b\u00fasqueda de la consolidaci\u00f3n leg\u00edtima del territorio. En la actualidad se busca que el archipi\u00e9lago no afecte las relaciones bilaterales de los pa\u00edses.<\/p>\n","protected":false},"excerpt":{"rendered":"<p>Espa\u00f1a se enfrenta a una curiosa diatriba por la soberan\u00eda de estas islas, un rastro a trav\u00e9s del tiempo cuyos &#8230; <\/p>\n<p class=\"read-more-container\"><a title=\"Espa\u00f1a perdi\u00f3 estas islas hace 500 a\u00f1os: ahora no sabemos si son nuestras o de otro pa\u00eds\" class=\"read-more button\" href=\"https:\/\/www.ecoticias.com\/hoyeco\/espana-islas-salvajes-portugal-2\/10639\/#more-10639\" aria-label=\"Leer m\u00e1s sobre Espa\u00f1a perdi\u00f3 estas islas hace 500 a\u00f1os: ahora no sabemos si son nuestras o de otro pa\u00eds\">Read more<\/a><\/p>\n","protected":false},"author":6,"featured_media":10726,"comment_status":"closed","ping_status":"closed","sticky":false,"template":"","format":"standard","meta":{"footnotes":""},"categories":[2],"tags":[],"class_list":["post-10639","post","type-post","status-publish","format-standard","has-post-thumbnail","hentry","category-actualidad","resize-featured-image"],"_links":{"self":[{"href":"https:\/\/www.ecoticias.com\/hoyeco\/wp-json\/wp\/v2\/posts\/10639","targetHints":{"allow":["GET"]}}],"collection":[{"href":"https:\/\/www.ecoticias.com\/hoyeco\/wp-json\/wp\/v2\/posts"}],"about":[{"href":"https:\/\/www.ecoticias.com\/hoyeco\/wp-json\/wp\/v2\/types\/post"}],"author":[{"embeddable":true,"href":"https:\/\/www.ecoticias.com\/hoyeco\/wp-json\/wp\/v2\/users\/6"}],"replies":[{"embeddable":true,"href":"https:\/\/www.ecoticias.com\/hoyeco\/wp-json\/wp\/v2\/comments?post=10639"}],"version-history":[{"count":0,"href":"https:\/\/www.ecoticias.com\/hoyeco\/wp-json\/wp\/v2\/posts\/10639\/revisions"}],"wp:featuredmedia":[{"embeddable":true,"href":"https:\/\/www.ecoticias.com\/hoyeco\/wp-json\/wp\/v2\/media\/10726"}],"wp:attachment":[{"href":"https:\/\/www.ecoticias.com\/hoyeco\/wp-json\/wp\/v2\/media?parent=10639"}],"wp:term":[{"taxonomy":"category","embeddable":true,"href":"https:\/\/www.ecoticias.com\/hoyeco\/wp-json\/wp\/v2\/categories?post=10639"},{"taxonomy":"post_tag","embeddable":true,"href":"https:\/\/www.ecoticias.com\/hoyeco\/wp-json\/wp\/v2\/tags?post=10639"}],"curies":[{"name":"wp","href":"https:\/\/api.w.org\/{rel}","templated":true}]}}