{"id":10650,"date":"2024-09-16T17:00:12","date_gmt":"2024-09-16T15:00:12","guid":{"rendered":"https:\/\/www.ecoticias.com\/hoyeco\/?p=10650"},"modified":"2024-09-16T17:00:12","modified_gmt":"2024-09-16T15:00:12","slug":"espana-desastre-natural-europa","status":"publish","type":"post","link":"https:\/\/www.ecoticias.com\/hoyeco\/espana-desastre-natural-europa\/10650\/","title":{"rendered":"Esta regi\u00f3n de Espa\u00f1a, en peligro de desastre natural inminente: Europa la se\u00f1ala y enciende las alarmas"},"content":{"rendered":"<p>Todas las zonas del planeta se encuentran expuestas a un desastre natural, unas son m\u00e1s vulnerables que otras. Un laboratorio europeo se ha dedicado a estimar <strong>cu\u00e1les son las regiones m\u00e1s propensas a experimentar una cat\u00e1strofe<\/strong> y cierta regi\u00f3n en <a href=\"https:\/\/www.ecoticias.com\/hoyeco\/arenas-movedizas-espana-region\/10470\/\">Espa\u00f1a<\/a> es una de las menos preparadas y que se encuentra en mayor riesgo.<\/p>\n<h2>El laboratorio que se dedica a estimar los riesgos en los territorios<\/h2>\n<p>Si bien la naturaleza es impredecible, es de inter\u00e9s social encontrarse en disposici\u00f3n de hacerle frente a las consecuencias de un desastre natural<strong>. Existen diversos factores que condicionan la vulnerabilidad de un territorio<\/strong> a esta clase de eventos que van desde caracter\u00edsticas medioambientales hasta econ\u00f3micas.<\/p>\n<p>Risk Data Hub forma parte del Centro de Conocimiento de Gesti\u00f3n de Datos de Riesgos o DRMKC (siglas en ingl\u00e9s) ha desarrollado un m\u00e9todo que califica el nivel de riesgo de las regiones europeas integrando 5 factores clave; medioambiental, f\u00edsico, econ\u00f3mico, pol\u00edtico y social, generando una interesante puntuaci\u00f3n.<\/p>\n<h2>La preocupante puntuaci\u00f3n de Espa\u00f1a ante un desastre natural<\/h2>\n<p>De acuerdo con los resultados de la investigaci\u00f3n realizada por el Risk Data Hub, Canarias se perfila como una <strong>regi\u00f3n altamente vulnerable ante un desastre natural<\/strong> con una puntuaci\u00f3n de 6,08 en una escala de 0 a 10. La zona m\u00e1s riesgosa de Europa ser\u00edan las Islas J\u00f3nicas en Grecia con un 7,15 como un \u00e1rea proclive a terremotos.<\/p>\n<p>En este sentido, el \u00edndice para cada dimensi\u00f3n en Canarias ser\u00eda de 7,7 en el factor f\u00edsico, 8,09 para el econ\u00f3mico, 4,32 respecto al factor medioambiental, 4,67 en el pol\u00edtico y 5,62 para social. Es decir, unos indicadores que van de medio a alto riesgo.<\/p>\n<p>Por su parte, las variables toman en consideraci\u00f3n aspectos como el n\u00famero del n\u00famero de camas hospitalarias disponibles por cada mil habitantes, calculando as\u00ed la capacidad del sistema de salud en la atenci\u00f3n de fen\u00f3menos extremos.<\/p>\n<p>Es interesante adem\u00e1s, que no solo Canarias es una zona con un puntaje alto en Espa\u00f1a, las autonom\u00edas de Andaluc\u00eda y Castilla La Mancha punt\u00faan 6,33 y 6,12 respectivamente, valores que nos hacen reflexionar sobre las medidas de prevenci\u00f3n y gesti\u00f3n de riesgos que deber\u00edan tener estas zonas para evitar mayores cat\u00e1strofes.<\/p>\n<p>Entonces, <strong>el riesgo de un desastre natural se encuentra aunado a la amenaza y la exposici\u00f3n,<\/strong> es por ello que los entes gubernamentales deben promover pol\u00edticas y protocolos altamente efectivos con el objetivo de disminuir las consecuencias, ya que es un fen\u00f3meno incontrolable para el hombre.<\/p>\n<h2>Las consecuencias econ\u00f3micas de una cat\u00e1strofe<\/h2>\n<p>Un claro ejemplo de las consecuencias en materia de econom\u00eda que puede llegar a tener un desastre natural en Espa\u00f1a data en el a\u00f1o 2022, <strong>donde los costos ascendieron los 3.600 millones de euros,<\/strong> tomando en cuenta la atenci\u00f3n inmediata, el impacto directo asegurado y no asegurado, adem\u00e1s del PIB, una cifra impresionante.<\/p>\n<p>Por su parte, en lo que respecta a Canarias, a finales de septiembre y principios de octubre del 2022 la isla experiment\u00f3 fuertes lluvias, las cuales conllevaron a da\u00f1os en infraestructuras cr\u00edticas. Un hecho que evidencia la importancia de llevar a cabo nuevas pol\u00edticas que eviten p\u00e9rdidas humanas y econ\u00f3micas.<\/p>\n<p>De acuerdo con el informe europeo en materia de gobernanza y gesti\u00f3n de riesgo, Espa\u00f1a tiene p\u00e9rdidas anuales de 1,5 billones de euros a causa de las sequ\u00edas. Un reflejo del impacto que tienen los fen\u00f3menos naturales en el viejo continente y que le dan por dem\u00e1s un duro golpe a la econom\u00eda de cada pa\u00eds.<\/p>\n<p>Finalmente, ante el cambio clim\u00e1tico, <a href=\"https:\/\/www.ecoticias.com\/hoyeco\/europa-pierde-isla-molene\/10272\/\">Europa<\/a> y por ende Espa\u00f1a se encuentra en una carrera contra el tiempo, donde <strong>el t\u00e9rmino desastre natural es cada vez m\u00e1s latente y probable,<\/strong> donde la regi\u00f3n debe adoptar posturas que busquen la restauraci\u00f3n de los ecosistemas, su la protecci\u00f3n y consecuentemente a la sociedad.<\/p>\n","protected":false},"excerpt":{"rendered":"<p>Todas las zonas del planeta se encuentran expuestas a un desastre natural, unas son m\u00e1s vulnerables que otras. Un laboratorio &#8230; <\/p>\n<p class=\"read-more-container\"><a title=\"Esta regi\u00f3n de Espa\u00f1a, en peligro de desastre natural inminente: Europa la se\u00f1ala y enciende las alarmas\" class=\"read-more button\" href=\"https:\/\/www.ecoticias.com\/hoyeco\/espana-desastre-natural-europa\/10650\/#more-10650\" aria-label=\"Leer m\u00e1s sobre Esta regi\u00f3n de Espa\u00f1a, en peligro de desastre natural inminente: Europa la se\u00f1ala y enciende las alarmas\">Read more<\/a><\/p>\n","protected":false},"author":6,"featured_media":10654,"comment_status":"closed","ping_status":"closed","sticky":false,"template":"","format":"standard","meta":{"footnotes":""},"categories":[2],"tags":[],"class_list":["post-10650","post","type-post","status-publish","format-standard","has-post-thumbnail","hentry","category-actualidad","resize-featured-image"],"_links":{"self":[{"href":"https:\/\/www.ecoticias.com\/hoyeco\/wp-json\/wp\/v2\/posts\/10650","targetHints":{"allow":["GET"]}}],"collection":[{"href":"https:\/\/www.ecoticias.com\/hoyeco\/wp-json\/wp\/v2\/posts"}],"about":[{"href":"https:\/\/www.ecoticias.com\/hoyeco\/wp-json\/wp\/v2\/types\/post"}],"author":[{"embeddable":true,"href":"https:\/\/www.ecoticias.com\/hoyeco\/wp-json\/wp\/v2\/users\/6"}],"replies":[{"embeddable":true,"href":"https:\/\/www.ecoticias.com\/hoyeco\/wp-json\/wp\/v2\/comments?post=10650"}],"version-history":[{"count":0,"href":"https:\/\/www.ecoticias.com\/hoyeco\/wp-json\/wp\/v2\/posts\/10650\/revisions"}],"wp:featuredmedia":[{"embeddable":true,"href":"https:\/\/www.ecoticias.com\/hoyeco\/wp-json\/wp\/v2\/media\/10654"}],"wp:attachment":[{"href":"https:\/\/www.ecoticias.com\/hoyeco\/wp-json\/wp\/v2\/media?parent=10650"}],"wp:term":[{"taxonomy":"category","embeddable":true,"href":"https:\/\/www.ecoticias.com\/hoyeco\/wp-json\/wp\/v2\/categories?post=10650"},{"taxonomy":"post_tag","embeddable":true,"href":"https:\/\/www.ecoticias.com\/hoyeco\/wp-json\/wp\/v2\/tags?post=10650"}],"curies":[{"name":"wp","href":"https:\/\/api.w.org\/{rel}","templated":true}]}}