{"id":10729,"date":"2024-09-28T14:30:43","date_gmt":"2024-09-28T12:30:43","guid":{"rendered":"https:\/\/www.ecoticias.com\/hoyeco\/?p=10729"},"modified":"2024-09-28T14:30:43","modified_gmt":"2024-09-28T12:30:43","slug":"primer-coche-fotovoltaico","status":"publish","type":"post","link":"https:\/\/www.ecoticias.com\/hoyeco\/primer-coche-fotovoltaico\/10729\/","title":{"rendered":"El primer coche fotovoltaico de la historia ya se vende: funciona con un motor que no lleva combustibles"},"content":{"rendered":"<p>La industria automovil\u00edstica le da la bienvenida al primer coche fotovoltaico del mercado, las fuentes de energ\u00eda renovable ya pisan fuertemente en el mercado y este nuevo lanzamiento es la prueba de ello con un <a href=\"https:\/\/www.ecoticias.com\/hoyeco\/motor-hidrogeno-sabiamos-opel\/10435\/\">motor<\/a> libre de combustibles convencionales, sin duda alguna, se est\u00e1 ante un hito hist\u00f3rico.<\/p>\n<h2>Conoce la empresa tras los bastidores de esta innovaci\u00f3n<\/h2>\n<p>Aptera Motors es la marca detr\u00e1s de la invenci\u00f3n del <strong>primer motor impulsado a por paneles fotovoltaicos,<\/strong> una tecnolog\u00eda que llev\u00f3 a\u00f1os desarrollar, pero que a d\u00eda de hoy es una realidad, convirti\u00e9ndose junto a los autom\u00f3viles el\u00e9ctricos en las mejores opciones en la era de la sostenibilidad.<\/p>\n<p>Ahora bien, la rama de la movilizaci\u00f3n solar se encuentra en auge, sin embargo, toda innovaci\u00f3n conlleva a numerosos ensayos y errores tal como lo experimentar\u00edan Lightyear y Sono Motors, compa\u00f1\u00edas que han tomado la decisi\u00f3n de suspender la producci\u00f3n de sus modelos impulsados por energ\u00eda solar.<\/p>\n<h2>El coche fotovoltaico que llega al mercado pisando fuerte<\/h2>\n<p>El Launch Edition es el modelo fotovoltaico con el que Aptera Motors se lanza a al mercado, <strong>con una autonom\u00eda de 1.600 km.<\/strong> Su tecnolog\u00eda permite la opci\u00f3n de cargar los veh\u00edculos enchuf\u00e1ndolos, aunque la empresa asegura que su dise\u00f1o con paneles solares en la zona superior de la carrocer\u00eda brinda 64 km adicionales diarios.<\/p>\n<p>Si bien la empresa no se encuentra ante una producci\u00f3n en masa, lo est\u00e1 haciendo bajo demanda, superando los 46.000 pedidos hasta ahora, teniendo previsto hacer los primeros despachos este a\u00f1o y no queda nada m\u00e1s que esperar el recibimiento popular que le estar\u00edan dando al modelo para pensar en masificar.<\/p>\n<p>Por su parte, la edici\u00f3n Launch Edition es hasta ahora el proyecto m\u00e1s jugoso que se ha tra\u00eddo entre manos la empresa, siendo por ende el m\u00e1s ambicioso, lo que conlleva a la necesidad de convencer a los inversores de la empresa de una fabricaci\u00f3n en masa de los modelos sostenibles que ya se ver\u00e1n rodar.<\/p>\n<p>Entonces, el desarrollo de nuevos productos que le permitan al hombre movilizarse sin dejar una huella de carbono hasta ahora se ha convertido en el nuevo objetivo de las grandes corporaciones, m\u00e1s all\u00e1 de un compromiso ambiental se trata de acciones que aseguren la sostenibilidad a trav\u00e9s de energ\u00edas renovables.<\/p>\n<p>No existe duda alguna, que el modelo fotovoltaico Launch Edition deja una expectativa muy alta, marcando un antes y un despu\u00e9s en la nueva industria de autom\u00f3viles sostenibles, figur\u00e1ndose junto a los coches el\u00e9ctricos como el medio de transporte que en un futuro no muy lejano movilizar\u00e1 a la poblaci\u00f3n.<\/p>\n<h2>El precio del revolucionario autom\u00f3vil: supera la cifra que tienes en la mente<\/h2>\n<p>Uno de los objetivos que se fijar\u00eda Aptera Motors para que su modelo viera la luz del d\u00eda ser\u00eda la accesibilidad econ\u00f3mica del coche fotovoltaico, pues si pretenden masificarlo, este deber\u00eda tener un precio moderado, teniendo como resultado un <strong>valor de venta de 36 000 euros,<\/strong> sin duda alguna toda una estrategia.<\/p>\n<p>Adem\u00e1s, la empresa ha anunciado la interesante decisi\u00f3n de brindar las primeras 2.000 reservas a aquellos que hayan invertido m\u00e1s de 10 000 d\u00f3lares en la compa\u00f1\u00eda, un acto que pretende agradecer y brindarle reconocimiento al importante aporte que han hecho en pro del crecimiento de la marca en el mercado.<\/p>\n<p>Cabe destacar, adem\u00e1s, que Aptera ha mantenido parte de su financiamiento mediante campa\u00f1as masivas de crowdfunding, un hecho sorprendente que destaca el impacto de la globalizaci\u00f3n existente hoy en d\u00eda y el alcance que tienen las buenas campa\u00f1as de marketing, permitiendo en un punto su supervivencia.<\/p>\n<p>Por \u00faltimo, hoy en d\u00eda la sociedad se encuentra siendo testigo de una nueva revoluci\u00f3n industrial<strong>, <\/strong>donde existe una desesperada carrera por dejar atr\u00e1s los <a href=\"https:\/\/www.ecoticias.com\/hoyeco\/motor-combustion-toyota-600-cv\/10138\/\">combustibles<\/a> y darle la bienvenida a nuevas tecnolog\u00edas como el impulso a trav\u00e9s de paneles fotovoltaicos, una gran apuesta que tendr\u00e1 una mayor recompensa.<\/p>\n","protected":false},"excerpt":{"rendered":"<p>La industria automovil\u00edstica le da la bienvenida al primer coche fotovoltaico del mercado, las fuentes de energ\u00eda renovable ya pisan &#8230; <\/p>\n<p class=\"read-more-container\"><a title=\"El primer coche fotovoltaico de la historia ya se vende: funciona con un motor que no lleva combustibles\" class=\"read-more button\" href=\"https:\/\/www.ecoticias.com\/hoyeco\/primer-coche-fotovoltaico\/10729\/#more-10729\" aria-label=\"Leer m\u00e1s sobre El primer coche fotovoltaico de la historia ya se vende: funciona con un motor que no lleva combustibles\">Read more<\/a><\/p>\n","protected":false},"author":6,"featured_media":11040,"comment_status":"closed","ping_status":"closed","sticky":false,"template":"","format":"standard","meta":{"footnotes":""},"categories":[6],"tags":[],"class_list":["post-10729","post","type-post","status-publish","format-standard","has-post-thumbnail","hentry","category-movilidad","resize-featured-image"],"_links":{"self":[{"href":"https:\/\/www.ecoticias.com\/hoyeco\/wp-json\/wp\/v2\/posts\/10729","targetHints":{"allow":["GET"]}}],"collection":[{"href":"https:\/\/www.ecoticias.com\/hoyeco\/wp-json\/wp\/v2\/posts"}],"about":[{"href":"https:\/\/www.ecoticias.com\/hoyeco\/wp-json\/wp\/v2\/types\/post"}],"author":[{"embeddable":true,"href":"https:\/\/www.ecoticias.com\/hoyeco\/wp-json\/wp\/v2\/users\/6"}],"replies":[{"embeddable":true,"href":"https:\/\/www.ecoticias.com\/hoyeco\/wp-json\/wp\/v2\/comments?post=10729"}],"version-history":[{"count":0,"href":"https:\/\/www.ecoticias.com\/hoyeco\/wp-json\/wp\/v2\/posts\/10729\/revisions"}],"wp:featuredmedia":[{"embeddable":true,"href":"https:\/\/www.ecoticias.com\/hoyeco\/wp-json\/wp\/v2\/media\/11040"}],"wp:attachment":[{"href":"https:\/\/www.ecoticias.com\/hoyeco\/wp-json\/wp\/v2\/media?parent=10729"}],"wp:term":[{"taxonomy":"category","embeddable":true,"href":"https:\/\/www.ecoticias.com\/hoyeco\/wp-json\/wp\/v2\/categories?post=10729"},{"taxonomy":"post_tag","embeddable":true,"href":"https:\/\/www.ecoticias.com\/hoyeco\/wp-json\/wp\/v2\/tags?post=10729"}],"curies":[{"name":"wp","href":"https:\/\/api.w.org\/{rel}","templated":true}]}}