{"id":10733,"date":"2024-09-22T14:30:19","date_gmt":"2024-09-22T12:30:19","guid":{"rendered":"https:\/\/www.ecoticias.com\/hoyeco\/?p=10733"},"modified":"2024-09-22T14:30:19","modified_gmt":"2024-09-22T12:30:19","slug":"isla-espanola-mundo-dragonera","status":"publish","type":"post","link":"https:\/\/www.ecoticias.com\/hoyeco\/isla-espanola-mundo-dragonera\/10733\/","title":{"rendered":"Esta isla espa\u00f1ola iba a ser el centro del mundo: los piratas la arrasaron, y ahora est\u00e1 llena de dragones"},"content":{"rendered":"<p>Espa\u00f1a posee hermosos paisajes terrestres y marinos, as\u00ed como territorios cuyos antiguos habitantes eran particulares con fauna y flora inimaginables y \u00fanicos. Como ejemplo te traemos esta isla que iba a ser el centro del mundo y que ahora est\u00e1 llena de aut\u00e9nticos <a href=\"https:\/\/www.ecoticias.com\/hoyeco\/isla-komodo-dragones-verdad\/5996\/\">dragones<\/a>.<\/p>\n<h2>La hermosa leyenda que nombra a esta isla<\/h2>\n<p>De acuerdo a la leyenda, un ej\u00e9rcito compuesto por dragones daba protecci\u00f3n a Mallorca. Pero en una \u00e9poca hubo un periodo de fr\u00edo polar y entonces los dragones se vieron obligados a huir hacia climas c\u00e1lidos. Las hembras sembraron con sus huevos a la isla y esperaban que de ellos nacieran los dragones beb\u00e9s.<\/p>\n<p>Cuando les lleg\u00f3 la hora de huir, acordaron que el <strong>beb\u00e9 drag\u00f3n que fuese el m\u00e1s valiente y fuerte<\/strong> se quedara en la isla para cuidarla, a pesar del fr\u00edo. Nadie sabe si cuando nacieron el resto huy\u00f3 con sus padres, pero s\u00ed podemos ver la silueta del valiente drag\u00f3n dormido convertido en la La Dragonera.<\/p>\n<h2>Era refugio de piratas y contrabandistas para aprovisionarse de agua<\/h2>\n<p>Esta peque\u00f1a isla se encuentra a tan solo unos 700 metros al suroeste de Mallorca. Durante muchos siglos sirvi\u00f3 de refugio a contrabandistas y piratas a la vez que les serv\u00eda como oasis de agua dulce. Esto lo hac\u00edan en la <strong>Cueva de las Fuentes tambi\u00e9n conocida como la Cueva del Moro<\/strong>.<\/p>\n<p>Pero muchas veces los barcos encallaban y se hund\u00edan por su fondo desigual por lo que se teji\u00f3 una historia que dec\u00eda que en realidad los naufragios eran debido al drag\u00f3n que proteg\u00eda esta tierra. Se despertaba y terminaba engull\u00e9ndose los nav\u00edos. Hasta hoy quien desembarca en la Cala Lledos es recibido por dragones.<\/p>\n<p>En forma de lagartos de todo tipo y tama\u00f1o que son descendientes de aquel drag\u00f3n gigantesco. Los visitantes tambi\u00e9n pueden observar sobre la superficie m\u00e1s alta de la monta\u00f1a el Faro de Tramontana que a\u00fan est\u00e1 activo. Asimismo, tambi\u00e9n pueden ver otros que ya han ca\u00eddo en desuso.<\/p>\n<p>Junto con ellos est\u00e1n los restos del pasado Meridiano Cero, que era el sitio que por muchos a\u00f1os marc\u00f3 el punto donde pasaba la l\u00ednea imaginaria que iba de norte a sur. Ella serv\u00eda de referencia en la medici\u00f3n de todas las coordenadas de la tierra.<\/p>\n<p>De hecho a\u00fan hoy si queremos, nos podemos parar sobre la vieja se\u00f1al de este Meridiano Cero y en l\u00ednea recta hacia el norte llegar\u00edamos al coraz\u00f3n de Par\u00eds. En el Observatorio, muy cerca de la Torre Eiffel. No obstante, en 1884 le robaron a La Dragonera el paso del Meridiano Cero en Par\u00eds, sustituy\u00e9ndolo por el de Greenwich.<\/p>\n<p>A pesar de ello, a\u00fan queda el recuerdo de su leyenda draconiana. Volviendo a los descendientes del drag\u00f3n guardi\u00e1n, en estas tierras ejercen su reinado unos reptiles que llevan por nombre \u201cdragonets\u201d o \u201csargantanas\u201d. Pero son conocidos coloquialmente como Lagarto de Lilford.<\/p>\n<p>Esta es una especie de peque\u00f1o reptil que vive en las islas e islotes peque\u00f1os, con poca presencia humana, que se encuentran rodeando a Menorca y Mallorca. Tienen el honor, junto al sapo balear, de ser los vertebrados terrestres de mayor antig\u00fcedad en estas tierras.<\/p>\n<h2>El Parque Natural de La Dragonera<\/h2>\n<p>Este ambiente natural est\u00e1 conformado por los islotes de Sa Mitjana y El Panteu y la propia isla de La Dragonera incluyendo una gran superficie mar\u00edtima. Su \u00e1rea que limita con Mallorca tiene un fondo <strong>cubierto por posidonia oce\u00e1nica y arena<\/strong>, que es el h\u00e1bitat de una gran biodiversidad.<\/p>\n<p>Finalizando, esta isla espa\u00f1ola que iba a ser el fin del mundo y que los piratas arrasaron es ahora un refugio natural de muchas especies marinas y terrestres. Entre estas \u00faltimas est\u00e1n los lagartos \u201cdragones\u201d. Vale la pena visitarla y observar los vestigios del <a href=\"https:\/\/www.ecoticias.com\/hoyeco\/esta-region-espanola-tiene-5-horas\/5606\/\">Meridiano<\/a> Cero que pasaba por ella.<\/p>\n","protected":false},"excerpt":{"rendered":"<p>Espa\u00f1a posee hermosos paisajes terrestres y marinos, as\u00ed como territorios cuyos antiguos habitantes eran particulares con fauna y flora inimaginables &#8230; <\/p>\n<p class=\"read-more-container\"><a title=\"Esta isla espa\u00f1ola iba a ser el centro del mundo: los piratas la arrasaron, y ahora est\u00e1 llena de dragones\" class=\"read-more button\" href=\"https:\/\/www.ecoticias.com\/hoyeco\/isla-espanola-mundo-dragonera\/10733\/#more-10733\" aria-label=\"Leer m\u00e1s sobre Esta isla espa\u00f1ola iba a ser el centro del mundo: los piratas la arrasaron, y ahora est\u00e1 llena de dragones\">Read more<\/a><\/p>\n","protected":false},"author":6,"featured_media":10734,"comment_status":"closed","ping_status":"closed","sticky":false,"template":"","format":"standard","meta":{"footnotes":""},"categories":[2],"tags":[],"class_list":["post-10733","post","type-post","status-publish","format-standard","has-post-thumbnail","hentry","category-actualidad","resize-featured-image"],"_links":{"self":[{"href":"https:\/\/www.ecoticias.com\/hoyeco\/wp-json\/wp\/v2\/posts\/10733","targetHints":{"allow":["GET"]}}],"collection":[{"href":"https:\/\/www.ecoticias.com\/hoyeco\/wp-json\/wp\/v2\/posts"}],"about":[{"href":"https:\/\/www.ecoticias.com\/hoyeco\/wp-json\/wp\/v2\/types\/post"}],"author":[{"embeddable":true,"href":"https:\/\/www.ecoticias.com\/hoyeco\/wp-json\/wp\/v2\/users\/6"}],"replies":[{"embeddable":true,"href":"https:\/\/www.ecoticias.com\/hoyeco\/wp-json\/wp\/v2\/comments?post=10733"}],"version-history":[{"count":0,"href":"https:\/\/www.ecoticias.com\/hoyeco\/wp-json\/wp\/v2\/posts\/10733\/revisions"}],"wp:featuredmedia":[{"embeddable":true,"href":"https:\/\/www.ecoticias.com\/hoyeco\/wp-json\/wp\/v2\/media\/10734"}],"wp:attachment":[{"href":"https:\/\/www.ecoticias.com\/hoyeco\/wp-json\/wp\/v2\/media?parent=10733"}],"wp:term":[{"taxonomy":"category","embeddable":true,"href":"https:\/\/www.ecoticias.com\/hoyeco\/wp-json\/wp\/v2\/categories?post=10733"},{"taxonomy":"post_tag","embeddable":true,"href":"https:\/\/www.ecoticias.com\/hoyeco\/wp-json\/wp\/v2\/tags?post=10733"}],"curies":[{"name":"wp","href":"https:\/\/api.w.org\/{rel}","templated":true}]}}