{"id":10965,"date":"2024-09-23T17:00:34","date_gmt":"2024-09-23T15:00:34","guid":{"rendered":"https:\/\/www.ecoticias.com\/hoyeco\/?p=10965"},"modified":"2024-09-23T17:00:34","modified_gmt":"2024-09-23T15:00:34","slug":"novena-isla-canarias-san-borondon","status":"publish","type":"post","link":"https:\/\/www.ecoticias.com\/hoyeco\/novena-isla-canarias-san-borondon\/10965\/","title":{"rendered":"Logran capturar la novena isla de Canarias: lleva siglos apareciendo y desapareciendo"},"content":{"rendered":"<p>Es curioso que haya una <strong>novena isla de canarias<\/strong> que aparezca y desaparezca, pero existen varias hip\u00f3tesis sobre este fen\u00f3meno visual que se reproduce desde hace varios siglos \u00bfQuieres conocerlas?<\/p>\n<h2><span data-sheets-root=\"1\">\u00bfD\u00f3nde est\u00e1 la novena isla de Canarias? Un misterio que ha durado siglos\u00a0<\/span><\/h2>\n<p>Esta novena isla sobre la cual se ha tejido una leyenda de apariciones recibe el nombre de San Borond\u00f3n y junto a las ocho islas que todo el mundo conoce y ubica en el oc\u00e9ano Atl\u00e1ntico cerca de Marruecos, comprende el archipi\u00e9lago Islas Canarias.<\/p>\n<p>No es precisamente desde ayer que esta legendaria isla le ha dado por aparecer y desaparecer, pues hay registros que documentan este <strong>fen\u00f3meno a partir del siglo XIII<\/strong>, transcurriendo muchos a\u00f1os entre una y otra aparici\u00f3n.<\/p>\n<p>Aunque se inform\u00f3 sobre la aparici\u00f3n de esta isla en la \u00faltima d\u00e9cada del siglo XIII, fue con la invenci\u00f3n de la fotograf\u00eda que se producir\u00eda la motivaci\u00f3n de capturar su imagen justo en el momento en que aparece, claro est\u00e1, conociendo la posible ubicaci\u00f3n.<\/p>\n<p>Se presume que la isla de San Borond\u00f3n est\u00e1 <strong>ubicada entre Hierro y La Palma<\/strong>, espec\u00edficamente a 500 kms de la primera y a 200 de la segunda, sin embargo, hay que tomar en cuenta que se trata de una presunci\u00f3n, por lo que podr\u00eda estar como no estarlo.<\/p>\n<h2>Por qu\u00e9 aparece y desaparece parte de Islas Canarias<\/h2>\n<p>Han sido dos las apariciones de la novena isla que han sido documentadas desde el siglo XIII, aunque naturalmente antes deben igualmente haberse producido otras, pero ante la ausencia de n\u00edtida o moderna evidencia gr\u00e1fica es dif\u00edcil precisar su forma y ubicaci\u00f3n.<\/p>\n<p>Los rudimentarios mapas donde aparece esta t\u00edmida o misteriosa isla la presentan como una porci\u00f3n de tierra que tiene aproximadamente 155 kms de anchura y 480 kms de longitud, por lo que ser\u00eda m\u00e1s grande que las otras <strong>8 islas que componen el archipi\u00e9lago<\/strong>.<\/p>\n<h3>Fechas reportadas de la aparici\u00f3n de la isla de San Borond\u00f3n<\/h3>\n<p>\u00bfCre\u00edas que jam\u00e1s hab\u00eda sido vista esta isla? Lo cierto es que no solo una, sino dos veces:<\/p>\n<ul>\n<li>1280 : Fue la primera vez que se document\u00f3 y lo hizo el explorador ingl\u00e9s Hereford, dibuj\u00e1ndola con forma de barca y ubic\u00e1ndola al oeste.<\/li>\n<li>1755: Un mapa de ese a\u00f1o nuevamente la representa y ubica gr\u00e1ficamente de manera similar a la primera.<\/li>\n<\/ul>\n<p>Es decir, transcurrieron casi cinco siglos entre una aparici\u00f3n y otra y desde la \u00faltima vez nadie m\u00e1s la ha vuelto a ver, sin importar los esfuerzos que se han invertido para comprobar si se trata de una leyenda o es una realidad.<\/p>\n<p>Aunque se han realizado estudios con las herramientas y tecnolog\u00edas disponibles hoy en d\u00eda, aun no ha sido posible confirmar la presencia de la que podr\u00eda ser <strong>la mayor de Islas Canarias<\/strong>.<\/p>\n<h2>\u00bfQuieres una fotograf\u00eda de esta isla cuando aparezca?<\/h2>\n<p>La leyenda no nace desde el siglo XIII, sino desde mucho antes con un monje del siglo VI. Se trata de un religioso irland\u00e9s que luego recibir\u00eda el nombre de San Brandan y quien buscando el Ed\u00e9n iniciar\u00eda el relato fant\u00e1stico de una isla que aparece y desaparece.<\/p>\n<p>Desde esa remota \u00e9poca ha corrido el rumor que la isla emerge del mar a voluntad y los afortunados que pueden verla e incluso llegar hasta ella <strong>encontrar\u00e1n abundante y ex\u00f3tica vegetaci\u00f3n<\/strong>, precisamente como si fuera el para\u00edso terrenal.<\/p>\n<p>Ahora bien, aplicando un poco de l\u00f3gica, si aparece cada 475 a\u00f1os es de suponer que su pr\u00f3xima aparici\u00f3n ser\u00e1 en el 2230, por lo que se tendr\u00e1 que anotar la fecha y pedirle a los pobladores del futuro que recuerden capturar su imagen en una fotograf\u00eda.<\/p>\n<p>En definitiva,<span data-sheets-root=\"1\"> capturar la <strong>novena isla de Canarias<\/strong> puede ser un tanto dif\u00edcil, aun cuando no sea una leyenda, pues si deben transcurrir siglos entre una aparici\u00f3n y otra es l\u00f3gico pensar que la generaci\u00f3n actual y la siguiente no tendr\u00e1n esa posibilidad \u00a1Tal vez sean los robots del 2230 los que puedan capturarla!<\/span><\/p>\n","protected":false},"excerpt":{"rendered":"<p>Es curioso que haya una novena isla de canarias que aparezca y desaparezca, pero existen varias hip\u00f3tesis sobre este fen\u00f3meno &#8230; <\/p>\n<p class=\"read-more-container\"><a title=\"Logran capturar la novena isla de Canarias: lleva siglos apareciendo y desapareciendo\" class=\"read-more button\" href=\"https:\/\/www.ecoticias.com\/hoyeco\/novena-isla-canarias-san-borondon\/10965\/#more-10965\" aria-label=\"Leer m\u00e1s sobre Logran capturar la novena isla de Canarias: lleva siglos apareciendo y desapareciendo\">Read more<\/a><\/p>\n","protected":false},"author":9,"featured_media":11021,"comment_status":"closed","ping_status":"closed","sticky":false,"template":"","format":"standard","meta":{"footnotes":""},"categories":[2],"tags":[],"class_list":["post-10965","post","type-post","status-publish","format-standard","has-post-thumbnail","hentry","category-actualidad","resize-featured-image"],"_links":{"self":[{"href":"https:\/\/www.ecoticias.com\/hoyeco\/wp-json\/wp\/v2\/posts\/10965","targetHints":{"allow":["GET"]}}],"collection":[{"href":"https:\/\/www.ecoticias.com\/hoyeco\/wp-json\/wp\/v2\/posts"}],"about":[{"href":"https:\/\/www.ecoticias.com\/hoyeco\/wp-json\/wp\/v2\/types\/post"}],"author":[{"embeddable":true,"href":"https:\/\/www.ecoticias.com\/hoyeco\/wp-json\/wp\/v2\/users\/9"}],"replies":[{"embeddable":true,"href":"https:\/\/www.ecoticias.com\/hoyeco\/wp-json\/wp\/v2\/comments?post=10965"}],"version-history":[{"count":0,"href":"https:\/\/www.ecoticias.com\/hoyeco\/wp-json\/wp\/v2\/posts\/10965\/revisions"}],"wp:featuredmedia":[{"embeddable":true,"href":"https:\/\/www.ecoticias.com\/hoyeco\/wp-json\/wp\/v2\/media\/11021"}],"wp:attachment":[{"href":"https:\/\/www.ecoticias.com\/hoyeco\/wp-json\/wp\/v2\/media?parent=10965"}],"wp:term":[{"taxonomy":"category","embeddable":true,"href":"https:\/\/www.ecoticias.com\/hoyeco\/wp-json\/wp\/v2\/categories?post=10965"},{"taxonomy":"post_tag","embeddable":true,"href":"https:\/\/www.ecoticias.com\/hoyeco\/wp-json\/wp\/v2\/tags?post=10965"}],"curies":[{"name":"wp","href":"https:\/\/api.w.org\/{rel}","templated":true}]}}