{"id":11197,"date":"2024-09-27T17:00:16","date_gmt":"2024-09-27T15:00:16","guid":{"rendered":"https:\/\/www.ecoticias.com\/hoyeco\/?p=11197"},"modified":"2024-09-27T17:00:16","modified_gmt":"2024-09-27T15:00:16","slug":"islas-salvajes-espana-portugal","status":"publish","type":"post","link":"https:\/\/www.ecoticias.com\/hoyeco\/islas-salvajes-espana-portugal\/11197\/","title":{"rendered":"Portugal traiciona a Espa\u00f1a y le roba estas islas: acaban de romper un acuerdo de 500 a\u00f1os"},"content":{"rendered":"<p>Es cierto que <strong>romper un acuerdo<\/strong> siempre traer\u00e1 consecuencias, sobre todo si este es muy antiguo e interesa mantenerse entre las partes involucradas. A continuaci\u00f3n te contamos los pormenores de un acuerdo de 500 a\u00f1os entre Portugal y Espa\u00f1a que acaba de ser roto.<\/p>\n<h2><span data-sheets-root=\"1\">Adivina por qu\u00e9 Portugal y Espa\u00f1a acaban de romper un acuerdo de 500 a\u00f1os<\/span><\/h2>\n<p>A menudo se ha dicho que los acuerdos se hacen para evitar conflictos y por ello deben respetarse, pero eso no parece ser lo que pensaron las autoridades de Portugal sobre el compromiso adquirido con Espa\u00f1a respecto a una islas ubicadas en el Atl\u00e1ntico Norte.<\/p>\n<p>Hace cinco siglos se tranz\u00f3 una disputa entre Portugal y Espa\u00f1a por un archipi\u00e9lago de escasa extensi\u00f3n territorial, pero de clara importancia estrat\u00e9gica debido a su ubicaci\u00f3n.<\/p>\n<p>Se trata de las Islas Salvajes, tan peque\u00f1as que no superan los tres kil\u00f3metros cuadrados, pero de un alto valor geopol\u00edtico porque desde ellas pueden controlarse vastas zonas mar\u00edtimas.<\/p>\n<p>Precisamente para evitar que el otro pa\u00eds hiciera uso de tal control en perjuicio del otro se estableci\u00f3 un acuerdo sobre las islas con las siguientes condiciones:<\/p>\n<ul>\n<li>No disputa por parte de Espa\u00f1a de la soberan\u00eda de Portugal sobre las islas<\/li>\n<li>Reclamo de Espa\u00f1a del \u00e1rea mar\u00edtima<\/li>\n<li>Mantenimiento de reserva natural<\/li>\n<li>Extensi\u00f3n de la ZEE o Zona Econ\u00f3mica Exclusiva por parte de Espa\u00f1a<\/li>\n<\/ul>\n<p>En otras palabras, el acuerdo era que Portugal mantuviera el control sobre las islas siempre y cuando estableciera una reserva natural en ellas y Espa\u00f1a pudiera extender a partir de ellas su Zona Econ\u00f3mica Exclusiva (ZEE).<\/p>\n<h2>Por qu\u00e9 las salvajes ganas de Portugal de romper con un acuerdo<\/h2>\n<p>El control sobre las dos islas (Salvaje Grande y Pit\u00f3n Peque\u00f1a) e islas peque\u00f1as que conforman el archipi\u00e9lago lo ha tenido Portugal desde 1938, cuando Espa\u00f1a estaba sumida en una guerra civil y no pudo impedir que la Comisi\u00f3n Permanente de Derecho Mar\u00edtimo Internacional fallara a favor de los lusitanos.<\/p>\n<p>A partir de 1971 Portugal consolidar\u00eda su control sobre este estrat\u00e9gico archipi\u00e9lago mediante tres acciones claves:<\/p>\n<ul>\n<li>Crea la Reserva Natural de las Islas Salvajes<\/li>\n<li>Construye una estaci\u00f3n de guardacostas<\/li>\n<li>Realiza expediciones cient\u00edficas a las islas<\/li>\n<\/ul>\n<h3>De reserva natural a Zona Econ\u00f3mica Especial<\/h3>\n<p>La situaci\u00f3n sobre el control de las Islas Salvajes cambia radicalmente cuando Espa\u00f1a reclama en 2015 ante la ONU su derecho a las aguas circundantes, tal como estaba establecido en el acuerdo, al no constituir el archipi\u00e9lago parte de una Zona Econ\u00f3mica Exclusiva.<\/p>\n<p>El caso es que si estas islas fueran parte de una ZEE la soberan\u00eda que ejerce sobre ellas la regi\u00f3n aut\u00f3noma de Madeira no podr\u00eda discutirse, pero Espa\u00f1a ha encontrado que este archipi\u00e9lago incumple los criterios que establece la\u00a0 Convenci\u00f3n de las Naciones Unidas sobre el Derecho del Mar (CNUDM) para este tipo de zona, como son la de estar habitadas y contar con actividades econ\u00f3micas.<\/p>\n<p>Otro punto alegado por Espa\u00f1a para revertir de cierta manera el dictamen de la Comisi\u00f3n Permanente de Derecho Mar\u00edtimo Internacional es que las Islas Salvajes est\u00e1n m\u00e1s cerca de Islas Canarias y no tanto de Madeira.<\/p>\n<h2>Consecuencias de un acuerdo roto sobre unas salvajes<\/h2>\n<p>Ante esta situaci\u00f3n Portugal no ha visto otra medida que romper el acuerdo y tratar de que en las islas haya m\u00e1s actividad econ\u00f3mica, especialmente vinculada con la pesca y la producci\u00f3n petrolera, lo que generar\u00eda nefastas consecuencias econ\u00f3micas y ambientales.<\/p>\n<p>Al permitirse que en este archipi\u00e9lago haya actividades econ\u00f3micas, espec\u00edficamente pesca de at\u00fan, sobre la cual tendr\u00eda competencias el gobierno de Madeira, esto afectar\u00eda las actividades pesqueras llevadas a cabo en Islas Canarias y por otro lado la reserva natural que actualmente funciona en las islas podr\u00eda verse afectada.<\/p>\n<p>En conclusi\u00f3n, Portugal al <strong>romper un acuerdo<\/strong> con Espa\u00f1a de mantener una reserva natural en las Islas Salvajes y de no realizar actividades econ\u00f3micas en ellas, no solo estar\u00eda dejando sin lugar a reclamos a Espa\u00f1a sobre la extensi\u00f3n de su ZEE, sino que adem\u00e1s estar\u00eda afectando la biodiversidad.<\/p>\n","protected":false},"excerpt":{"rendered":"<p>Es cierto que romper un acuerdo siempre traer\u00e1 consecuencias, sobre todo si este es muy antiguo e interesa mantenerse entre &#8230; <\/p>\n<p class=\"read-more-container\"><a title=\"Portugal traiciona a Espa\u00f1a y le roba estas islas: acaban de romper un acuerdo de 500 a\u00f1os\" class=\"read-more button\" href=\"https:\/\/www.ecoticias.com\/hoyeco\/islas-salvajes-espana-portugal\/11197\/#more-11197\" aria-label=\"Leer m\u00e1s sobre Portugal traiciona a Espa\u00f1a y le roba estas islas: acaban de romper un acuerdo de 500 a\u00f1os\">Read more<\/a><\/p>\n","protected":false},"author":9,"featured_media":11265,"comment_status":"closed","ping_status":"closed","sticky":false,"template":"","format":"standard","meta":{"footnotes":""},"categories":[2],"tags":[],"class_list":["post-11197","post","type-post","status-publish","format-standard","has-post-thumbnail","hentry","category-actualidad","resize-featured-image"],"_links":{"self":[{"href":"https:\/\/www.ecoticias.com\/hoyeco\/wp-json\/wp\/v2\/posts\/11197","targetHints":{"allow":["GET"]}}],"collection":[{"href":"https:\/\/www.ecoticias.com\/hoyeco\/wp-json\/wp\/v2\/posts"}],"about":[{"href":"https:\/\/www.ecoticias.com\/hoyeco\/wp-json\/wp\/v2\/types\/post"}],"author":[{"embeddable":true,"href":"https:\/\/www.ecoticias.com\/hoyeco\/wp-json\/wp\/v2\/users\/9"}],"replies":[{"embeddable":true,"href":"https:\/\/www.ecoticias.com\/hoyeco\/wp-json\/wp\/v2\/comments?post=11197"}],"version-history":[{"count":0,"href":"https:\/\/www.ecoticias.com\/hoyeco\/wp-json\/wp\/v2\/posts\/11197\/revisions"}],"wp:featuredmedia":[{"embeddable":true,"href":"https:\/\/www.ecoticias.com\/hoyeco\/wp-json\/wp\/v2\/media\/11265"}],"wp:attachment":[{"href":"https:\/\/www.ecoticias.com\/hoyeco\/wp-json\/wp\/v2\/media?parent=11197"}],"wp:term":[{"taxonomy":"category","embeddable":true,"href":"https:\/\/www.ecoticias.com\/hoyeco\/wp-json\/wp\/v2\/categories?post=11197"},{"taxonomy":"post_tag","embeddable":true,"href":"https:\/\/www.ecoticias.com\/hoyeco\/wp-json\/wp\/v2\/tags?post=11197"}],"curies":[{"name":"wp","href":"https:\/\/api.w.org\/{rel}","templated":true}]}}