{"id":11297,"date":"2024-10-01T16:00:31","date_gmt":"2024-10-01T14:00:31","guid":{"rendered":"https:\/\/www.ecoticias.com\/hoyeco\/?p=11297"},"modified":"2024-10-01T16:00:31","modified_gmt":"2024-10-01T14:00:31","slug":"coche-volkswagen-polo-espana","status":"publish","type":"post","link":"https:\/\/www.ecoticias.com\/hoyeco\/coche-volkswagen-polo-espana\/11297\/","title":{"rendered":"Adi\u00f3s a este m\u00edtico coche en Espa\u00f1a: desaparece de las carreteras tras 40 a\u00f1os con nosotros"},"content":{"rendered":"<p>Hay veh\u00edculos que marcan historia y dejan una huella profunda entre sus propietarios, y muy pronto uno de ellos se ir\u00e1 para siempre de las carreteras. Este m\u00edtico <a href=\"https:\/\/www.ecoticias.com\/hoyeco\/coches-electricos-china-futuro\/10721\/\">coche<\/a> estuvo durante 40 a\u00f1os en Espa\u00f1a, por eso nos sorprende la noticia de que desaparece y no volver\u00e1 jam\u00e1s, y aqu\u00ed te contamos el por qu\u00e9. Veamos mas de cerca.<\/p>\n<h2>Despu\u00e9s de 40 a\u00f1os la historia llega a su fin<\/h2>\n<p>El hecho de que un coche se fabrique durante 40 a\u00f1os significa que est\u00e1 en lo m\u00e1s alto de la escala de la calidad, sobre todo si durante todo ese tiempo se ha mantenido entre los m\u00e1s vendidos de Europa. Por eso <strong>el adi\u00f3s del <\/strong><strong>Volkswagen Polo <\/strong><strong>deja tras de s\u00ed un poco de melancol\u00eda<\/strong>, y la expectativa de lo que puede llegar.<\/p>\n<p>Con un poco de nostalgia Espa\u00f1a despide a este modelo, y proceder\u00e1 a abrir las puertas de su planta en Pamplona al innovador ID.2, con la perspectiva de que se convierta en el veh\u00edculo el\u00e9ctrico m\u00e1s vendido. De esta forma ser\u00eda el digno sucesor del Polo que dice adi\u00f3s para siempre, dejando tras de s\u00ed una historia exitosa.<\/p>\n<h2>Espa\u00f1a se despide de la gasolina y entra en la era de la electricidad<\/h2>\n<p>1984 marc\u00f3 un hito en la historia de la industria automotriz en Espa\u00f1a, porque en ese a\u00f1o se inici\u00f3 la fabricaci\u00f3n de uno de los coches m\u00e1s apreciados en el continente europeo, como es el Volkswagen Polo. Durante todos sus 40 a\u00f1os de trayectoria, <strong>se mantuvo en los primeros lugares de venta<\/strong> de esa marca de calidad tan reconocida.<\/p>\n<p>Pero lamentablemente veremos c\u00f3mo desaparece de la planta de Pamplona, donde se fabricaron m\u00e1s de 8.000.000 de unidades, lo que da una idea muy clara de los altos est\u00e1ndares de calidad que caracterizaron a este modelo de coche. Sin embargo, esto no significa que la f\u00e1brica vaya a dejar de trabajar, sino todo lo contrario.<\/p>\n<p>Ya que de ahora en adelante va a entrar en la era de la ecolog\u00eda y las energ\u00edas limpias, para producir modelos el\u00e9ctricos de Volkswagen, Cupra y Skoda. Esta es la raz\u00f3n fundamental por la que se dejar\u00e1n de producir los modelos a gasolina, pues ya es hora de que este gigante automotriz mire hacia el futuro.<\/p>\n<p>Y ya es un hecho, <strong>el Polo tiene un sucesor en esa planta de Espa\u00f1a, se trata del Volkswagen ID.2<\/strong>, un coche el\u00e9ctrico que entra en la categor\u00eda de los utilitarios, y que\u00a0 se convertir\u00e1 en uno de los favoritos del p\u00fablico. Pues entre otras cosas, su precio estar\u00e1 por debajo de los 25.000 EUR, y ofrece muy buenas prestaciones.<\/p>\n<h2>Volkswagen est\u00e1 decidida a encabezar el mercado de los coches el\u00e9ctricos<\/h2>\n<p>Aunque <strong>el adi\u00f3s del Polo nos deja con cierta nostalgia<\/strong>, es indudable que la industria automotriz est\u00e1 tomando un nuevo rumbo, que la llevar\u00e1 a su objetivo final que es llevar a cero el nivel de emisiones de gases de efecto invernadero. Y al parecer, ser\u00e1 de la mano de los coches el\u00e9ctricos, por eso Volkswagen se est\u00e1 renovando..<\/p>\n<p>Empezar\u00e1 a producir en Espa\u00f1a el Volkswagen ID.2, que funciona con electricidad, y promete ser uno de los modelos m\u00e1s populares de esa categor\u00eda de veh\u00edculos. Entre sus atractivos se encuentran la comodidad del espacio interior, la autonom\u00eda de 450 km, y claro est\u00e1, su precio que ser\u00e1 menor a los 25000 EUR.<\/p>\n<p>Concluyendo, el <a href=\"https:\/\/www.ecoticias.com\/hoyeco\/volkswagen-hidrogeno-combustibles\/10210\/\">Volkswagen<\/a> Polo hoy le dice adi\u00f3s para siempre a Espa\u00f1a, desaparece de sus carreteras, y deja una huella importante en la historia automotriz. Su lugar ser\u00e1 ocupado por el coche el\u00e9ctrico ID.2, que llega para conquistar a los usuarios con todas sus grandes prestaciones y un precio muy competitivo.<\/p>\n","protected":false},"excerpt":{"rendered":"<p>Hay veh\u00edculos que marcan historia y dejan una huella profunda entre sus propietarios, y muy pronto uno de ellos se &#8230; <\/p>\n<p class=\"read-more-container\"><a title=\"Adi\u00f3s a este m\u00edtico coche en Espa\u00f1a: desaparece de las carreteras tras 40 a\u00f1os con nosotros\" class=\"read-more button\" href=\"https:\/\/www.ecoticias.com\/hoyeco\/coche-volkswagen-polo-espana\/11297\/#more-11297\" aria-label=\"Leer m\u00e1s sobre Adi\u00f3s a este m\u00edtico coche en Espa\u00f1a: desaparece de las carreteras tras 40 a\u00f1os con nosotros\">Read more<\/a><\/p>\n","protected":false},"author":6,"featured_media":11442,"comment_status":"closed","ping_status":"closed","sticky":false,"template":"","format":"standard","meta":{"footnotes":""},"categories":[6],"tags":[],"class_list":["post-11297","post","type-post","status-publish","format-standard","has-post-thumbnail","hentry","category-movilidad","resize-featured-image"],"_links":{"self":[{"href":"https:\/\/www.ecoticias.com\/hoyeco\/wp-json\/wp\/v2\/posts\/11297","targetHints":{"allow":["GET"]}}],"collection":[{"href":"https:\/\/www.ecoticias.com\/hoyeco\/wp-json\/wp\/v2\/posts"}],"about":[{"href":"https:\/\/www.ecoticias.com\/hoyeco\/wp-json\/wp\/v2\/types\/post"}],"author":[{"embeddable":true,"href":"https:\/\/www.ecoticias.com\/hoyeco\/wp-json\/wp\/v2\/users\/6"}],"replies":[{"embeddable":true,"href":"https:\/\/www.ecoticias.com\/hoyeco\/wp-json\/wp\/v2\/comments?post=11297"}],"version-history":[{"count":0,"href":"https:\/\/www.ecoticias.com\/hoyeco\/wp-json\/wp\/v2\/posts\/11297\/revisions"}],"wp:featuredmedia":[{"embeddable":true,"href":"https:\/\/www.ecoticias.com\/hoyeco\/wp-json\/wp\/v2\/media\/11442"}],"wp:attachment":[{"href":"https:\/\/www.ecoticias.com\/hoyeco\/wp-json\/wp\/v2\/media?parent=11297"}],"wp:term":[{"taxonomy":"category","embeddable":true,"href":"https:\/\/www.ecoticias.com\/hoyeco\/wp-json\/wp\/v2\/categories?post=11297"},{"taxonomy":"post_tag","embeddable":true,"href":"https:\/\/www.ecoticias.com\/hoyeco\/wp-json\/wp\/v2\/tags?post=11297"}],"curies":[{"name":"wp","href":"https:\/\/api.w.org\/{rel}","templated":true}]}}