{"id":11310,"date":"2024-09-30T16:30:54","date_gmt":"2024-09-30T14:30:54","guid":{"rendered":"https:\/\/www.ecoticias.com\/hoyeco\/?p=11310"},"modified":"2024-09-30T16:30:54","modified_gmt":"2024-09-30T14:30:54","slug":"mito-espana-islas-micronesia","status":"publish","type":"post","link":"https:\/\/www.ecoticias.com\/hoyeco\/mito-espana-islas-micronesia\/11310\/","title":{"rendered":"El mito m\u00e1s conocido de la historia de Espa\u00f1a, resuelto: hemos encontrado la soluci\u00f3n al otro lado del mundo"},"content":{"rendered":"<p>Es probable que durante el estudio de la <strong>historia de Espa\u00f1a<\/strong> hayas escuchado sobre el curioso mito de las islas perdidas. Aqu\u00ed te contamos el origen del mismo y c\u00f3mo del otro lado del mundo ha surgido su aclaraci\u00f3n.<\/p>\n<h2>En la historia de Espa\u00f1a hay muchos mitos, pero ninguno como este<\/h2>\n<p>El mito al cual hacemos referencia <strong>data de los tiempos de la dictadura de Franco<\/strong> y tiene que ver con unas islas localizadas en el Pac\u00edfico, las cuales hab\u00edan formado parte de una negociaci\u00f3n entre Espa\u00f1a y Alemania.<\/p>\n<p>Su origen o elemento desencadenante se atribuye a Emilio Pastor Santos, quien en una revisi\u00f3n de algunos documentos del Ministerio de Asuntos Exteriores pudo notar que el Imperio Espa\u00f1ol parec\u00eda estar renaciendo al todav\u00eda contar con cuatros islas en el Pac\u00edfico.<\/p>\n<p>El asunto era que Santos hab\u00eda encontrado una lista oficial de unas islas que Espa\u00f1a hab\u00eda traspasado a Alemania unos cincuenta a\u00f1os antes y en ellas no figuraban cuatro islas, siendo esto indicativo de que todav\u00eda eran de dominio espa\u00f1ol.<\/p>\n<p>Apenas se hizo p\u00fablico el hallazgo, <strong>el dictador quiso hacerse publicidad<\/strong> e hizo destacar en diarios de la \u00e9poca titulares vinculados con la soberan\u00eda espa\u00f1ola sobre cuatro islas del Pac\u00edfico:<\/p>\n<ul>\n<li class=\"voc-subtitle\">Guedes o Mapia (archipi\u00e9lago de las Marianas)<\/li>\n<li class=\"voc-subtitle\">Coroa o Ronguerik (archipi\u00e9lago de las Marianas)<\/li>\n<li class=\"voc-subtitle\">Pescadores o Kapingamarangi (archipi\u00e9lago de Palaos)<\/li>\n<li class=\"voc-subtitle\">Ocea o Nikuoro (Las Carolinas)<\/li>\n<\/ul>\n<h2>Las cuatro islas del Pac\u00edfico que no estaban en lista de compras de Alemania<\/h2>\n<p>Las islas que forman parte del mito no aparecen en ning\u00fan decreto real como parte de su venta a los alemanes junto a las islas Carolinas, que <strong>fueron parte del imperio espa\u00f1ol por all\u00e1 en 1526<\/strong> y que doscientos a\u00f1os m\u00e1s tarde formaron su posesi\u00f3n fue resuelta mediante un laudo arbitral.<\/p>\n<p>Estas son peque\u00f1as islas deshabitadas o atolones en realidad porque tienen forma anular en cuyo centro muestran un lago con desembocadura al mar, y se encuentran ubicadas en la Micronesia espa\u00f1ola.<\/p>\n<h3>\u00bfPor qu\u00e9 Espa\u00f1a entreg\u00f3 Las Carolinas a los alemanes?<\/h3>\n<p>Espa\u00f1a luego de perder M\u00e9xico tuvo muchos problemas para mantener el control sobre las islas del Pac\u00edfico, pues se trataba de un territorio tan extenso como disperso sobre el cual la corona espa\u00f1ola, <strong>debido a su lejan\u00eda, ejerc\u00eda poco control<\/strong>.<\/p>\n<p>De all\u00ed que siendo Alemania una naciente potencia industrial para 1885 mostr\u00f3 inter\u00e9s en estas posesiones espa\u00f1olas del Pac\u00edfico, enviando una fuerza militar al archipi\u00e9lago Yap con el fin de anexarlo al dominio alem\u00e1n.<\/p>\n<p>La disputa territorial fue zanjada a trav\u00e9s de un laudo refrendado por el Papa de aquel entonces, Le\u00f3n XIII, bajo el cual se establec\u00eda el mantenimiento del dominio espa\u00f1ol pero aseguraba los derechos comerciales de Alemania sobre estas islas.<\/p>\n<h2><span data-sheets-root=\"1\">Pero \u00bfes mito que a la fecha todav\u00eda existe una parte del imperio espa\u00f1ol?<\/span><\/h2>\n<p>Aunque <strong>parec\u00eda que Espa\u00f1a no hab\u00eda perdido el laudo<\/strong>, en realidad una de las exigencias del mismo es que el casi ya extinto Imperio Espa\u00f1ol para seguir manteniendo posesi\u00f3n sobre estos territorios se compromet\u00eda a mantener su presencia, algo que resultaba costoso.<\/p>\n<p>As\u00ed que fue cuesti\u00f3n de tiempo para que los alemanes aprovecharan las dificultades de Espa\u00f1a para mantener su presencia en estas islas aun bajo poder espa\u00f1ol y que dif\u00edcilmente no se perdieron durante la guerra contra Estados Unidos en 1898.<\/p>\n<p>Con un imperio espa\u00f1ol colonial menguado tras las p\u00e9rdidas de Filipinas, Puerto Rico y Cuba, pareci\u00f3 una buena oferta el pago alem\u00e1n de 25 millones de pesetas por las islas Carolinas, pero en la compra parecen que no estaban incluido el grupo de cuatro peque\u00f1as islas que ahora son parte de un mito.<\/p>\n<p>En conclusi\u00f3n, hasta 2014 estuvo vigente el mito de un remanente de la historia de <strong>Espa\u00f1a<\/strong> y su imperio colonial, descansando sobre estas cuatro islas de la Micronesia, cuando la respuesta gubernamental fue que la negociaci\u00f3n inclu\u00eda todas las posesiones de Espa\u00f1a en el Pac\u00edfico, aunque no tuvieran en la lista de compras, y hasta all\u00ed lleg\u00f3 el mito.<\/p>\n","protected":false},"excerpt":{"rendered":"<p>Es probable que durante el estudio de la historia de Espa\u00f1a hayas escuchado sobre el curioso mito de las islas &#8230; <\/p>\n<p class=\"read-more-container\"><a title=\"El mito m\u00e1s conocido de la historia de Espa\u00f1a, resuelto: hemos encontrado la soluci\u00f3n al otro lado del mundo\" class=\"read-more button\" href=\"https:\/\/www.ecoticias.com\/hoyeco\/mito-espana-islas-micronesia\/11310\/#more-11310\" aria-label=\"Leer m\u00e1s sobre El mito m\u00e1s conocido de la historia de Espa\u00f1a, resuelto: hemos encontrado la soluci\u00f3n al otro lado del mundo\">Read more<\/a><\/p>\n","protected":false},"author":9,"featured_media":11338,"comment_status":"closed","ping_status":"closed","sticky":false,"template":"","format":"standard","meta":{"footnotes":""},"categories":[2],"tags":[],"class_list":["post-11310","post","type-post","status-publish","format-standard","has-post-thumbnail","hentry","category-actualidad","resize-featured-image"],"_links":{"self":[{"href":"https:\/\/www.ecoticias.com\/hoyeco\/wp-json\/wp\/v2\/posts\/11310","targetHints":{"allow":["GET"]}}],"collection":[{"href":"https:\/\/www.ecoticias.com\/hoyeco\/wp-json\/wp\/v2\/posts"}],"about":[{"href":"https:\/\/www.ecoticias.com\/hoyeco\/wp-json\/wp\/v2\/types\/post"}],"author":[{"embeddable":true,"href":"https:\/\/www.ecoticias.com\/hoyeco\/wp-json\/wp\/v2\/users\/9"}],"replies":[{"embeddable":true,"href":"https:\/\/www.ecoticias.com\/hoyeco\/wp-json\/wp\/v2\/comments?post=11310"}],"version-history":[{"count":0,"href":"https:\/\/www.ecoticias.com\/hoyeco\/wp-json\/wp\/v2\/posts\/11310\/revisions"}],"wp:featuredmedia":[{"embeddable":true,"href":"https:\/\/www.ecoticias.com\/hoyeco\/wp-json\/wp\/v2\/media\/11338"}],"wp:attachment":[{"href":"https:\/\/www.ecoticias.com\/hoyeco\/wp-json\/wp\/v2\/media?parent=11310"}],"wp:term":[{"taxonomy":"category","embeddable":true,"href":"https:\/\/www.ecoticias.com\/hoyeco\/wp-json\/wp\/v2\/categories?post=11310"},{"taxonomy":"post_tag","embeddable":true,"href":"https:\/\/www.ecoticias.com\/hoyeco\/wp-json\/wp\/v2\/tags?post=11310"}],"curies":[{"name":"wp","href":"https:\/\/api.w.org\/{rel}","templated":true}]}}