{"id":11392,"date":"2024-10-03T14:30:09","date_gmt":"2024-10-03T12:30:09","guid":{"rendered":"https:\/\/www.ecoticias.com\/hoyeco\/?p=11392"},"modified":"2024-10-03T14:30:09","modified_gmt":"2024-10-03T12:30:09","slug":"europa-paneles-solares-balcones","status":"publish","type":"post","link":"https:\/\/www.ecoticias.com\/hoyeco\/europa-paneles-solares-balcones\/11392\/","title":{"rendered":"Europa acaba de alinear un mill\u00f3n de paneles solares: ninguno en Espa\u00f1a por este curioso motivo"},"content":{"rendered":"<p>La popularidad de los paneles solares sigue aumentando a una velocidad vertiginosa por toda Europa donde hace poco tiempo se alinearon aproximadamente un mill\u00f3n de ellos. Sin embargo, Espa\u00f1a, un pa\u00eds rico en energ\u00eda solar, no particip\u00f3 en esta actividad, a causa de un motivo muy curioso que te explicamos a continuaci\u00f3n.<\/p>\n<h2>Europa saca el m\u00e1ximo provecho de la energ\u00eda solar<\/h2>\n<p>La necesidad de contar con una fuente de electricidad que sea constante y confiable, y que al mismo tiempo sea amable con el medio ambiente, ha hecho que <a href=\"https:\/\/www.ecoticias.com\/hoyeco\/europa-material-china-bajo-tierra\/10156\/\">Europa<\/a> la busque en un recurso que siempre est\u00e1 all\u00ed y no les va a cobrar nada, pues se trata de la luz solar. Y para poder sacar el mejor provecho de ella.<\/p>\n<p><strong>Se est\u00e1 masificando el uso de los paneles solares<\/strong>, y hace poco se aline\u00f3 un mill\u00f3n de ellos en varias ciudades, sobre todo en los edificios, y aunque parezca mentira Espa\u00f1a no estuvo involucrada en esa acci\u00f3n. El motivo, es que las legislaciones indican que la comunidad de vecinos debe estar de acuerdo para hacerlo.<\/p>\n<h2>Es posible tener energ\u00eda el\u00e9ctrica limpia en cada hogar<\/h2>\n<p>En Europa se est\u00e1n tomando muy en serio el cambio clim\u00e1tico y el cuidado del medio ambiente, y esto se evidencia claramente en las diversas legislaciones emanadas de la UE, donde hay plazos muy precisos para la descarbonizaci\u00f3n de sus pa\u00edses miembros. Y para lograrlo <strong>se ha extendido el uso de los paneles solares.<\/strong><\/p>\n<p>Aunque es bueno aclarar que esta es s\u00f3lo una de las muchas medidas necesarias para sustituir el empleo de energ\u00edas provenientes de productos f\u00f3siles, que son una de las principales causas de las emisiones de los gases de efecto invernadero. Pero si se utiliza la energ\u00eda generada por el sol a gran escala, s\u00ed har\u00e1 una diferencia.<\/p>\n<p>Sobre todo, si se hace en las ciudades grandes donde hay muchos edificios que tienen espacios adecuados como los balcones o las terrazas, que es donde se puede sacar el mayor provecho posible de los paneles solares. Tal como se est\u00e1 haciendo en Alemania que es un excelente ejemplo, donde muchos de los pisos.<\/p>\n<p>Que tienen una buena ubicaci\u00f3n con respecto al sol han colocado placas fotovoltaicas y ahora cada uno ha sido capaz de generar unos 900 vatios, y entre todos han aportado, aproximadamente 200 megavatios. Y esta tendencia sigue en aumento, y se espera que a finales del 2024 se hayan alineado en balcones y terrazas.<\/p>\n<p>Un mill\u00f3n de paneles solares, sobre todo ahora que la existencia de los kits autoinstalables facilitan mucho esta tarea. De esta manera cada vivienda que lo haga podr\u00eda hacer un aporte que contribuya a dejar la dependencia de los combustibles f\u00f3siles, y a <strong>lograr el objetivo de extender el uso de las energ\u00edas limpias.<\/strong><\/p>\n<h2>Por qu\u00e9 en Espa\u00f1a no hay paneles solares en cada piso<\/h2>\n<p>S\u00ed en un lugar como Espa\u00f1a que disfruta de m\u00e1s horas de sol que otros pa\u00edses se pusiera una c\u00e9lula fotovoltaica en cada piso que tenga la ubicaci\u00f3n adecuada para hacerlo, <strong>se podr\u00eda alcanzar un gran ahorro energ\u00e9tico<\/strong>. Lo cual beneficiar\u00eda en primer lugar a quienes viven en esos lugares, porque disminuir\u00edan sus gastos.<\/p>\n<p>Y pagar\u00edan menos por el servicio el\u00e9ctrico, y al mismo tiempo contribuir\u00edan a que el pa\u00eds lo logre la meta de obtener energ\u00eda sin emisiones contaminantes. Pero la legislaci\u00f3n espa\u00f1ola indica claramente que toda la comunidad de vecinos debe estar de acuerdo, si no es as\u00ed, no se puede aprovechar esa posibilidad.<\/p>\n<p>Por \u00faltimo, resulta muy curioso que en <a href=\"https:\/\/www.ecoticias.com\/hoyeco\/espana-energia-gas-vapor\/10533\/\">Espa\u00f1a<\/a> no se beneficien muchos m\u00e1s pisos con la luz solar. Mientras que en otros pa\u00edses de Europa es muy notoria la proliferaci\u00f3n de los paneles solares en los balcones y otros espacios disponibles en los edificios de muchas ciudades, para poder obtener m\u00e1s energ\u00eda el\u00e9ctrica limpia.<\/p>\n","protected":false},"excerpt":{"rendered":"<p>La popularidad de los paneles solares sigue aumentando a una velocidad vertiginosa por toda Europa donde hace poco tiempo se &#8230; <\/p>\n<p class=\"read-more-container\"><a title=\"Europa acaba de alinear un mill\u00f3n de paneles solares: ninguno en Espa\u00f1a por este curioso motivo\" class=\"read-more button\" href=\"https:\/\/www.ecoticias.com\/hoyeco\/europa-paneles-solares-balcones\/11392\/#more-11392\" aria-label=\"Leer m\u00e1s sobre Europa acaba de alinear un mill\u00f3n de paneles solares: ninguno en Espa\u00f1a por este curioso motivo\">Read more<\/a><\/p>\n","protected":false},"author":6,"featured_media":11448,"comment_status":"closed","ping_status":"closed","sticky":false,"template":"","format":"standard","meta":{"footnotes":""},"categories":[5],"tags":[],"class_list":["post-11392","post","type-post","status-publish","format-standard","has-post-thumbnail","hentry","category-energia","resize-featured-image"],"_links":{"self":[{"href":"https:\/\/www.ecoticias.com\/hoyeco\/wp-json\/wp\/v2\/posts\/11392","targetHints":{"allow":["GET"]}}],"collection":[{"href":"https:\/\/www.ecoticias.com\/hoyeco\/wp-json\/wp\/v2\/posts"}],"about":[{"href":"https:\/\/www.ecoticias.com\/hoyeco\/wp-json\/wp\/v2\/types\/post"}],"author":[{"embeddable":true,"href":"https:\/\/www.ecoticias.com\/hoyeco\/wp-json\/wp\/v2\/users\/6"}],"replies":[{"embeddable":true,"href":"https:\/\/www.ecoticias.com\/hoyeco\/wp-json\/wp\/v2\/comments?post=11392"}],"version-history":[{"count":0,"href":"https:\/\/www.ecoticias.com\/hoyeco\/wp-json\/wp\/v2\/posts\/11392\/revisions"}],"wp:featuredmedia":[{"embeddable":true,"href":"https:\/\/www.ecoticias.com\/hoyeco\/wp-json\/wp\/v2\/media\/11448"}],"wp:attachment":[{"href":"https:\/\/www.ecoticias.com\/hoyeco\/wp-json\/wp\/v2\/media?parent=11392"}],"wp:term":[{"taxonomy":"category","embeddable":true,"href":"https:\/\/www.ecoticias.com\/hoyeco\/wp-json\/wp\/v2\/categories?post=11392"},{"taxonomy":"post_tag","embeddable":true,"href":"https:\/\/www.ecoticias.com\/hoyeco\/wp-json\/wp\/v2\/tags?post=11392"}],"curies":[{"name":"wp","href":"https:\/\/api.w.org\/{rel}","templated":true}]}}