{"id":11404,"date":"2024-10-03T15:30:13","date_gmt":"2024-10-03T13:30:13","guid":{"rendered":"https:\/\/www.ecoticias.com\/hoyeco\/?p=11404"},"modified":"2024-10-03T15:30:13","modified_gmt":"2024-10-03T13:30:13","slug":"energia-nuclear-alarmas-espana","status":"publish","type":"post","link":"https:\/\/www.ecoticias.com\/hoyeco\/energia-nuclear-alarmas-espana\/11404\/","title":{"rendered":"La energ\u00eda nuclear enciende todas las alarmas en Espa\u00f1a: el extra\u00f1o funcionamiento que preocupa"},"content":{"rendered":"<p>Una de las fuentes m\u00e1s confiables y continuas de electricidad es la energ\u00eda nuclear. Adem\u00e1s de que es muy limpia y no produce emisiones de gases de efecto invernadero. Sin embargo, sobre todo el a\u00f1o pasado, ha venido exhibiendo un funcionamiento anormal que ha disparado las alarmas en Espa\u00f1a. Veamos en que consiste.<\/p>\n<h2>Las plantas de energ\u00eda nuclear en Espa\u00f1a: generadoras de electricidad<\/h2>\n<p><strong>El 20 % de la potencia el\u00e9ctrica<\/strong> que satisface el consumo de la Pen\u00ednsula Ib\u00e9rica proviene de la energ\u00eda nuclear, que la provee de forma m\u00e1s eficiente y confiable que otras fuentes renovables. Por ello, es la \u00fanica alternativa cuando se desea producirla de forma limpia evitando as\u00ed usar el carb\u00f3n o el gas natural.<\/p>\n<p>En el caso de <a href=\"https:\/\/www.ecoticias.com\/hoyeco\/central-nuclear-espana-almaraz\/9230\/\">Espa\u00f1a<\/a>, aproximadamente 7 MW son de origen at\u00f3mico. De ellos, sobre los 2 MW, son producidos por las centrales de Cofrentes y Vandell\u00f3s cuyos reactores tienen cerca de 40 a\u00f1os que es el l\u00edmite de su vida \u00fatil. Pero sus recientes fallas han hecho saltar las alarmas por ser origen de paradas no programadas.<\/p>\n<h2>Los imprevistos sucedidos en Espa\u00f1a que provocaron la salida de servicio de dos reactores<\/h2>\n<p>Al Consejo de Seguridad Nuclear (CSN), <strong>organismo que gestiona la parte de seguridad nuclear de Espa\u00f1a<\/strong>, le fueron reportadas dos paradas de reactores at\u00f3micos de Espa\u00f1a. El primero pertenece a la planta de Cofrentes que es la m\u00e1s grande del pa\u00eds en t\u00e9rminos de potencia instalada con 1.092 MW.<\/p>\n<p>La salida de emergencia de este reactor fue provocada por la p\u00e9rdida de agua de enfriamiento de alimentaci\u00f3n principal. Y menos de 72 horas despu\u00e9s, fue la de Vandell\u00f3s que tambi\u00e9n sali\u00f3 de servicio por una aver\u00eda causada tambi\u00e9n por p\u00e9rdida de agua que caus\u00f3 el bloqueo de un motogenerador asociado a la refrigeraci\u00f3n del equipo.<\/p>\n<p>Lo que quiere decir que cerca del 30 % de la electricidad producida por fuente at\u00f3mica estuvo fuera debido a paradas no programadas. Las que fueron ocasionadas por diferentes fallas en el sistema de enfriamiento debido a fugas inesperadas en las tuber\u00edas del suministro de agua de los reactores.<\/p>\n<p>A pesar de que estos eventos no deseados fueron controlados r\u00e1pidamente sin que llegaran a representar un riesgo serio para la seguridad, ocurren en los reactores m\u00e1s antiguos. Los que est\u00e1n cercanos a los l\u00edmites de edad de seguir en operaci\u00f3n de acuerdo a la legislaci\u00f3n internacional vigente.<\/p>\n<p>Estas fallas debieron ser previstas por los operadores, quienes han invertido cuantiosos recursos en seguridad y mantenimiento para conseguir una pr\u00f3rroga de la vida \u00fatil. Es de destacar que Vandell\u00f3s y Cofrentes vienen incrementando su \u00edndice de fallas con los a\u00f1os, lo que pone en duda la efectividad de la inversi\u00f3n realizada.<\/p>\n<p>Por ejemplo, fueron las plantas nucleares que notificaron m\u00e1s eventos al CSN en el 2022, mientras que en el 2023 han acumulado, entre las dos, <strong>sobre una docena de ocurrencias inesperadas<\/strong>. Aunque no todas han implicado paradas en la producci\u00f3n y son todas catalogadas como nivel 0 en cuanto a riesgos para la seguridad.<\/p>\n<h2>Las plantas de Cofrentes y Vandell\u00f3s: las primeras y las m\u00e1s grandes de Espa\u00f1a<\/h2>\n<p>Estas plantas de energ\u00eda nuclear <strong>son las m\u00e1s antiguas de Espa\u00f1a<\/strong>. La de Vandell\u00f3s que se encuentra en la provincia de Tarragona comenz\u00f3 su operaci\u00f3n comercial en 1988 generando 1.088 MW. Mientras que Cofrentes en la provincia de Valencia comenz\u00f3 su generaci\u00f3n, al 100 % de su capacidad t\u00e9rmica, en 1985.<\/p>\n<p>En conclusi\u00f3n, la <a href=\"https:\/\/www.ecoticias.com\/hoyeco\/inteligencia-artificial-energia-nuclear\/3940\/\">energ\u00eda<\/a> nuclear enciende las alarmas en Espa\u00f1a por cuanto se est\u00e1n produciendo incidentes repetidos en las centrales at\u00f3micas de Cofrentes y Vandell\u00f3s. Por lo tanto, es hora de que se tome una decisi\u00f3n en cuanto a si se debe permitir que sigan operando o no, por t\u00e9rmino de su vida \u00fatil.<\/p>\n","protected":false},"excerpt":{"rendered":"<p>Una de las fuentes m\u00e1s confiables y continuas de electricidad es la energ\u00eda nuclear. Adem\u00e1s de que es muy limpia &#8230; <\/p>\n<p class=\"read-more-container\"><a title=\"La energ\u00eda nuclear enciende todas las alarmas en Espa\u00f1a: el extra\u00f1o funcionamiento que preocupa\" class=\"read-more button\" href=\"https:\/\/www.ecoticias.com\/hoyeco\/energia-nuclear-alarmas-espana\/11404\/#more-11404\" aria-label=\"Leer m\u00e1s sobre La energ\u00eda nuclear enciende todas las alarmas en Espa\u00f1a: el extra\u00f1o funcionamiento que preocupa\">Read more<\/a><\/p>\n","protected":false},"author":6,"featured_media":11451,"comment_status":"closed","ping_status":"closed","sticky":false,"template":"","format":"standard","meta":{"footnotes":""},"categories":[5],"tags":[],"class_list":["post-11404","post","type-post","status-publish","format-standard","has-post-thumbnail","hentry","category-energia","resize-featured-image"],"_links":{"self":[{"href":"https:\/\/www.ecoticias.com\/hoyeco\/wp-json\/wp\/v2\/posts\/11404","targetHints":{"allow":["GET"]}}],"collection":[{"href":"https:\/\/www.ecoticias.com\/hoyeco\/wp-json\/wp\/v2\/posts"}],"about":[{"href":"https:\/\/www.ecoticias.com\/hoyeco\/wp-json\/wp\/v2\/types\/post"}],"author":[{"embeddable":true,"href":"https:\/\/www.ecoticias.com\/hoyeco\/wp-json\/wp\/v2\/users\/6"}],"replies":[{"embeddable":true,"href":"https:\/\/www.ecoticias.com\/hoyeco\/wp-json\/wp\/v2\/comments?post=11404"}],"version-history":[{"count":0,"href":"https:\/\/www.ecoticias.com\/hoyeco\/wp-json\/wp\/v2\/posts\/11404\/revisions"}],"wp:featuredmedia":[{"embeddable":true,"href":"https:\/\/www.ecoticias.com\/hoyeco\/wp-json\/wp\/v2\/media\/11451"}],"wp:attachment":[{"href":"https:\/\/www.ecoticias.com\/hoyeco\/wp-json\/wp\/v2\/media?parent=11404"}],"wp:term":[{"taxonomy":"category","embeddable":true,"href":"https:\/\/www.ecoticias.com\/hoyeco\/wp-json\/wp\/v2\/categories?post=11404"},{"taxonomy":"post_tag","embeddable":true,"href":"https:\/\/www.ecoticias.com\/hoyeco\/wp-json\/wp\/v2\/tags?post=11404"}],"curies":[{"name":"wp","href":"https:\/\/api.w.org\/{rel}","templated":true}]}}