{"id":11417,"date":"2024-10-06T16:00:03","date_gmt":"2024-10-06T14:00:03","guid":{"rendered":"https:\/\/www.ecoticias.com\/hoyeco\/?p=11417"},"modified":"2024-10-06T16:00:03","modified_gmt":"2024-10-06T14:00:03","slug":"espana-tsunami-costa-impactara","status":"publish","type":"post","link":"https:\/\/www.ecoticias.com\/hoyeco\/espana-tsunami-costa-impactara\/11417\/","title":{"rendered":"Espa\u00f1a, en alerta ante un tsunami confirmado: esta es la fecha y la costa en la que impactar\u00e1"},"content":{"rendered":"<p>Desde hace a\u00f1os, los cient\u00edficos est\u00e1n estudiando las consecuencias del cambio clim\u00e1tico en los ambientes marinos, que est\u00e1n tan afectados que incluso ha aumentado el riesgo de que un tsunami afecte la costa de Espa\u00f1a. Por eso hay que tomar medidas especiales, sobre todo sabiendo en qu\u00e9 lugar de la costa impactar\u00e1.<\/p>\n<h2>Los expertos advierten sobre un tsunami en la costa mediterr\u00e1nea<\/h2>\n<p><strong>El calentamiento global es un problema<\/strong> que afecta al planeta entero, incluyendo a los seres humanos cuyas actividades son su causa principal. Y en la actualidad hay numerosos centros de investigaci\u00f3n que se dedican a estudiar sus consecuencias, para que se puedan tomar medidas para proteger a los afectados.<\/p>\n<p>En el caso espec\u00edfico de Espa\u00f1a, el CSIC advirti\u00f3 que la costa mediterr\u00e1nea ser\u00e1 impactada por un maremoto en los pr\u00f3ximos 30 a\u00f1os. Esto se debe por un lado a la actividad s\u00edsmica que hay en el mar de Albor\u00e1n debido a la presencia de la falla de Averroes, y por el otro a que el <a href=\"https:\/\/www.ecoticias.com\/hoyeco\/atlantico-comenzado-enfriarse\/9912\/\">calor<\/a> ha elevado el nivel del mar.<\/p>\n<h2>Una falla se agrava por el calentamiento global<\/h2>\n<p><strong>La palabra tsunami nos hace evocar las im\u00e1genes del a\u00f1o 2004<\/strong> cuando las olas gigantes arrasaron con todo a su paso. Por eso, cuando en una revista reportaron que en Espa\u00f1a podr\u00eda ocurrir un fen\u00f3meno de ese tipo, se despertaron muchos temores y la preocupaci\u00f3n acerca de qu\u00e9 tan preparados se puede estar.<\/p>\n<p>Para afrontar un desastre de esa magnitud. Pero tomando en cuenta que se trata de un evento que seg\u00fan los cient\u00edficos va a ocurrir en alg\u00fan momento durante los pr\u00f3ximos 30 a\u00f1os, es evidente que hay tiempo m\u00e1s que suficiente para estar listos, sobre todo teniendo en cuenta que hoy en d\u00eda hay muchos m\u00e1s recursos.<\/p>\n<p>Y tambi\u00e9n mejores tecnolog\u00edas para detectar de forma temprana el inicio de un tsunami. Claro est\u00e1, que el hecho de no tener una fecha precisa puede hacer que, en algunos casos, esto quede en el olvido. Por eso hay que tener muy presente que en la costa mediterr\u00e1nea de Espa\u00f1a est\u00e1 la falla de Averroes.<\/p>\n<p>Que hace de esta una zona s\u00edsmica, y en caso de un terremoto, sus consecuencias ser\u00edan peores debido a que actualmente se ha evidenciado aumento en el nivel del mar. Este aumento tiene su origen en la emisi\u00f3n de gases de efecto invernadero, que son los que han dado origen al calentamiento global.<\/p>\n<p>Por eso resulta tan importante estar alerta y tomar en serio las advertencias que han hecho los cient\u00edficos acerca de la ocurrencia de un tsunami que afectar\u00eda la zona de la costa mediterr\u00e1nea. Pues no se trata de causar alarma, sino de estar conscientes de <strong>la forma en que un evento de este tipo impactar\u00e1 a esa regi\u00f3n.<\/strong><\/p>\n<h2>Implementar las medidas de prevenci\u00f3n a tiempo puede salvar vidas<\/h2>\n<p>Espa\u00f1a tiene una falla en el mar de Albor\u00e1n, se trata de Averroes que muestra un salto vertical, que seg\u00fan el reporte del Consejo Superior de Investigaciones Cient\u00edficas (CSIC), tiene el potencial de producir <strong>un tsunami con olas que pueden alcanzar una altitud aproximada de 6 metros<\/strong>, y que se desplazar\u00eda por la zona.<\/p>\n<p>Costera del sur, que debido a su cercan\u00eda al epicentro de ese fen\u00f3meno se ver\u00eda afectada de una forma pr\u00e1cticamente inmediata. Por eso resulta indispensable el establecimiento de sistemas de alarma que les brinden a los habitantes de esos lugares un margen de tiempo suficiente para tomar medidas de protecci\u00f3n.<\/p>\n<p>Finalmente, los cient\u00edficos advierten que un tsunami impactar\u00e1 la costa <a href=\"https:\/\/www.ecoticias.com\/hoyeco\/isla-desaparece-santa-clara\/9454\/\">mediterr\u00e1nea<\/a> de Espa\u00f1a en alg\u00fan momento de los pr\u00f3ximos 30 a\u00f1os. Y no lo hacen para causar p\u00e1nico, sino como un aviso para\u00a0que se implementen sistemas de alarma temprana, para que est\u00e9n en funcionamiento en el instante que se necesiten.<\/p>\n","protected":false},"excerpt":{"rendered":"<p>Desde hace a\u00f1os, los cient\u00edficos est\u00e1n estudiando las consecuencias del cambio clim\u00e1tico en los ambientes marinos, que est\u00e1n tan afectados &#8230; <\/p>\n<p class=\"read-more-container\"><a title=\"Espa\u00f1a, en alerta ante un tsunami confirmado: esta es la fecha y la costa en la que impactar\u00e1\" class=\"read-more button\" href=\"https:\/\/www.ecoticias.com\/hoyeco\/espana-tsunami-costa-impactara\/11417\/#more-11417\" aria-label=\"Leer m\u00e1s sobre Espa\u00f1a, en alerta ante un tsunami confirmado: esta es la fecha y la costa en la que impactar\u00e1\">Read more<\/a><\/p>\n","protected":false},"author":6,"featured_media":11458,"comment_status":"closed","ping_status":"closed","sticky":false,"template":"","format":"standard","meta":{"footnotes":""},"categories":[2],"tags":[],"class_list":["post-11417","post","type-post","status-publish","format-standard","has-post-thumbnail","hentry","category-actualidad","resize-featured-image"],"_links":{"self":[{"href":"https:\/\/www.ecoticias.com\/hoyeco\/wp-json\/wp\/v2\/posts\/11417","targetHints":{"allow":["GET"]}}],"collection":[{"href":"https:\/\/www.ecoticias.com\/hoyeco\/wp-json\/wp\/v2\/posts"}],"about":[{"href":"https:\/\/www.ecoticias.com\/hoyeco\/wp-json\/wp\/v2\/types\/post"}],"author":[{"embeddable":true,"href":"https:\/\/www.ecoticias.com\/hoyeco\/wp-json\/wp\/v2\/users\/6"}],"replies":[{"embeddable":true,"href":"https:\/\/www.ecoticias.com\/hoyeco\/wp-json\/wp\/v2\/comments?post=11417"}],"version-history":[{"count":0,"href":"https:\/\/www.ecoticias.com\/hoyeco\/wp-json\/wp\/v2\/posts\/11417\/revisions"}],"wp:featuredmedia":[{"embeddable":true,"href":"https:\/\/www.ecoticias.com\/hoyeco\/wp-json\/wp\/v2\/media\/11458"}],"wp:attachment":[{"href":"https:\/\/www.ecoticias.com\/hoyeco\/wp-json\/wp\/v2\/media?parent=11417"}],"wp:term":[{"taxonomy":"category","embeddable":true,"href":"https:\/\/www.ecoticias.com\/hoyeco\/wp-json\/wp\/v2\/categories?post=11417"},{"taxonomy":"post_tag","embeddable":true,"href":"https:\/\/www.ecoticias.com\/hoyeco\/wp-json\/wp\/v2\/tags?post=11417"}],"curies":[{"name":"wp","href":"https:\/\/api.w.org\/{rel}","templated":true}]}}