{"id":11506,"date":"2024-10-12T14:30:17","date_gmt":"2024-10-12T12:30:17","guid":{"rendered":"https:\/\/www.ecoticias.com\/hoyeco\/?p=11506"},"modified":"2024-10-12T14:30:17","modified_gmt":"2024-10-12T12:30:17","slug":"isla-salir-mar-desaparecer","status":"publish","type":"post","link":"https:\/\/www.ecoticias.com\/hoyeco\/isla-salir-mar-desaparecer\/11506\/","title":{"rendered":"Una enigm\u00e1tica isla acaba de salir desde el fondo del mar: est\u00e1 a punto de volver a desaparecer"},"content":{"rendered":"<p>Hace poco tiempo, la naturaleza hizo una de sus exhibiciones m\u00e1s sorprendentes y sac\u00f3 a flote de lo profundo del mar una isla nueva. Pero no es la primera vez que ocurre un fen\u00f3meno de esta clase, te informaremos lo que se sabe porque su duraci\u00f3n ser\u00e1 muy corta y ya est\u00e1 a punto de volver a desaparecer.<\/p>\n<h2>Una isla que emergi\u00f3 recientemente del mar ya est\u00e1 condenada a desaparecer<\/h2>\n<p>El hecho de que una <a href=\"https:\/\/www.ecoticias.com\/hoyeco\/novena-isla-canarias-san-borondon\/10965\/\">isla<\/a> emerja repentinamente del mar, como producto de la acci\u00f3n de volcanes que se encuentran en el lecho marino, resulta sorprendente y sumamente interesante para la comunidad cient\u00edfica que debe aprovecharlas mientras duren, pues<strong> casi siempre suelen ser de corta duraci\u00f3n.<\/strong><\/p>\n<p><strong>\u00a0<\/strong>El caso que nos interesa ocurri\u00f3 en Jap\u00f3n, espec\u00edficamente cerca de Iwo Jima, donde hubo una erupci\u00f3n volc\u00e1nica muy potente en el fondo del mar que tuvo una duraci\u00f3n de 16 d\u00edas. Y poco tiempo despu\u00e9s de esta intensa actividad, la naturaleza sorprendi\u00f3 a todos con la aparici\u00f3n de una isla nueva.<\/p>\n<h2>El Cintur\u00f3n de Fuego del Pac\u00edfico saca a flote una nueva isla para Jap\u00f3n<\/h2>\n<p>El Cintur\u00f3n de Fuego del Oc\u00e9ano Pac\u00edfico es una zona que cuenta con una gran actividad s\u00edsmica y volc\u00e1nica, y que <strong>hace poco sac\u00f3 a flote una isla cercana a la costa de Iwo Jima<\/strong>, en Jap\u00f3n. Seg\u00fan los expertos en la materia, su vida ser\u00e1 ef\u00edmera porque, de hecho, ya ha empezado a desintegrarse para desaparecer.<\/p>\n<p>Este tipo de fen\u00f3menos ha ocurrido varias veces con anterioridad por esta regi\u00f3n, y ha generado numerosas islas de diferentes tama\u00f1os que han tenido una permanencia breve. Pero siempre existen algunas excepciones, por ejemplo, hubo una que surgi\u00f3 a m\u00e1s de 30 km de la costa meridional de Islandia.<\/p>\n<p>Es la isla Surtsey, que en un principio fue estudiada en profundidad por los vulcan\u00f3logos por la gran actividad que le dio origen. Y posteriormente pas\u00f3 a ser una fuente de investigaci\u00f3n para los bi\u00f3logos por la manera en que diversas formas de vida se abrieron paso y se instalaron a vivir all\u00ed, aunque puede desaparecer.<\/p>\n<p>A finales del presente siglo, en este contexto, la isla que se form\u00f3 recientemente frente a las costas de Jap\u00f3n probablemente va a tener una duraci\u00f3n m\u00e1s bien corta. Pero en todo caso, eso no disminuye para nada el inter\u00e9s que ha suscitado desde el mismo momento en que fue avistada por primera vez.<\/p>\n<p>Porque a pesar de ser un fen\u00f3meno que ha sido visto en varias ocasiones en esa regi\u00f3n, cada caso es \u00fanico, tanto por la forma en que surgi\u00f3, como en la manera en que va a desaparecer. <strong>Siempre van a ser una fuente de informaci\u00f3n importante<\/strong> para los estudiosos de los volcanes y del mar, que desean saber m\u00e1s.<\/p>\n<h2>De un volc\u00e1n submarino surgi\u00f3 una isla ef\u00edmera<\/h2>\n<p>Despu\u00e9s de que un volc\u00e1n submarino mantuviera una actividad constante a lo largo de 16 d\u00edas, ocurri\u00f3 la aparici\u00f3n de una enigm\u00e1tica isla peque\u00f1a, de poco m\u00e1s de 90 metros de di\u00e1metro aproximadamente. <strong>Esto se debi\u00f3 a la presencia de las cenizas volc\u00e1nicas y dem\u00e1s cascotes<\/strong> que se amalgamaron.<\/p>\n<p>Y luego salieron del mar, para convertirse en objeto de estudio para vulcan\u00f3logos y meteor\u00f3logos, que siguen de cerca todo lo que ocurre en ella. Y no es para menos, puesto que la exposici\u00f3n a los efectos del mar y el viento la est\u00e1n desintegrando poco a poco, y la har\u00e1n desaparecer en un lapso bastante breve.<\/p>\n<p>En conclusi\u00f3n, la isla que acaba de salir del mar en <a href=\"https:\/\/www.ecoticias.com\/hoyeco\/ciudad-mar-forma-vivir-cambia-completo\/1997\/\">Jap\u00f3n<\/a> se ha convertido en un fen\u00f3meno que ha llamado mucho la atenci\u00f3n, tanto a la comunidad cient\u00edfica como al p\u00fablico en general. Y quienes deseen verla y estudiarla deber\u00e1n hacerlo muy deprisa, pues a pesar de ser tan joven, ya est\u00e1 a punto de desaparecer.<\/p>\n","protected":false},"excerpt":{"rendered":"<p>Hace poco tiempo, la naturaleza hizo una de sus exhibiciones m\u00e1s sorprendentes y sac\u00f3 a flote de lo profundo del &#8230; <\/p>\n<p class=\"read-more-container\"><a title=\"Una enigm\u00e1tica isla acaba de salir desde el fondo del mar: est\u00e1 a punto de volver a desaparecer\" class=\"read-more button\" href=\"https:\/\/www.ecoticias.com\/hoyeco\/isla-salir-mar-desaparecer\/11506\/#more-11506\" aria-label=\"Leer m\u00e1s sobre Una enigm\u00e1tica isla acaba de salir desde el fondo del mar: est\u00e1 a punto de volver a desaparecer\">Read more<\/a><\/p>\n","protected":false},"author":6,"featured_media":11507,"comment_status":"closed","ping_status":"closed","sticky":false,"template":"","format":"standard","meta":{"footnotes":""},"categories":[2],"tags":[],"class_list":["post-11506","post","type-post","status-publish","format-standard","has-post-thumbnail","hentry","category-actualidad","resize-featured-image"],"_links":{"self":[{"href":"https:\/\/www.ecoticias.com\/hoyeco\/wp-json\/wp\/v2\/posts\/11506","targetHints":{"allow":["GET"]}}],"collection":[{"href":"https:\/\/www.ecoticias.com\/hoyeco\/wp-json\/wp\/v2\/posts"}],"about":[{"href":"https:\/\/www.ecoticias.com\/hoyeco\/wp-json\/wp\/v2\/types\/post"}],"author":[{"embeddable":true,"href":"https:\/\/www.ecoticias.com\/hoyeco\/wp-json\/wp\/v2\/users\/6"}],"replies":[{"embeddable":true,"href":"https:\/\/www.ecoticias.com\/hoyeco\/wp-json\/wp\/v2\/comments?post=11506"}],"version-history":[{"count":0,"href":"https:\/\/www.ecoticias.com\/hoyeco\/wp-json\/wp\/v2\/posts\/11506\/revisions"}],"wp:featuredmedia":[{"embeddable":true,"href":"https:\/\/www.ecoticias.com\/hoyeco\/wp-json\/wp\/v2\/media\/11507"}],"wp:attachment":[{"href":"https:\/\/www.ecoticias.com\/hoyeco\/wp-json\/wp\/v2\/media?parent=11506"}],"wp:term":[{"taxonomy":"category","embeddable":true,"href":"https:\/\/www.ecoticias.com\/hoyeco\/wp-json\/wp\/v2\/categories?post=11506"},{"taxonomy":"post_tag","embeddable":true,"href":"https:\/\/www.ecoticias.com\/hoyeco\/wp-json\/wp\/v2\/tags?post=11506"}],"curies":[{"name":"wp","href":"https:\/\/api.w.org\/{rel}","templated":true}]}}