{"id":11537,"date":"2024-10-07T14:30:00","date_gmt":"2024-10-07T12:30:00","guid":{"rendered":"https:\/\/www.ecoticias.com\/hoyeco\/?p=11537"},"modified":"2024-10-07T14:30:00","modified_gmt":"2024-10-07T12:30:00","slug":"material-aislante-construccion","status":"publish","type":"post","link":"https:\/\/www.ecoticias.com\/hoyeco\/material-aislante-construccion\/11537\/","title":{"rendered":"Llevamos sin usar este material desde el Paleol\u00edtico: la construcci\u00f3n del futuro quiere recuperarlo"},"content":{"rendered":"<p>Para cumplir con los objetivos de sostenibilidad planteados para el 2030, el sector construcci\u00f3n ha fijado su mirada en la naturaleza y lo que nos tiene que ofrecer desde hace siglos. Como este material que no us\u00e1bamos desde el Paleol\u00edtico y representa el futuro y adem\u00e1s es un aislante perfecto. Veamos m\u00e1s de cerca.<\/p>\n<h2>La propuesta de un material para la construcci\u00f3n sostenible<\/h2>\n<p>Un estudio de arquitectura llamado Edra Arquitectura Kil\u00f3metro 0, con sede en Ayerbe, Huesca en la Comunidad Aut\u00f3noma de Arag\u00f3n, Espa\u00f1a, que se distingue por tener un concepto de construcci\u00f3n que es natural, bajo en carbono pero moderno y atemporal, ha creado un innovador material.<\/p>\n<p>Para la <a href=\"https:\/\/www.ecoticias.com\/hoyeco\/cemento-material-imita-cuerpo\/11192\/\">construcci\u00f3n<\/a> de casas ecol\u00f3gicas. El mismo <strong>lo han bautizado como Lana Terra y su composici\u00f3n est\u00e1 basada en lana de oveja y tierra<\/strong>. El desarrollo de este producto surge tras m\u00e1s de dos a\u00f1os de estudios y pruebas de eficiencia para su uso en las fachadas y paredes de una vivienda sin impacto ambiental.<\/p>\n<h2>\u00bfDe d\u00f3nde surge la idea para crear Lana Terra?<\/h2>\n<p>La idea aparece buscando la soluci\u00f3n ante una particular solicitud de construir una vivienda ecol\u00f3gica en la zona de Los Pirineos. La misma deb\u00eda<strong> ser hecha con material natural disponible en el entorno<\/strong>, que fuera abundante, econ\u00f3mico y que el proceso no emitiera gases de efecto invernadero.<\/p>\n<p>Este estudio ya llevaba a\u00f1os creando tecnolog\u00eda de construcci\u00f3n con tierra, sobre todo de Tapia con la cual constru\u00eda sus edificios con una baja huella de carbono. Por lo tanto, decidi\u00f3 asumir el reto y estuvo estudiando el problema poco m\u00e1s de dos a\u00f1os hasta que desarrollaron el concepto de Lana Terra.<\/p>\n<p>Que fue un invento donde agregaron fibras naturales de lana de oveja en tierra combinada lo cual dio muchas mejoras t\u00e9cnicas en t\u00e9rminos de resistencia. Creando as\u00ed un elemento constructivo que es ligero pero muy fuerte, compatible con la actual construcci\u00f3n en madera.<\/p>\n<p>Adem\u00e1s, su aprovechamiento de la lana de oveja llega en un momento en que la misma ha perdido competitividad, por lo que sufre una crisis de valor. El estudio de arquitectura le ha dado una revalorizaci\u00f3n convirti\u00e9ndolo en un agregado importante para la creaci\u00f3n de este compuesto para la construcci\u00f3n.<\/p>\n<p>Que no solo es ecol\u00f3gico y con una baja huella de carbono, sino tambi\u00e9n es saludable. El mismo viene en formato de piezas prefabricadas de montaje en seco que acorta el tiempo que lleva la construcci\u00f3n, se producen muy pocos residuos y desperdicios de material. Igualmente, puede ser trabajado en el sitio.<\/p>\n<p>Adicionalmente, permite un mejor control de calidad de la obra. Por otro lado, este material es adaptable a toda forma, escala y tipo de edificaci\u00f3n que busque ser saludable, natural y de impacto ambiental bajo. <strong>El uso de este elemento se corresponde a la actual construcci\u00f3n pasiva sin emisiones de CO2<\/strong>.<\/p>\n<h2>Tambi\u00e9n es un aislante t\u00e9rmico y ac\u00fastico muy efectivo<\/h2>\n<p>Las bien conocidas propiedades de la lana de oveja se suman a las propiedades de alta inercia t\u00e9rmica de la tierra. Que se caracteriza por absorber calor durante las horas de sol liber\u00e1ndolo en horas nocturnas o cuando baja la temperatura, creando as\u00ed un ambiente confortable y acogedor.<\/p>\n<p>Esto hace innecesarios los equipos de climatizaci\u00f3n por lo que la edificaci\u00f3n es mucho m\u00e1s eficiente energ\u00e9ticamente. Asimismo, la fibra natural ovina hace que las placas premoldeadas de este material resulten aptas para cualquier tipo de construcci\u00f3n <strong>aportando aislamiento t\u00e9rmico y ac\u00fastico<\/strong>.<\/p>\n<p>Concluyendo, el material que hemos redescubierto y que no us\u00e1bamos desde el <a href=\"https:\/\/www.ecoticias.com\/hoyeco\/construccion-barro-sostenible\/9433\/\">Paleol\u00edtico<\/a> representa la construcci\u00f3n sostenible y libre de emisiones de gases de efecto invernadero. Por lo que seguramente marcar\u00e1 un antes y un despu\u00e9s en el sector. Muy pronto lo veremos en las nuevas edificaciones.<\/p>\n","protected":false},"excerpt":{"rendered":"<p>Para cumplir con los objetivos de sostenibilidad planteados para el 2030, el sector construcci\u00f3n ha fijado su mirada en la &#8230; <\/p>\n<p class=\"read-more-container\"><a title=\"Llevamos sin usar este material desde el Paleol\u00edtico: la construcci\u00f3n del futuro quiere recuperarlo\" class=\"read-more button\" href=\"https:\/\/www.ecoticias.com\/hoyeco\/material-aislante-construccion\/11537\/#more-11537\" aria-label=\"Leer m\u00e1s sobre Llevamos sin usar este material desde el Paleol\u00edtico: la construcci\u00f3n del futuro quiere recuperarlo\">Read more<\/a><\/p>\n","protected":false},"author":6,"featured_media":11538,"comment_status":"closed","ping_status":"closed","sticky":false,"template":"","format":"standard","meta":{"footnotes":""},"categories":[3],"tags":[],"class_list":["post-11537","post","type-post","status-publish","format-standard","has-post-thumbnail","hentry","category-construccion","resize-featured-image"],"_links":{"self":[{"href":"https:\/\/www.ecoticias.com\/hoyeco\/wp-json\/wp\/v2\/posts\/11537","targetHints":{"allow":["GET"]}}],"collection":[{"href":"https:\/\/www.ecoticias.com\/hoyeco\/wp-json\/wp\/v2\/posts"}],"about":[{"href":"https:\/\/www.ecoticias.com\/hoyeco\/wp-json\/wp\/v2\/types\/post"}],"author":[{"embeddable":true,"href":"https:\/\/www.ecoticias.com\/hoyeco\/wp-json\/wp\/v2\/users\/6"}],"replies":[{"embeddable":true,"href":"https:\/\/www.ecoticias.com\/hoyeco\/wp-json\/wp\/v2\/comments?post=11537"}],"version-history":[{"count":0,"href":"https:\/\/www.ecoticias.com\/hoyeco\/wp-json\/wp\/v2\/posts\/11537\/revisions"}],"wp:featuredmedia":[{"embeddable":true,"href":"https:\/\/www.ecoticias.com\/hoyeco\/wp-json\/wp\/v2\/media\/11538"}],"wp:attachment":[{"href":"https:\/\/www.ecoticias.com\/hoyeco\/wp-json\/wp\/v2\/media?parent=11537"}],"wp:term":[{"taxonomy":"category","embeddable":true,"href":"https:\/\/www.ecoticias.com\/hoyeco\/wp-json\/wp\/v2\/categories?post=11537"},{"taxonomy":"post_tag","embeddable":true,"href":"https:\/\/www.ecoticias.com\/hoyeco\/wp-json\/wp\/v2\/tags?post=11537"}],"curies":[{"name":"wp","href":"https:\/\/api.w.org\/{rel}","templated":true}]}}