{"id":11566,"date":"2024-10-07T16:00:06","date_gmt":"2024-10-07T14:00:06","guid":{"rendered":"https:\/\/www.ecoticias.com\/hoyeco\/?p=11566"},"modified":"2024-10-07T16:00:06","modified_gmt":"2024-10-07T14:00:06","slug":"europa-gigantesco-generador-energia","status":"publish","type":"post","link":"https:\/\/www.ecoticias.com\/hoyeco\/europa-gigantesco-generador-energia\/11566\/","title":{"rendered":"Europa coloca en el cielo un gigantesco generador de energ\u00eda: es tan grande como la Torre Eiffel"},"content":{"rendered":"<p>La energ\u00eda e\u00f3lica es una de las m\u00e1s productivas de las fuentes renovables llegando a competir en eficiencia con la <a href=\"https:\/\/www.ecoticias.com\/hoyeco\/celula-fotovoltaica-pequena-mundo\/10109\/\">fotovoltaica<\/a>. En muchos lugares se est\u00e1n instalando parques de aerogeneradores. Pero ahora Europa dise\u00f1a una gigantesca fuente energ\u00e9tica que ser\u00e1 tan grande y alta como la Torre Eiffel. Veamos m\u00e1s de cerca.<\/p>\n<h2>Un gigantesco generador de energ\u00eda: en qu\u00e9 parte de Europa se ubica<\/h2>\n<p>Esta consiste en una <strong>turbina e\u00f3lica que ser\u00e1 la m\u00e1s grande y alta del mundo<\/strong> y est\u00e1 en Europa, concretamente estar\u00e1 instalada en la localidad de Schipkau que pertenece a Lausittz del estado federado de Brandeburgo, Alemania. As\u00ed es como este pa\u00eds contin\u00faa transitando el camino hacia la energ\u00eda renovable.<\/p>\n<p>Destacando la producci\u00f3n para el autoconsumo. Ya que despu\u00e9s de llegar a tan alta generaci\u00f3n utilizando los conocidos paneles solares ahora dirige su mirada a la fuente e\u00f3lica. En tama\u00f1o supera los 260 metros que tiene el aerogenerador holand\u00e9s, que era considerado el m\u00e1s alto del mundo. Hasta ahora.<\/p>\n<h2>La turbina e\u00f3lica que ser\u00e1 la m\u00e1s grande y alta del mundo<\/h2>\n<p>Este aerogenerador se proyecta que tendr\u00e1 <strong>una altura de 364 metros lo que incluye las palas<\/strong>. Y no solo ser\u00e1 el m\u00e1s alto del mundo, puesto que la turbina e\u00f3lica alemana ser\u00e1 mayor que el aerogenerador de China con su rotor que mide m\u00e1s de 280 metros de di\u00e1metro. Enorme de verdad.<\/p>\n<p>La empresa que acometer\u00e1 esta cicl\u00f3pea obra se llama Gicon, la cual se especializa en el dise\u00f1o y construcci\u00f3n de estructuras energ\u00e9ticas renovables. El dise\u00f1o de esta turbina e\u00f3lica se fundamenta en uno ideado por el ingeniero Horst Bendix aunque se le hicieron modificaciones a fin de hacerlo viable.<\/p>\n<p>Algunas de estas son el uso de una base de cuatro patas en vez de tres para una mayor estabilidad. Asimismo, se decidi\u00f3 la colocaci\u00f3n de los generadores de electricidad en lo alto del eje en lugar de instalarlos en la base. Pero la m\u00e1s importante es la inclusi\u00f3n de una doble torre, una exterior y otra interior.<\/p>\n<p><strong>Lo que permite que posea una turbina m\u00f3vil<\/strong> y que la misma se extienda sobre los 300 metros de altura. Asimismo, este aerogenerador ser\u00e1 ubicado en un parque e\u00f3lico existente con el objetivo de tener una generaci\u00f3n de energ\u00eda renovable en tres niveles.<\/p>\n<p>Por lo que se crear\u00eda electricidad con las turbinas e\u00f3licas de gran altitud que est\u00e1n en la parte interior y las convencionales. Complementado con paneles solares que se encuentran a nivel del suelo, los cuales son bifaciales y de muy alto rendimiento que operan con m\u00ednima radiaci\u00f3n de luz solar.<\/p>\n<p>Por otra parte, este proyecto es innovador puesto que la empresa constructora ha involucrado y consultado con los vecinos que podr\u00edan verse impactados por esta gigantesca obra. Pero este involucramiento lo hace antes de iniciar la construcci\u00f3n a fin de evitar perjudicar a nadie.<\/p>\n<h2>Un par\u00e1metro muy importante: la velocidad del viento<\/h2>\n<p>Quien funge como promotor del proyecto se ha aliado con la empresa Beventum, que se dedica a labores asociadas con la energ\u00eda e\u00f3lica, para realizar mediciones de la velocidad del viento. Para ello utilizaron una torre de 300 metros de altura, as\u00ed determinaron la mejor altura para la colocaci\u00f3n de las palas.<\/p>\n<p>Con el objeto de <strong>incrementar la producci\u00f3n de energ\u00eda en un 40 %<\/strong>. Por otra parte, sobre los 300 metros la velocidad promedio de viento es m\u00e1s alta. Lo que aumenta la productividad a la vez que no permite la superposici\u00f3n que puede afectar el nivel de generaci\u00f3n de los otros aerogeneradores existentes.<\/p>\n<p>Concluyendo, esta gigantesca turbina e\u00f3lica, que estar\u00e1 operativa a finales del 2025, ser\u00e1 la m\u00e1s grande del mundo y es Europa, junto con <a href=\"https:\/\/www.ecoticias.com\/hoyeco\/paneles-solares-tejados-alemania\/9975\/\">Alemania<\/a>, quien ha impulsado su construcci\u00f3n. Ser\u00e1 una generadora de energ\u00eda sin precedentes que har\u00e1 de este pa\u00eds uno de los m\u00e1s sostenibles del planeta.<\/p>\n","protected":false},"excerpt":{"rendered":"<p>La energ\u00eda e\u00f3lica es una de las m\u00e1s productivas de las fuentes renovables llegando a competir en eficiencia con la &#8230; <\/p>\n<p class=\"read-more-container\"><a title=\"Europa coloca en el cielo un gigantesco generador de energ\u00eda: es tan grande como la Torre Eiffel\" class=\"read-more button\" href=\"https:\/\/www.ecoticias.com\/hoyeco\/europa-gigantesco-generador-energia\/11566\/#more-11566\" aria-label=\"Leer m\u00e1s sobre Europa coloca en el cielo un gigantesco generador de energ\u00eda: es tan grande como la Torre Eiffel\">Read more<\/a><\/p>\n","protected":false},"author":6,"featured_media":11568,"comment_status":"closed","ping_status":"closed","sticky":false,"template":"","format":"standard","meta":{"footnotes":""},"categories":[5],"tags":[],"class_list":["post-11566","post","type-post","status-publish","format-standard","has-post-thumbnail","hentry","category-energia","resize-featured-image"],"_links":{"self":[{"href":"https:\/\/www.ecoticias.com\/hoyeco\/wp-json\/wp\/v2\/posts\/11566","targetHints":{"allow":["GET"]}}],"collection":[{"href":"https:\/\/www.ecoticias.com\/hoyeco\/wp-json\/wp\/v2\/posts"}],"about":[{"href":"https:\/\/www.ecoticias.com\/hoyeco\/wp-json\/wp\/v2\/types\/post"}],"author":[{"embeddable":true,"href":"https:\/\/www.ecoticias.com\/hoyeco\/wp-json\/wp\/v2\/users\/6"}],"replies":[{"embeddable":true,"href":"https:\/\/www.ecoticias.com\/hoyeco\/wp-json\/wp\/v2\/comments?post=11566"}],"version-history":[{"count":0,"href":"https:\/\/www.ecoticias.com\/hoyeco\/wp-json\/wp\/v2\/posts\/11566\/revisions"}],"wp:featuredmedia":[{"embeddable":true,"href":"https:\/\/www.ecoticias.com\/hoyeco\/wp-json\/wp\/v2\/media\/11568"}],"wp:attachment":[{"href":"https:\/\/www.ecoticias.com\/hoyeco\/wp-json\/wp\/v2\/media?parent=11566"}],"wp:term":[{"taxonomy":"category","embeddable":true,"href":"https:\/\/www.ecoticias.com\/hoyeco\/wp-json\/wp\/v2\/categories?post=11566"},{"taxonomy":"post_tag","embeddable":true,"href":"https:\/\/www.ecoticias.com\/hoyeco\/wp-json\/wp\/v2\/tags?post=11566"}],"curies":[{"name":"wp","href":"https:\/\/api.w.org\/{rel}","templated":true}]}}