{"id":11602,"date":"2024-10-08T16:00:33","date_gmt":"2024-10-08T14:00:33","guid":{"rendered":"https:\/\/www.ecoticias.com\/hoyeco\/?p=11602"},"modified":"2024-10-08T16:00:33","modified_gmt":"2024-10-08T14:00:33","slug":"europa-mediterraneo-atlantico","status":"publish","type":"post","link":"https:\/\/www.ecoticias.com\/hoyeco\/europa-mediterraneo-atlantico\/11602\/","title":{"rendered":"Europa, ante el reto de separar el Mediterr\u00e1neo del Atl\u00e1ntico: tiene 50 000 megavatios de energ\u00eda bajo el mar"},"content":{"rendered":"<p>Disponer de una fuente hidr\u00e1ulica de energ\u00eda que fuera capaz de generar toda la electricidad que necesite Europa, es una aspiraci\u00f3n que solo es posible en un mundo donde las fronteras no fueran obst\u00e1culo. Esto es factible si se hubiera llevado a la realidad el proyecto que separar\u00eda el <a href=\"https:\/\/www.ecoticias.com\/hoyeco\/atlantico-hirviendo-monstruo\/10450\/\">Atl\u00e1ntico<\/a> del Mediterr\u00e1neo.<\/p>\n<h2>Una separaci\u00f3n que unir\u00eda Europa con \u00c1frica<\/h2>\n<p>Esta propuesta fue presentada el 1 de marzo de 1928 por el arquitecto alem\u00e1n Herman S\u00f6rgel y consist\u00eda en la construcci\u00f3n de una <strong>gigantesca presa ubicada en el estrecho de Gibraltar<\/strong>. En este punto se cerrar\u00eda el paso que une el mar Mediterr\u00e1neo con el oc\u00e9ano Atl\u00e1ntico. El proyecto originalmente se llam\u00f3 Panropa.<\/p>\n<p>Aunque posteriormente fue bautizado como Atlantropa. Ser\u00eda la obra de ingenier\u00eda m\u00e1s impresionante del mundo que dar\u00eda soluci\u00f3n a los problemas energ\u00e9ticos de Europa. A la vez que supon\u00eda un impulso de la econom\u00eda del continente y la explotaci\u00f3n de los recursos de \u00c1frica.<\/p>\n<h2>En qu\u00e9 consiste este proyecto Atlantropa y sus beneficios para el mundo<\/h2>\n<p>Con Atlantropa el cierre entre estas dos aguas se har\u00eda con la construcci\u00f3n de una central hidroel\u00e9ctrica que ser\u00eda la m\u00e1s grande y potente del mundo, <strong>con una capacidad de generaci\u00f3n de 50.000 MW<\/strong> que es m\u00e1s de dos veces lo que produce la represa Las Tres Gargantas de China.<\/p>\n<p>La represa tendr\u00eda unos 300 metros de altura por 35 kil\u00f3metros de largo. Asimismo, inclu\u00eda una gran red de infraestructuras entre las que estar\u00eda un puente entre Sicilia y T\u00fanez. Por otra parte, el nivel del mar Mediterr\u00e1neo se reducir\u00eda entre 100 y 200 metros haciendo emerger nuevas tierras.<\/p>\n<p>Las cuales ser\u00edan territorios muy f\u00e9rtiles para la agricultura convirti\u00e9ndose en el hogar de m\u00e1s de 150 millones de personas. De igual manera, sus implicaciones y beneficios geopol\u00edticos ser\u00edan muy importantes. Ya que datos aportados por la Universidad Polit\u00e9cnica de Madrid se\u00f1alan la desalinizaci\u00f3n masiva del agua.<\/p>\n<p>La que al ser desviada hacia el desierto de Sahara lo transformar\u00eda en un \u00e1rea f\u00e9rtil para el cultivo y la ganader\u00eda. Por otra parte, seg\u00fan estudios para la \u00e9poca de la Universidad de Berl\u00edn, esta obra ejercer\u00eda un control de la regulaci\u00f3n y aportaciones del Mar Negro y el oc\u00e9ano Atl\u00e1ntico para que fueran sensiblemente menores.<\/p>\n<p>As\u00ed se producir\u00eda una evaporaci\u00f3n lenta, aunque constante del agua. Adicionalmente, gran parte del mar Adri\u00e1tico tambi\u00e9n se desecar\u00eda, por lo que emerger\u00edan nuevas tierras en \u00c1frica construyendo el llamado \u201csegundo Nilo\u201d. Esto \u00faltimo con los aportes del r\u00edo Congo y el lago Chad.<\/p>\n<p>Por otra parte, al retroceder las aguas en la costa de Palestina podr\u00eda ampliarse el ansiado Israel del Pueblo Jud\u00edo. Como podr\u00e1s ver, Atlantropa fue un proyecto que no solo contemplaba una presa que generar\u00eda 50.000 MW sino una serie de beneficios para Europa y \u00c1frica al permitir la <strong>aparici\u00f3n de nuevas tierras para el cultivo<\/strong>.<\/p>\n<h2>El lado oscuro de este colosal proyecto para Europa y \u00c1frica<\/h2>\n<p>Este sue\u00f1o tambi\u00e9n tiene sus contras, ya que reducir el nivel del Mediterr\u00e1neo crear\u00eda una crisis ambiental puesto que se <strong>alterar\u00eda radicalmente el clima en la regi\u00f3n<\/strong>. A la vez que reducir\u00eda al m\u00ednimo las precipitaciones en la zona mediterr\u00e1nea mientras se hacen m\u00e1s \u00e1ridas diferentes regiones de \u00c1frica y Europa.<\/p>\n<p>Asimismo, estas modificaciones clim\u00e1ticas se intensificar\u00edan, haciendo m\u00e1s frecuentes las tormentas de sal y arena que asolar\u00edan toda la regi\u00f3n. Lo que afectar\u00eda negativamente la habitabilidad y los cultivos, sobre todo en las \u00e1reas emergidas por lo que no ser\u00edan de beneficio alguno.<\/p>\n<p>Concluyendo, este proyecto que ambicionaba unir Europa con <a href=\"https:\/\/www.ecoticias.com\/hoyeco\/energia-africa-300-billones-litros\/7399\/\">\u00c1frica<\/a> mediante la construcci\u00f3n de una gigantesca central hidroel\u00e9ctrica que separar\u00eda el mar Mediterr\u00e1neo del oc\u00e9ano Atl\u00e1ntico hubiera sido la gran soluci\u00f3n energ\u00e9tica. Producir\u00eda 50.000 MW en electricidad, pero habr\u00eda que evaluar sus consecuencias medioambientales.<\/p>\n","protected":false},"excerpt":{"rendered":"<p>Disponer de una fuente hidr\u00e1ulica de energ\u00eda que fuera capaz de generar toda la electricidad que necesite Europa, es una &#8230; <\/p>\n<p class=\"read-more-container\"><a title=\"Europa, ante el reto de separar el Mediterr\u00e1neo del Atl\u00e1ntico: tiene 50 000 megavatios de energ\u00eda bajo el mar\" class=\"read-more button\" href=\"https:\/\/www.ecoticias.com\/hoyeco\/europa-mediterraneo-atlantico\/11602\/#more-11602\" aria-label=\"Leer m\u00e1s sobre Europa, ante el reto de separar el Mediterr\u00e1neo del Atl\u00e1ntico: tiene 50 000 megavatios de energ\u00eda bajo el mar\">Read more<\/a><\/p>\n","protected":false},"author":6,"featured_media":11718,"comment_status":"closed","ping_status":"closed","sticky":false,"template":"","format":"standard","meta":{"footnotes":""},"categories":[5],"tags":[],"class_list":["post-11602","post","type-post","status-publish","format-standard","has-post-thumbnail","hentry","category-energia","resize-featured-image"],"_links":{"self":[{"href":"https:\/\/www.ecoticias.com\/hoyeco\/wp-json\/wp\/v2\/posts\/11602","targetHints":{"allow":["GET"]}}],"collection":[{"href":"https:\/\/www.ecoticias.com\/hoyeco\/wp-json\/wp\/v2\/posts"}],"about":[{"href":"https:\/\/www.ecoticias.com\/hoyeco\/wp-json\/wp\/v2\/types\/post"}],"author":[{"embeddable":true,"href":"https:\/\/www.ecoticias.com\/hoyeco\/wp-json\/wp\/v2\/users\/6"}],"replies":[{"embeddable":true,"href":"https:\/\/www.ecoticias.com\/hoyeco\/wp-json\/wp\/v2\/comments?post=11602"}],"version-history":[{"count":0,"href":"https:\/\/www.ecoticias.com\/hoyeco\/wp-json\/wp\/v2\/posts\/11602\/revisions"}],"wp:featuredmedia":[{"embeddable":true,"href":"https:\/\/www.ecoticias.com\/hoyeco\/wp-json\/wp\/v2\/media\/11718"}],"wp:attachment":[{"href":"https:\/\/www.ecoticias.com\/hoyeco\/wp-json\/wp\/v2\/media?parent=11602"}],"wp:term":[{"taxonomy":"category","embeddable":true,"href":"https:\/\/www.ecoticias.com\/hoyeco\/wp-json\/wp\/v2\/categories?post=11602"},{"taxonomy":"post_tag","embeddable":true,"href":"https:\/\/www.ecoticias.com\/hoyeco\/wp-json\/wp\/v2\/tags?post=11602"}],"curies":[{"name":"wp","href":"https:\/\/api.w.org\/{rel}","templated":true}]}}