{"id":11698,"date":"2024-10-10T16:00:33","date_gmt":"2024-10-10T14:00:33","guid":{"rendered":"https:\/\/www.ecoticias.com\/hoyeco\/?p=11698"},"modified":"2024-10-10T16:00:33","modified_gmt":"2024-10-10T14:00:33","slug":"fracaso-realidad-virtual-meta","status":"publish","type":"post","link":"https:\/\/www.ecoticias.com\/hoyeco\/fracaso-realidad-virtual-meta\/11698\/","title":{"rendered":"El fracaso de la realidad virtual, confirmado: esta marca abandona su plan m\u00e1s futurista"},"content":{"rendered":"<p>El mundo <a href=\"https:\/\/www.ecoticias.com\/hoyeco\/pais-digital-cambio-climatico\/4274\/\">digital<\/a> ha hecho que perdi\u00e9ramos nuestra capacidad de asombro puesto que cada vez se producen adelantos que resultan, cuando menos, impactantes. Sin embargo, la noticia del fracaso de la realidad virtual es bastante preocupante y m\u00e1s cuando se confirma que esta marca abandona su m\u00e1s futurista plan.<\/p>\n<h2>Las HoloLens: un producto que era para poner la realidad virtual al alcance de todos<\/h2>\n<p>\u00c9stas en realidad eran un <strong>elemento inteligente de realidad mixta<\/strong>, las que combinan la realidad virtual (VR) con la realidad aumentada (AR). Con ellas se tiene una experiencia \u00fanica e inmersiva puesto que superponen im\u00e1genes virtuales interactivas y digitales en visiones del mundo real.<\/p>\n<p>Fueron creadas, desarrolladas y comercializadas por Microsoft siguiendo el boom de digitalizaci\u00f3n de la realidad. Entre sus caracter\u00edsticas que las hac\u00edan singulares estaban que eran port\u00e1tiles y aut\u00f3nomas, es decir, no necesitan estar conectadas a un ordenador. Sin embargo, en forma abrupta Microsoft las abandona.<\/p>\n<h2>La salida del mercado de Microsoft con las HoloLens<\/h2>\n<p>Desde 2017, Microsoft hizo su gran apuesta por la realidad virtual tanto as\u00ed que la <strong>hizo parte de su sistema operativo Windows 10<\/strong> a la vez que intent\u00f3 que la impulsaran diversos desarrolladores y fabricantes. De hecho, algunos gigantes la adoptaron bajo diferentes nombres y denominaciones.<\/p>\n<p>Por ejemplo, Meta la llamar\u00eda Metaverso y para Apple ser\u00eda computaci\u00f3n espacial. Sin embargo, la propuesta de Microsoft no cal\u00f3 en el gusto de los cibernautas. La explicaci\u00f3n dada a este fen\u00f3meno es que la experiencia no era la esperada o que se hizo muy pronto y el mundo no estaba suficientemente preparado.<\/p>\n<p>Pero, sea como sea, la apuesta perdi\u00f3 su empuje inicial. A pesar de esta situaci\u00f3n, el tit\u00e1n del software no se desanim\u00f3 y continu\u00f3 en este segmento lanzando un producto mucho m\u00e1s ambicioso y tecnol\u00f3gicamente avanzado como son las gafas HoloLens que siguen la l\u00ednea de las de Meta y Apple.<\/p>\n<p>Solo que estas ten\u00edan un precio m\u00e1s asequible con la ventaja de que no necesitaban estar conectadas a ning\u00fan equipo. Ya que pose\u00edan su propio sistema operativo: el Windows Mixed Reality. Despu\u00e9s sacaron una versi\u00f3n mejorada y a\u00fan m\u00e1s accesible: las HoloLens 2.<\/p>\n<p>Pero a partir de este momento, empezaron los problemas. Y no porque el producto fuera malo, por el contrario, era tecnol\u00f3gicamente excelente. Quiz\u00e1s se debi\u00f3 a la contracci\u00f3n econ\u00f3mica que trajo la crisis del COVID y la era post COVID, la cual coincidi\u00f3 con el lanzamiento del nuevo art\u00edculo.<\/p>\n<p>Posteriormente, en los inicios del 2022 se anunci\u00f3 la cancelaci\u00f3n de la nueva mejora llamada HoloLens 3. A partir de este momento, el futuro de estos elementos parec\u00eda complicarse cada vez m\u00e1s. Ahora UploadVR, que es una plataforma de noticias especializada en tecnolog\u00eda, da una primicia inesperada.<\/p>\n<p><strong>Y es que Microsoft se retira de la producci\u00f3n de las HoloLens 2<\/strong>. Aunque en realidad es una decisi\u00f3n que era previsible por la senda tomada por las ventas que no era la mejor.\u00a0Se aparta de manera definitiva del proyecto de la realidad virtual y es muy extra\u00f1o si tomamos en cuenta la inversi\u00f3n y el empe\u00f1o puesto en su desarrollo.<\/p>\n<h2>Ahora el negocio es de Apple y Meta pero&#8230; \u00bfvale la pena?<\/h2>\n<p>Estas empresas esperan aprovecharse del repentino retiro de Microsoft apropi\u00e1ndose de su cuota en el mercado de la realidad virtual, aunque con cierta inquietud. <strong>Es como si supiera algo que ignoran Meta y Apple<\/strong> o si hubiese determinado, de alguna forma, que carece de sentido invertir en este sector.<\/p>\n<p>Concluyendo, al parecer, Microsoft se retira del mercado debido a la confirmaci\u00f3n del fracaso de la realidad virtual. Sin embargo, <a href=\"https:\/\/www.ecoticias.com\/hoyeco\/apple-espana-proyecto-ambicioso\/8368\/\">Apple<\/a> y Meta siguen apostando fuerte por su \u00e9xito con sus gafas Visi\u00f3n Pro de la primera y Ray \u2013 Ban asociadas al Project Ori\u00f3n de la segunda. Veremos qu\u00e9 resulta de todo esto.<\/p>\n","protected":false},"excerpt":{"rendered":"<p>El mundo digital ha hecho que perdi\u00e9ramos nuestra capacidad de asombro puesto que cada vez se producen adelantos que resultan, &#8230; <\/p>\n<p class=\"read-more-container\"><a title=\"El fracaso de la realidad virtual, confirmado: esta marca abandona su plan m\u00e1s futurista\" class=\"read-more button\" href=\"https:\/\/www.ecoticias.com\/hoyeco\/fracaso-realidad-virtual-meta\/11698\/#more-11698\" aria-label=\"Leer m\u00e1s sobre El fracaso de la realidad virtual, confirmado: esta marca abandona su plan m\u00e1s futurista\">Read more<\/a><\/p>\n","protected":false},"author":6,"featured_media":11699,"comment_status":"closed","ping_status":"closed","sticky":false,"template":"","format":"standard","meta":{"footnotes":""},"categories":[2],"tags":[],"class_list":["post-11698","post","type-post","status-publish","format-standard","has-post-thumbnail","hentry","category-actualidad","resize-featured-image"],"_links":{"self":[{"href":"https:\/\/www.ecoticias.com\/hoyeco\/wp-json\/wp\/v2\/posts\/11698","targetHints":{"allow":["GET"]}}],"collection":[{"href":"https:\/\/www.ecoticias.com\/hoyeco\/wp-json\/wp\/v2\/posts"}],"about":[{"href":"https:\/\/www.ecoticias.com\/hoyeco\/wp-json\/wp\/v2\/types\/post"}],"author":[{"embeddable":true,"href":"https:\/\/www.ecoticias.com\/hoyeco\/wp-json\/wp\/v2\/users\/6"}],"replies":[{"embeddable":true,"href":"https:\/\/www.ecoticias.com\/hoyeco\/wp-json\/wp\/v2\/comments?post=11698"}],"version-history":[{"count":0,"href":"https:\/\/www.ecoticias.com\/hoyeco\/wp-json\/wp\/v2\/posts\/11698\/revisions"}],"wp:featuredmedia":[{"embeddable":true,"href":"https:\/\/www.ecoticias.com\/hoyeco\/wp-json\/wp\/v2\/media\/11699"}],"wp:attachment":[{"href":"https:\/\/www.ecoticias.com\/hoyeco\/wp-json\/wp\/v2\/media?parent=11698"}],"wp:term":[{"taxonomy":"category","embeddable":true,"href":"https:\/\/www.ecoticias.com\/hoyeco\/wp-json\/wp\/v2\/categories?post=11698"},{"taxonomy":"post_tag","embeddable":true,"href":"https:\/\/www.ecoticias.com\/hoyeco\/wp-json\/wp\/v2\/tags?post=11698"}],"curies":[{"name":"wp","href":"https:\/\/api.w.org\/{rel}","templated":true}]}}