{"id":11765,"date":"2024-10-11T14:30:44","date_gmt":"2024-10-11T12:30:44","guid":{"rendered":"https:\/\/www.ecoticias.com\/hoyeco\/?p=11765"},"modified":"2024-10-11T14:30:44","modified_gmt":"2024-10-11T12:30:44","slug":"isla-hidrogeno-mallorca-gas","status":"publish","type":"post","link":"https:\/\/www.ecoticias.com\/hoyeco\/isla-hidrogeno-mallorca-gas\/11765\/","title":{"rendered":"Esta isla espa\u00f1ola, en vilo con lo que corre bajo su subsuelo: la UE advierte de que \u00abno es buena idea\u00bb"},"content":{"rendered":"<p>Los intentos por disminuir la emisi\u00f3n de gases de efecto invernadero para aliviar el calentamiento global han llevado a algunos pa\u00edses a tomar algunas medidas aparentemente dr\u00e1sticas. En esta isla espa\u00f1ola est\u00e1n en vilo por lo que est\u00e1 corriendo bajo el subsuelo, mientras que la UE advierte que no es una buena idea.<\/p>\n<h2>Se inicia el camino hacia la descarbonizaci\u00f3n en esta isla<\/h2>\n<p>El proyecto Green Hysland, es un ente cuya finalidad es la de establecer el uso del <strong>hidr\u00f3geno como elemento fundamental de la descarbonizaci\u00f3n<\/strong> en Europa. Para hacerlo, escogi\u00f3 a <a href=\"https:\/\/www.ecoticias.com\/hoyeco\/energia-mallorca-hidrogeno-verde-gas\/9766\/\">Mallorca<\/a> como primer enclave para llevar a cabo su plan, porque consider\u00f3 que tiene todo el potencial que se necesita para establecer.<\/p>\n<p>Un ecosistema de ese elemento verde, que incluye su producci\u00f3n, recepci\u00f3n, mezcla y distribuci\u00f3n. Y ya es un hecho, porque hace poco se hizo la primera inyecci\u00f3n de H2 a trav\u00e9s de la infraestructura de gas, as\u00ed que lo que est\u00e1 fluyendo bajo el subsuelo es realmente una energ\u00eda limpia que los conducir\u00e1 a ser cero emisiones.<\/p>\n<h2>Un proyecto innovador que se basa en la econom\u00eda circular<\/h2>\n<p>La UE ya inici\u00f3 el largo camino que lleva a la descarbonizaci\u00f3n total de las \u00e1reas energ\u00e9ticas y de transporte con un proyecto muy ambicioso propuesto por Green Hysland. Donde <strong>la isla de Mallorca va a ser el primer hub de hidr\u00f3geno<\/strong>, es decir, el primer ecosistema integrado gracias a que cumple con una condici\u00f3n.<\/p>\n<p>Tener una buena estructura gas\u00edfera que puede ser usada para el desarrollo de la red que se necesita para el uso masivo de hidr\u00f3geno. Con ese fin, se eligi\u00f3 a Redexis para la realizaci\u00f3n de este plan, que empieza con la generaci\u00f3n del H2 mediante la t\u00e9cnica de electr\u00f3lisis del agua usando electricidad limpia que se produce.<\/p>\n<p>A partir de energ\u00edas naturales como la solar y la e\u00f3lica. Luego pasa por una estaci\u00f3n de recepci\u00f3n, para posteriormente llevarlo a un hidroducto, y finalmente poder distribuirlo a trav\u00e9s de la red gas\u00edfera de la isla que abarca m\u00e1s de 1200 km, de manera que puedan llegar a tener acceso a esta mezcla energ\u00e9tica.<\/p>\n<p>Que est\u00e1 formada por gas e hidr\u00f3geno, unos 2.000 consumidores industriales y terciarios, as\u00ed como tambi\u00e9n 115.000 viviendas. Esto va a convertir a Mallorca en el epicentro espa\u00f1ol del proceso de descarbonizaci\u00f3n, donde se incorpora la econom\u00eda circular al darle una nueva vida a la red de gas para llevar el H2.<\/p>\n<p>Este proyecto permite aprovechar al m\u00e1ximo las potencialidades con que cuenta esta isla y va a mejorar la calidad de su medio ambiente, pues el uso de este compuesto para el transporte de carga y en buses disminuye su huella de carbono. Tambi\u00e9n <strong>se usar\u00e1 para obtener electricidad y har\u00e1 de este un sitio sostenible.<\/strong><\/p>\n<h2>El hidr\u00f3geno ya est\u00e1 fluyendo bajo el subsuelo de Mallorca<\/h2>\n<p>Mallorca est\u00e1 haciendo historia, pues es la primera localidad espa\u00f1ola en la que se ha hecho una inyecci\u00f3n de hidr\u00f3geno verde en su red gas\u00edfera. Esto ocurri\u00f3 en Cas Tresorer, en la planta de Lloseta, donde se produce ese elemento, y que adem\u00e1s es el lugar donde se inicia el gasoducto que abarca a toda la isla.<\/p>\n<p>En este punto, <strong>se pueden llegar a meter 575 toneladas de H2 anuales<\/strong>, lo que equivale a 19.147 MWh\/a\u00f1o. Y adem\u00e1s de llevar esa energ\u00eda a los lugares donde sea requerida, tiene la gran ventaja de disminuir la emisi\u00f3n de CO2, espec\u00edficamente ser\u00e1n unas 4.000 toneladas menos de las que se produc\u00edan anteriormente.<\/p>\n<p>En conclusi\u00f3n, la isla de Mallorca recibi\u00f3 la primera inyecci\u00f3n de <a href=\"https:\/\/www.ecoticias.com\/hoyeco\/espana-pionera-hidrogeno-verde\/9708\/\">hidr\u00f3geno verde<\/a> en su red de gas, para satisfacer sus necesidades energ\u00e9ticas. Esto la convierte en la primera ciudad espa\u00f1ola que puede llegar a tener cero emisiones de gases de efecto invernadero, y lo que corre bajo su subsuelo es pura energ\u00eda limpia.<\/p>\n","protected":false},"excerpt":{"rendered":"<p>Los intentos por disminuir la emisi\u00f3n de gases de efecto invernadero para aliviar el calentamiento global han llevado a algunos &#8230; <\/p>\n<p class=\"read-more-container\"><a title=\"Esta isla espa\u00f1ola, en vilo con lo que corre bajo su subsuelo: la UE advierte de que \u00abno es buena idea\u00bb\" class=\"read-more button\" href=\"https:\/\/www.ecoticias.com\/hoyeco\/isla-hidrogeno-mallorca-gas\/11765\/#more-11765\" aria-label=\"Leer m\u00e1s sobre Esta isla espa\u00f1ola, en vilo con lo que corre bajo su subsuelo: la UE advierte de que \u00abno es buena idea\u00bb\">Read more<\/a><\/p>\n","protected":false},"author":6,"featured_media":11808,"comment_status":"closed","ping_status":"closed","sticky":false,"template":"","format":"standard","meta":{"footnotes":""},"categories":[5],"tags":[],"class_list":["post-11765","post","type-post","status-publish","format-standard","has-post-thumbnail","hentry","category-energia","resize-featured-image"],"_links":{"self":[{"href":"https:\/\/www.ecoticias.com\/hoyeco\/wp-json\/wp\/v2\/posts\/11765","targetHints":{"allow":["GET"]}}],"collection":[{"href":"https:\/\/www.ecoticias.com\/hoyeco\/wp-json\/wp\/v2\/posts"}],"about":[{"href":"https:\/\/www.ecoticias.com\/hoyeco\/wp-json\/wp\/v2\/types\/post"}],"author":[{"embeddable":true,"href":"https:\/\/www.ecoticias.com\/hoyeco\/wp-json\/wp\/v2\/users\/6"}],"replies":[{"embeddable":true,"href":"https:\/\/www.ecoticias.com\/hoyeco\/wp-json\/wp\/v2\/comments?post=11765"}],"version-history":[{"count":0,"href":"https:\/\/www.ecoticias.com\/hoyeco\/wp-json\/wp\/v2\/posts\/11765\/revisions"}],"wp:featuredmedia":[{"embeddable":true,"href":"https:\/\/www.ecoticias.com\/hoyeco\/wp-json\/wp\/v2\/media\/11808"}],"wp:attachment":[{"href":"https:\/\/www.ecoticias.com\/hoyeco\/wp-json\/wp\/v2\/media?parent=11765"}],"wp:term":[{"taxonomy":"category","embeddable":true,"href":"https:\/\/www.ecoticias.com\/hoyeco\/wp-json\/wp\/v2\/categories?post=11765"},{"taxonomy":"post_tag","embeddable":true,"href":"https:\/\/www.ecoticias.com\/hoyeco\/wp-json\/wp\/v2\/tags?post=11765"}],"curies":[{"name":"wp","href":"https:\/\/api.w.org\/{rel}","templated":true}]}}