{"id":11810,"date":"2024-10-14T15:30:24","date_gmt":"2024-10-14T13:30:24","guid":{"rendered":"https:\/\/www.ecoticias.com\/hoyeco\/?p=11810"},"modified":"2024-10-14T15:30:24","modified_gmt":"2024-10-14T13:30:24","slug":"desierto-del-sahara-cambiar-color","status":"publish","type":"post","link":"https:\/\/www.ecoticias.com\/hoyeco\/desierto-del-sahara-cambiar-color\/11810\/","title":{"rendered":"El desierto del Sahara acaba de cambiar de color: es la primera vez en 10 000 a\u00f1os, y tiene un motivo"},"content":{"rendered":"<p>Las alteraciones ambientales por el cambio clim\u00e1tico est\u00e1n a la orden del d\u00eda debido al abuso a que hemos sometido al planeta con contaminaci\u00f3n y emisiones de todo tipo. Una de las consecuencias m\u00e1s directas, se observa en el cambio de color del desierto del Sahara, algo que no ocurr\u00eda desde hace 10.000 a\u00f1os.<\/p>\n<h2>Las lluvias en el desierto del Sahara no son tan inusuales como pudiera pensarse<\/h2>\n<p>Hace aproximadamente 10.000 a\u00f1os, las lluvias eran abundantes en el desierto del Sahara por lo que ver un paisaje verde, poblado de \u00e1rboles, r\u00edos y lleno de vida salvaje, era habitual. Luego, por cambios propios de la evoluci\u00f3n del clima todo cambi\u00f3 volvi\u00e9ndose el desierto que actualmente conocemos.<\/p>\n<p>Ahora, im\u00e1genes del sat\u00e9lite MODIS (Espectroradi\u00f3metro de Im\u00e1genes de Resoluci\u00f3n Moderada) de la <a href=\"https:\/\/www.ecoticias.com\/hoyeco\/interestelar-fondo-oceano-pacifico\/11324\/\">NASA<\/a> <strong>muestran intensas lluvias en esta inh\u00f3spita zona<\/strong>. Sin embargo, estas no son del todo inusuales, sobre todo en la \u00e9poca de verano, pero lo que es de extra\u00f1ar es la intensidad de las mismas.<\/p>\n<h2>El cambio de color: es solo una de sus consecuencias<\/h2>\n<p>Actualmente, en el desierto del Sahara se est\u00e1 presentando un fen\u00f3meno que es, cuando menos, sorprendente. Y es que en sus arenas y dunas est\u00e1n <strong>apareciendo peque\u00f1os brotes de vegetaci\u00f3n<\/strong>. Esto se puede observar en las im\u00e1genes que el sat\u00e9lite MODIS ha enviado este \u00faltimo mes a la NASA.<\/p>\n<p>Esto es consecuencia de las grandes precipitaciones acaecidas los primeros d\u00edas del mes de septiembre en la zona noroeste de esta regi\u00f3n. Las mismas fueron producto de un poco usual cicl\u00f3n extratropical que trajo agua desde el \u00c1frica ecuatorial y desde el Atl\u00e1ntico hacia la superficie del norte.<\/p>\n<p>El cual provoc\u00f3 lluvias muy intensas en \u00e1reas donde no hay plantas ni arbustos. Estas zonas son en T\u00fanez, Marruecos, Libia y Argelia. De hecho, en situaciones normales solo caen unos pocos mil\u00edmetros de lluvia al a\u00f1o, pero en este caso cayeron sobre los 200 mil\u00edmetros de lluvia en un solo d\u00eda.<\/p>\n<p>Lo que es equivalente a las precipitaciones de todo un a\u00f1o. Aunque se debe destacar que estas estimaciones son solo eso, puesto que en esta zona no se tienen estaciones de radar ni pluvi\u00f3metros que permitan monitorizar y medir estos eventos con una buena precisi\u00f3n.<\/p>\n<p>Otro punto es que, si bien la mayor parte de las lluvias cay\u00f3 en regiones que tienen pocos habitantes, tambi\u00e9n afect\u00f3 varias aldeas de Marruecos donde lleg\u00f3 y fue causa de da\u00f1os a servicios b\u00e1sicos como el agua y la electricidad. Estos sufrieron los embates de unas inundaciones muy abruptas.<\/p>\n<p>Por otra parte, lo que m\u00e1s sorprende a los expertos es que los lagos, que llevaban cientos de a\u00f1os secos en el desierto del Sahara, <strong>han comenzado a llenarse<\/strong>. Entre ellos podemos nombrar el lago de Iriqui ubicado en Marruecos y el Sebkha el Melah que se encuentra en Argelia, desierto del Sahara..<\/p>\n<h2>\u00bfPodr\u00eda ser una consecuencia del cambio clim\u00e1tico en nuestro planeta?<\/h2>\n<p>Un estudio realizado por el <strong>Instituto de Ciencias de la Tierra en la Universidad Hebrea de Jerusal\u00e9n<\/strong> concluye que las intensas lluvias se est\u00e1n haciendo m\u00e1s frecuentes en el desierto del Sahara sobre todo en \u00e9poca de verano. Pero si bien este renacimiento es todo un espect\u00e1culo, no se espera que sea permanente.<\/p>\n<p>Aunque s\u00ed pone en manifiesto c\u00f3mo el fen\u00f3meno del cambio clim\u00e1tico altera todo tipo de ecosistemas, incluso los m\u00e1s \u00e1ridos del planeta como son los des\u00e9rticos. Y aunque pareciera que es para bien, en realidad crea problemas sobre todo en sociedades adaptadas a este clima.<\/p>\n<p>Concluyendo, el desierto del Sahara muestra un color verde en algunas zonas que es indicativo del surgimiento de vegetaci\u00f3n. Esto no se hab\u00eda visto desde hace unos 10.000 a\u00f1os y es motivado a las intensas lluvias ca\u00eddas por la llegada de un cicl\u00f3n tropical. A pesar de lo que dicen los expertos \u00bfser\u00e1 un efecto del <a href=\"https:\/\/www.ecoticias.com\/hoyeco\/huracanes-hipercan-cambio-climatico\/4497\/\">cambio clim\u00e1tico<\/a>?.<\/p>\n","protected":false},"excerpt":{"rendered":"<p>Las alteraciones ambientales por el cambio clim\u00e1tico est\u00e1n a la orden del d\u00eda debido al abuso a que hemos sometido &#8230; <\/p>\n<p class=\"read-more-container\"><a title=\"El desierto del Sahara acaba de cambiar de color: es la primera vez en 10 000 a\u00f1os, y tiene un motivo\" class=\"read-more button\" href=\"https:\/\/www.ecoticias.com\/hoyeco\/desierto-del-sahara-cambiar-color\/11810\/#more-11810\" aria-label=\"Leer m\u00e1s sobre El desierto del Sahara acaba de cambiar de color: es la primera vez en 10 000 a\u00f1os, y tiene un motivo\">Read more<\/a><\/p>\n","protected":false},"author":6,"featured_media":11811,"comment_status":"closed","ping_status":"closed","sticky":false,"template":"","format":"standard","meta":{"footnotes":""},"categories":[2],"tags":[],"class_list":["post-11810","post","type-post","status-publish","format-standard","has-post-thumbnail","hentry","category-actualidad","resize-featured-image"],"_links":{"self":[{"href":"https:\/\/www.ecoticias.com\/hoyeco\/wp-json\/wp\/v2\/posts\/11810","targetHints":{"allow":["GET"]}}],"collection":[{"href":"https:\/\/www.ecoticias.com\/hoyeco\/wp-json\/wp\/v2\/posts"}],"about":[{"href":"https:\/\/www.ecoticias.com\/hoyeco\/wp-json\/wp\/v2\/types\/post"}],"author":[{"embeddable":true,"href":"https:\/\/www.ecoticias.com\/hoyeco\/wp-json\/wp\/v2\/users\/6"}],"replies":[{"embeddable":true,"href":"https:\/\/www.ecoticias.com\/hoyeco\/wp-json\/wp\/v2\/comments?post=11810"}],"version-history":[{"count":0,"href":"https:\/\/www.ecoticias.com\/hoyeco\/wp-json\/wp\/v2\/posts\/11810\/revisions"}],"wp:featuredmedia":[{"embeddable":true,"href":"https:\/\/www.ecoticias.com\/hoyeco\/wp-json\/wp\/v2\/media\/11811"}],"wp:attachment":[{"href":"https:\/\/www.ecoticias.com\/hoyeco\/wp-json\/wp\/v2\/media?parent=11810"}],"wp:term":[{"taxonomy":"category","embeddable":true,"href":"https:\/\/www.ecoticias.com\/hoyeco\/wp-json\/wp\/v2\/categories?post=11810"},{"taxonomy":"post_tag","embeddable":true,"href":"https:\/\/www.ecoticias.com\/hoyeco\/wp-json\/wp\/v2\/tags?post=11810"}],"curies":[{"name":"wp","href":"https:\/\/api.w.org\/{rel}","templated":true}]}}