{"id":11874,"date":"2024-10-16T15:00:41","date_gmt":"2024-10-16T13:00:41","guid":{"rendered":"https:\/\/www.ecoticias.com\/hoyeco\/?p=11874"},"modified":"2024-10-16T15:00:41","modified_gmt":"2024-10-16T13:00:41","slug":"espana-rendirse-coches-electricos","status":"publish","type":"post","link":"https:\/\/www.ecoticias.com\/hoyeco\/espana-rendirse-coches-electricos\/11874\/","title":{"rendered":"Espa\u00f1a se estar\u00eda planteando rendirse de su objetivo m\u00e1s ambicioso: el anuncio que se plantea dar en 2025"},"content":{"rendered":"<p>Ante la actual crisis energ\u00e9tica, referida especialmente al costo ambiental que implican los combustibles f\u00f3siles, la electrificaci\u00f3n del sector del transporte pareciera ser parte de la soluci\u00f3n. Sin embargo, Espa\u00f1a se plantea dejar atr\u00e1s su m\u00e1s grande objetivo. Veamos a que se refiere el anuncio que planea dar este 2025.<\/p>\n<h2>El coche el\u00e9ctrico en Espa\u00f1a: c\u00f3mo va su implementaci\u00f3n en n\u00fameros<\/h2>\n<p>Hasta ahora, las ventas de los <a href=\"https:\/\/www.ecoticias.com\/hoyeco\/sueno-coche-electrico-europa\/10628\/\">coches el\u00e9ctricos<\/a> en Espa\u00f1a no han terminado de despegar para alcanzar los vol\u00famenes esperados, siendo a\u00fan mayoritarios los veh\u00edculos de combusti\u00f3n interna que usan gasolina como combustible. De hecho, se estima que en promedio el parque automotor es bastante viejo.<\/p>\n<p>Ya que m\u00e1s de un 60 % estar\u00eda sobre los 20 o m\u00e1s a\u00f1os. Lo cual es una cifra l\u00f3gica, puesto que proyecciones de la propia industria, dicen que se tiene previsto que este a\u00f1o cierre con <strong>menos de 500.000 veh\u00edculos el\u00e9ctricos puros vendidos<\/strong>. Un n\u00famero muy por debajo del considerado por el sector y el gobierno.<\/p>\n<h2>A pesar de estas cifras, el gobierno tiene un anuncio para el a\u00f1o venidero<\/h2>\n<p>Para cumplir con la meta de tener unos 5,5 millones de autom\u00f3viles el\u00e9ctricos en circulaci\u00f3n en Espa\u00f1a para el 2030, el gobierno est\u00e1 trazando planes concretos. Pero, parad\u00f3jicamente, los mismos incluyen el <strong>retiro de las ayudas econ\u00f3micas para la compra de coches con esta tecnolog\u00eda<\/strong>. Este anuncio se har\u00e1 a principios del 2025.<\/p>\n<p>Por lo menos as\u00ed lo plantea el Plan Nacional Integrado de Energ\u00eda y Clima (Pniec) que mostr\u00f3 en Bruselas. El mismo es una planificaci\u00f3n estrat\u00e9gica que integra en un solo documento las pol\u00edticas clim\u00e1ticas y energ\u00e9ticas del sector p\u00fablico y privado, as\u00ed como ofrece una orientaci\u00f3n referida a las inversiones en este tema.<\/p>\n<p>Espec\u00edficamente, proyecta una masificaci\u00f3n del coche el\u00e9ctrico, aspirando a que a partir del 2025 sean colocados en carretera, por lo menos, un mill\u00f3n de veh\u00edculos al a\u00f1o para llegar al 2030 con una flota de 5,5 millones de autom\u00f3viles con ese tipo de combustible. Sin embargo, la industria automotriz no comparte este optimismo.<\/p>\n<p>Y es aqu\u00ed donde el Pniec contempla la supresi\u00f3n de ayudas a fondo perdido para adquirir coches el\u00e9ctricos. Esto porque se estima que en el periodo 2026 \u2013 2030 la paridad de precios en los coches el\u00e9ctricos se habr\u00e1 alcanzado. Pero algunos miembros del Consejo de Ministros no est\u00e1n del todo de acuerdo con este anuncio.<\/p>\n<p>As\u00ed y todo, algunas instituciones gubernamentales como el Ministerio para la Transici\u00f3n Ecol\u00f3gica de Espa\u00f1a prev\u00e9n que, a partir del pr\u00f3ximo a\u00f1o, muchos modelos de veh\u00edculos el\u00e9ctricos comenzaran a bajar de precio. Esto dar\u00e1 un est\u00edmulo e impulso adicionales para la <strong>adquisici\u00f3n de los mismos sin necesidad de financiamiento<\/strong>.<\/p>\n<h2>El as bajo la manga que se guarda para suspender las ayudas sin afectar el mercado<\/h2>\n<p>En este sentido, el Peniec, tiene estimado dar ayudas en infraestructura de recargas para el sector el\u00e9ctrico. Estas estar\u00edan orientadas a flotas de transporte p\u00fablico y para veh\u00edculos de carga pesada. Aunque tiene claro que es necesario acompa\u00f1ar estas inversiones con otras a las redes de transporte y distribuci\u00f3n de electricidad.<\/p>\n<p>Ahora, hay <strong>otros participantes del gobierno que se oponen a quitar estas ayudas<\/strong>. Por ejemplo, el titular del Ministerio de Industria dice que este es un tema que ata\u00f1e no solo a Espa\u00f1a sino a todos los miembros de la Uni\u00f3n Europea. Est\u00e1n garantizados los recursos para este a\u00f1o y se estudia el modo de reactivarlos en 2025.<\/p>\n<p>Como conclusi\u00f3n, Espa\u00f1a anunciar\u00e1 en el 2025 la suspensi\u00f3n de las ayudas econ\u00f3micas para la compra de veh\u00edculos el\u00e9ctricos, lo que podr\u00eda ser causa de una baja en las <a href=\"https:\/\/www.ecoticias.com\/hoyeco\/diesel-gasolina-espana\/1075\/\">ventas<\/a>, ya de por s\u00ed contra\u00eddas. Esto se interpretar\u00eda como rendirse, o por lo menos, disminuir las metas de electrificaci\u00f3n de este sector.<\/p>\n","protected":false},"excerpt":{"rendered":"<p>Ante la actual crisis energ\u00e9tica, referida especialmente al costo ambiental que implican los combustibles f\u00f3siles, la electrificaci\u00f3n del sector del &#8230; <\/p>\n<p class=\"read-more-container\"><a title=\"Espa\u00f1a se estar\u00eda planteando rendirse de su objetivo m\u00e1s ambicioso: el anuncio que se plantea dar en 2025\" class=\"read-more button\" href=\"https:\/\/www.ecoticias.com\/hoyeco\/espana-rendirse-coches-electricos\/11874\/#more-11874\" aria-label=\"Leer m\u00e1s sobre Espa\u00f1a se estar\u00eda planteando rendirse de su objetivo m\u00e1s ambicioso: el anuncio que se plantea dar en 2025\">Read more<\/a><\/p>\n","protected":false},"author":6,"featured_media":11987,"comment_status":"closed","ping_status":"closed","sticky":false,"template":"","format":"standard","meta":{"footnotes":""},"categories":[6],"tags":[],"class_list":["post-11874","post","type-post","status-publish","format-standard","has-post-thumbnail","hentry","category-movilidad","resize-featured-image"],"_links":{"self":[{"href":"https:\/\/www.ecoticias.com\/hoyeco\/wp-json\/wp\/v2\/posts\/11874","targetHints":{"allow":["GET"]}}],"collection":[{"href":"https:\/\/www.ecoticias.com\/hoyeco\/wp-json\/wp\/v2\/posts"}],"about":[{"href":"https:\/\/www.ecoticias.com\/hoyeco\/wp-json\/wp\/v2\/types\/post"}],"author":[{"embeddable":true,"href":"https:\/\/www.ecoticias.com\/hoyeco\/wp-json\/wp\/v2\/users\/6"}],"replies":[{"embeddable":true,"href":"https:\/\/www.ecoticias.com\/hoyeco\/wp-json\/wp\/v2\/comments?post=11874"}],"version-history":[{"count":0,"href":"https:\/\/www.ecoticias.com\/hoyeco\/wp-json\/wp\/v2\/posts\/11874\/revisions"}],"wp:featuredmedia":[{"embeddable":true,"href":"https:\/\/www.ecoticias.com\/hoyeco\/wp-json\/wp\/v2\/media\/11987"}],"wp:attachment":[{"href":"https:\/\/www.ecoticias.com\/hoyeco\/wp-json\/wp\/v2\/media?parent=11874"}],"wp:term":[{"taxonomy":"category","embeddable":true,"href":"https:\/\/www.ecoticias.com\/hoyeco\/wp-json\/wp\/v2\/categories?post=11874"},{"taxonomy":"post_tag","embeddable":true,"href":"https:\/\/www.ecoticias.com\/hoyeco\/wp-json\/wp\/v2\/tags?post=11874"}],"curies":[{"name":"wp","href":"https:\/\/api.w.org\/{rel}","templated":true}]}}