{"id":12058,"date":"2024-10-26T14:30:48","date_gmt":"2024-10-26T12:30:48","guid":{"rendered":"https:\/\/www.ecoticias.com\/hoyeco\/?p=12058"},"modified":"2024-10-26T14:30:48","modified_gmt":"2024-10-26T12:30:48","slug":"vaticano-musulman-europa-normas","status":"publish","type":"post","link":"https:\/\/www.ecoticias.com\/hoyeco\/vaticano-musulman-europa-normas\/12058\/","title":{"rendered":"El \u00abVaticano musulm\u00e1n\u00bb, nuevo pa\u00eds de Europa: de su inesperada ubicaci\u00f3n a sus curiosas normas"},"content":{"rendered":"<p>Europa es un continente que posee una riqueza cultural inigualable debido a los diversos pueblos que confluyen all\u00ed. Y ahora se le suma un nuevo pa\u00eds que se conoce como el \u00abVaticano musulm\u00e1n\u00bb, ent\u00e9rate de cu\u00e1l es su inesperada ubicaci\u00f3n y de las normas tan singulares que tendr\u00e1n que seguir sus ciudadanos.<\/p>\n<h2>Se crear\u00e1 un estado aut\u00f3nomo para la Orden Bektashi<\/h2>\n<p>La mayor\u00eda de las personas que tienen creencias espirituales buscan expresarse a trav\u00e9s de alguna religi\u00f3n, bien sea la que practican sus ancestros o por afinidad personal. Y a su vez, se necesita que cuenten con una jerarqu\u00eda que les gu\u00ede y tenga un nivel central que les permita perdurar a lo largo del tiempo.<\/p>\n<p>La comunidad Bektashi es una congregaci\u00f3n suf\u00ed que muy pronto tendr\u00e1 su propio \u00abVaticano musulm\u00e1n\u00bb en Albania. Esto lo anunci\u00f3 hace poco el primer ministro de ese pa\u00eds ante la asamblea de la ONU, e indic\u00f3 que este Estado soberano <strong>tendr\u00e1 su propia administraci\u00f3n, normas, fronteras y pasaporte. <\/strong><\/p>\n<h2>Europa asiste al nacimiento de un \u00abVaticano musulm\u00e1n\u00bb<\/h2>\n<p>En una asamblea de <a href=\"https:\/\/www.ecoticias.com\/hoyeco\/pais-comunidad-autonoma-espana\/8390\/\">ONU<\/a> hubo un anuncio que tom\u00f3 por sorpresa a m\u00e1s de uno, y el protagonista de ese momento fue el primer ministro alban\u00e9s. Pues <strong>su gobierno va a respaldar a la Orden Mundial Bektashi<\/strong> para que se convierta en un Estado soberano, una especie de Vaticano musulm\u00e1n, que ser\u00e1 su hogar seguro.<\/p>\n<p>Este acontecimiento tan particular ha despertado la curiosidad acerca de este grupo. Se trata de una orden suf\u00ed que sigue las ense\u00f1anzas del m\u00edstico Haci Bektas-i Veli, cuyos or\u00edgenes se remontan al imperio otomano en el siglo XIII, y por diversas razones muchos de ellos salieron de all\u00ed y se fueron a Albania.<\/p>\n<p>A\u00fan hoy en d\u00eda, el 20 % de los habitantes de Turqu\u00eda sigue esta religi\u00f3n, y es all\u00ed donde est\u00e1 la tumba de su fundador Ali Ibn Abi que, seg\u00fan sus devotos, es el verdadero sucesor de Mahoma. Otros lugares donde tambi\u00e9n est\u00e1n presentes son Kosovo, Siria y Bulgaria, pero ahora su centro principal ser\u00e1 en Albania.<\/p>\n<p>En una sede de diez hect\u00e1reas, en Tirana, su gobierno va a estar integrado por los jefes de la orden, junto a un consejo, cuyas funciones principales estar\u00e1n centradas en el cuidado del buen desarrollo de las actividades religiosas y administrativas. La nacionalidad ser\u00e1 para unos pocos, y no incluir\u00e1 a sus seguidores.<\/p>\n<p>Pues este grupo musulm\u00e1n tiene como finalidad principal convertirse en un foco de tolerancia y convivencia pac\u00edfica. Porque, a pesar de ser la cuarta religi\u00f3n del pa\u00eds, <strong>en Albania se les considera como la religi\u00f3n verdadera<\/strong>, porque han encontrado la forma de lograr un acercamiento entre cristianos y musulmanes.<\/p>\n<h2>Un pa\u00eds con una misi\u00f3n espiritual por la paz y la tolerancia<\/h2>\n<p>El Padre Principal de la Orden Bektashi, Baba Mondi, expres\u00f3 su satisfacci\u00f3n por la creaci\u00f3n del Vaticano Musulm\u00e1n, porque ser\u00e1 un gran apoyo para realizar su misi\u00f3n espiritual. Que b\u00e1sicamente consiste en alzar su voz para <strong>llevar un mensaje de paz, amor y tolerancia<\/strong> entre todos los seres humanos en el mundo.<\/p>\n<p>En cuanto a la propia comunidad de los Bektashi, este lugar ser\u00e1 su morada espiritual, que les brindar\u00e1 el amparo para que puedan desarrollar sus pr\u00e1cticas devocionales sin temor. Y tambi\u00e9n les permitir\u00e1 reforzar sus actividades de encuentro con otras religiones, como la que se realiza cada a\u00f1o en el Monte Tomorri.<\/p>\n<p>En conclusi\u00f3n, <a href=\"https:\/\/www.ecoticias.com\/hoyeco\/espana-desastre-natural-europa\/10650\/\">Europa<\/a> ser\u00e1 testigo del nacimiento del \u00abVaticano musulm\u00e1n\u00bb, para la Orden Mundial Bektashi, un estado de apenas 10 hect\u00e1reas que estar\u00e1 en Albania. Como cualquier pa\u00eds aut\u00f3nomo, tendr\u00e1 sus normas, pasaporte y, sobre todo, les dar\u00e1 un lugar seguro para que puedan practicar su religi\u00f3n en paz.<\/p>\n","protected":false},"excerpt":{"rendered":"<p>Europa es un continente que posee una riqueza cultural inigualable debido a los diversos pueblos que confluyen all\u00ed. Y ahora &#8230; <\/p>\n<p class=\"read-more-container\"><a title=\"El \u00abVaticano musulm\u00e1n\u00bb, nuevo pa\u00eds de Europa: de su inesperada ubicaci\u00f3n a sus curiosas normas\" class=\"read-more button\" href=\"https:\/\/www.ecoticias.com\/hoyeco\/vaticano-musulman-europa-normas\/12058\/#more-12058\" aria-label=\"Leer m\u00e1s sobre El \u00abVaticano musulm\u00e1n\u00bb, nuevo pa\u00eds de Europa: de su inesperada ubicaci\u00f3n a sus curiosas normas\">Read more<\/a><\/p>\n","protected":false},"author":6,"featured_media":12059,"comment_status":"closed","ping_status":"closed","sticky":false,"template":"","format":"standard","meta":{"footnotes":""},"categories":[2],"tags":[],"class_list":["post-12058","post","type-post","status-publish","format-standard","has-post-thumbnail","hentry","category-actualidad","resize-featured-image"],"_links":{"self":[{"href":"https:\/\/www.ecoticias.com\/hoyeco\/wp-json\/wp\/v2\/posts\/12058","targetHints":{"allow":["GET"]}}],"collection":[{"href":"https:\/\/www.ecoticias.com\/hoyeco\/wp-json\/wp\/v2\/posts"}],"about":[{"href":"https:\/\/www.ecoticias.com\/hoyeco\/wp-json\/wp\/v2\/types\/post"}],"author":[{"embeddable":true,"href":"https:\/\/www.ecoticias.com\/hoyeco\/wp-json\/wp\/v2\/users\/6"}],"replies":[{"embeddable":true,"href":"https:\/\/www.ecoticias.com\/hoyeco\/wp-json\/wp\/v2\/comments?post=12058"}],"version-history":[{"count":0,"href":"https:\/\/www.ecoticias.com\/hoyeco\/wp-json\/wp\/v2\/posts\/12058\/revisions"}],"wp:featuredmedia":[{"embeddable":true,"href":"https:\/\/www.ecoticias.com\/hoyeco\/wp-json\/wp\/v2\/media\/12059"}],"wp:attachment":[{"href":"https:\/\/www.ecoticias.com\/hoyeco\/wp-json\/wp\/v2\/media?parent=12058"}],"wp:term":[{"taxonomy":"category","embeddable":true,"href":"https:\/\/www.ecoticias.com\/hoyeco\/wp-json\/wp\/v2\/categories?post=12058"},{"taxonomy":"post_tag","embeddable":true,"href":"https:\/\/www.ecoticias.com\/hoyeco\/wp-json\/wp\/v2\/tags?post=12058"}],"curies":[{"name":"wp","href":"https:\/\/api.w.org\/{rel}","templated":true}]}}