{"id":12103,"date":"2024-10-22T15:00:10","date_gmt":"2024-10-22T13:00:10","guid":{"rendered":"https:\/\/www.ecoticias.com\/hoyeco\/?p=12103"},"modified":"2024-10-22T15:00:10","modified_gmt":"2024-10-22T13:00:10","slug":"energia-renovable-espana-agenda","status":"publish","type":"post","link":"https:\/\/www.ecoticias.com\/hoyeco\/energia-renovable-espana-agenda\/12103\/","title":{"rendered":"La energ\u00eda renovable con mayor capacidad mundial caer\u00e1 en Espa\u00f1a: el freno interno desacelera los planes de la Agenda 2030"},"content":{"rendered":"<p>El crecimiento de la energ\u00eda renovable para el cumplimiento de los objetivos del 2030, ha mantenido a los pa\u00edses involucrados bastante ocupados. Sin embargo, en Espa\u00f1a se est\u00e1 produciendo una desaceleraci\u00f3n en este tipo de fuente energ\u00e9tica que podr\u00eda afectar la Agenda 2030. Veamos por qu\u00e9.<\/p>\n<h2>Hasta este a\u00f1o todos los pa\u00edses est\u00e1n superando los objetivos de electricidad con fuentes de energ\u00eda renovable<\/h2>\n<p>En su informe Renovables 2024 publicado recientemente por la Agencia Internacional de Energ\u00eda (AIE) se prev\u00e9 que, para este a\u00f1o, se incorporen un total de 1,2 TW en potencia el\u00e9ctrica renovable. De esta cantidad, el 80 % ser\u00e1 de origen fotovoltaico, 12 % e\u00f3lico y el 8 % se repartir\u00e1 entre hidroel\u00e9ctrica, nuclear y mareomotriz.<\/p>\n<p>Lo cual implica que para el 2030 se calcula que <strong>casi el 50 % de la electricidad que se consuma en el mundo ser\u00e1 de fuentes energ\u00e9ticas renovables<\/strong>. Esto se debe a que 70 pa\u00edses que representan el 80 % de capacidad de generaci\u00f3n, est\u00e1n superando sus objetivos planteados, pero&#8230; \u00bfqu\u00e9 pasa con <a href=\"https:\/\/www.ecoticias.com\/hoyeco\/espana-rendirse-coches-electricos\/11874\/\">Espa\u00f1a<\/a>?.<\/p>\n<h2>Nuestro pa\u00eds podr\u00eda ver ralentizado su crecimiento en fotovoltaica renovable<\/h2>\n<p>A pesar de estos n\u00fameros, Espa\u00f1a, y quiz\u00e1s el resto de Europa, podr\u00edan ver reducido su gran empuje inicial que ocurri\u00f3 entre los a\u00f1os 2018 y 2022. Ya que se corre el riesgo de una <strong>ca\u00edda en la energ\u00eda renovable con mayor capacidad actual<\/strong>, estamos hablando de la energ\u00eda fotovoltaica.<\/p>\n<p>De hecho, para el 2024 ya se tiene que el crecimiento fotovoltaico se redujo en un 7 %. Lo cual se debe, en Espa\u00f1a, a la reducci\u00f3n de los incentivos a la industria para la construcci\u00f3n de parques solares y una disminuci\u00f3n en los vol\u00famenes de las subastas donde interviene el gobierno espa\u00f1ol.<\/p>\n<p>Por otra parte, esta desaceleraci\u00f3n del 2024 respecto al 2023 tambi\u00e9n se observa en la expansi\u00f3n fotovoltaica distribuida e, incluso, en peque\u00f1os sistemas en las industrias, comercios y viviendas multifamiliares y unifamiliares. Esto se debe, principalmente, a la reducci\u00f3n de las ayudas fiscales por parte del Estado.<\/p>\n<p>Sin embargo, en esta aparente ralentizaci\u00f3n de Espa\u00f1a tambi\u00e9n tiene que ver que le ha sido asignada una gran cuota a cumplir de renovable. Puesto que ella se ubica entre el 50 y el 60 % de su electricidad, la cual debe provenir de fuentes renovables como la e\u00f3lica y la solar, de aqu\u00ed al 2030.<\/p>\n<p>En este sentido, en la pen\u00ednsula con la demanda del 2023 logr\u00f3 que la producci\u00f3n de electricidad renovable superara el 50 %. Es decir, que aun con los incrementos de demanda el\u00e9ctrica y la desaceleraci\u00f3n en el crecimiento, sobre todo de la fotovoltaica, se tienen buenas perspectivas.<\/p>\n<p>Puesto que, si esta ralentizaci\u00f3n no supera el 20 %, Espa\u00f1a cumplir\u00e1 holgadamente con el compromiso. Pero de lo contrario ser\u00eda como un freno para los planes de la Agenda 2030. Por otro lado, la AIE considera que en nuestro pa\u00eds se mantiene un nivel muy alto de penetraci\u00f3n de la energ\u00eda renovable.<\/p>\n<p>Pero, a pesar de esto, se ha logrado tener los vertidos t\u00e9cnicos en un nivel bajo, si lo comparamos con otros mercados. No obstante, se debe destacar que desde 2022 han ido increment\u00e1ndose. Sobre todo, los fotovoltaicos debido a su gran expansi\u00f3n<strong>, especialmente en los meses estivales<\/strong>.<\/p>\n<h2>\u00bfC\u00f3mo est\u00e1 la situaci\u00f3n en los dem\u00e1s pa\u00edses de Europa?<\/h2>\n<p>Respecto a la capacidad de la energ\u00eda renovable en Europa, se prev\u00e9 que se incremente de 894 GW acumulados hasta el 2023, hasta rededor de los 1.600 GW para 2030. Casi un 70 % se estima que ocurra en Italia, Francia, los Pa\u00edses Bajos, Turqu\u00eda, Reino Unido y, por supuesto, Espa\u00f1a.<\/p>\n<p>Concluyendo, la producci\u00f3n y expansi\u00f3n de la energ\u00eda renovable como la fotovoltaica podr\u00eda caer en Espa\u00f1a. Aunque esto puede ralentizar el camino hacia el objetivo trazado en 2030, la pen\u00ednsula lo compensar\u00e1 con el sobrecumplimiento de estos a\u00f1os as\u00ed que llegar\u00e1 holgadamente a la meta.<\/p>\n","protected":false},"excerpt":{"rendered":"<p>El crecimiento de la energ\u00eda renovable para el cumplimiento de los objetivos del 2030, ha mantenido a los pa\u00edses involucrados &#8230; <\/p>\n<p class=\"read-more-container\"><a title=\"La energ\u00eda renovable con mayor capacidad mundial caer\u00e1 en Espa\u00f1a: el freno interno desacelera los planes de la Agenda 2030\" class=\"read-more button\" href=\"https:\/\/www.ecoticias.com\/hoyeco\/energia-renovable-espana-agenda\/12103\/#more-12103\" aria-label=\"Leer m\u00e1s sobre La energ\u00eda renovable con mayor capacidad mundial caer\u00e1 en Espa\u00f1a: el freno interno desacelera los planes de la Agenda 2030\">Read more<\/a><\/p>\n","protected":false},"author":6,"featured_media":12104,"comment_status":"closed","ping_status":"closed","sticky":false,"template":"","format":"standard","meta":{"footnotes":""},"categories":[5],"tags":[],"class_list":["post-12103","post","type-post","status-publish","format-standard","has-post-thumbnail","hentry","category-energia","resize-featured-image"],"_links":{"self":[{"href":"https:\/\/www.ecoticias.com\/hoyeco\/wp-json\/wp\/v2\/posts\/12103","targetHints":{"allow":["GET"]}}],"collection":[{"href":"https:\/\/www.ecoticias.com\/hoyeco\/wp-json\/wp\/v2\/posts"}],"about":[{"href":"https:\/\/www.ecoticias.com\/hoyeco\/wp-json\/wp\/v2\/types\/post"}],"author":[{"embeddable":true,"href":"https:\/\/www.ecoticias.com\/hoyeco\/wp-json\/wp\/v2\/users\/6"}],"replies":[{"embeddable":true,"href":"https:\/\/www.ecoticias.com\/hoyeco\/wp-json\/wp\/v2\/comments?post=12103"}],"version-history":[{"count":0,"href":"https:\/\/www.ecoticias.com\/hoyeco\/wp-json\/wp\/v2\/posts\/12103\/revisions"}],"wp:featuredmedia":[{"embeddable":true,"href":"https:\/\/www.ecoticias.com\/hoyeco\/wp-json\/wp\/v2\/media\/12104"}],"wp:attachment":[{"href":"https:\/\/www.ecoticias.com\/hoyeco\/wp-json\/wp\/v2\/media?parent=12103"}],"wp:term":[{"taxonomy":"category","embeddable":true,"href":"https:\/\/www.ecoticias.com\/hoyeco\/wp-json\/wp\/v2\/categories?post=12103"},{"taxonomy":"post_tag","embeddable":true,"href":"https:\/\/www.ecoticias.com\/hoyeco\/wp-json\/wp\/v2\/tags?post=12103"}],"curies":[{"name":"wp","href":"https:\/\/api.w.org\/{rel}","templated":true}]}}