{"id":12218,"date":"2024-10-27T14:30:36","date_gmt":"2024-10-27T13:30:36","guid":{"rendered":"https:\/\/www.ecoticias.com\/hoyeco\/?p=12218"},"modified":"2024-10-27T14:30:36","modified_gmt":"2024-10-27T13:30:36","slug":"record-energia-solar-comunidades","status":"publish","type":"post","link":"https:\/\/www.ecoticias.com\/hoyeco\/record-energia-solar-comunidades\/12218\/","title":{"rendered":"Espa\u00f1a bate el r\u00e9cord de energ\u00eda solar antes de fin de a\u00f1o: tres comunidades punteras en generaci\u00f3n"},"content":{"rendered":"<p>La UE tiene como meta convertirse en el primer continente verde del planeta. Espa\u00f1a ha trabajado muy duro en este sentido, como lo demuestra el hecho de que ya se bati\u00f3 el r\u00e9cord de generaci\u00f3n de energ\u00eda solar, a pesar de que apenas se inicia el \u00faltimo trimestre del a\u00f1o, y hay tres comunidades punteras en la producci\u00f3n.<\/p>\n<h2>Los combustibles f\u00f3siles fueron \u00fatiles pero van a desaparecer<\/h2>\n<p>Los <a href=\"https:\/\/www.ecoticias.com\/hoyeco\/petroleo-inminente-paises-industria\/9297\/\">combustibles<\/a> f\u00f3siles, a pesar de haber contribuido en gran medida al desarrollo de la industria y el transporte a nivel mundial, han dejado una huella oscura que se manifiesta a trav\u00e9s del cambio clim\u00e1tico. Por eso es fundamental que se incremente el uso de fuentes energ\u00e9ticas limpias que no emitan contaminaci\u00f3n.<\/p>\n<p><strong>Espa\u00f1a est\u00e1 seriamente comprometida con el objetivo de la descarbonizaci\u00f3n<\/strong>. Y lo demostr\u00f3 batiendo su r\u00e9cord de producci\u00f3n de energ\u00eda solar antes de terminar el a\u00f1o, y las comunidades que aportaron la mayor cantidad fueron Castilla y Le\u00f3n, Arag\u00f3n y Extremadura, que ampliaron en m\u00e1s del 100% su producci\u00f3n.<\/p>\n<h2>Las fuentes energ\u00e9ticas limpias van ganando terreno en Espa\u00f1a<\/h2>\n<p>La Red El\u00e9ctrica de Espa\u00f1a (REE) inform\u00f3 que la energ\u00eda solar ha tenido un crecimiento sostenido a lo largo de este a\u00f1o, con <strong>un aumento del 19% con respecto al a\u00f1o pasado<\/strong>. Fue con la que se obtuvo m\u00e1s electricidad durante el periodo comprendido entre los meses de mayo y agosto, con un pico de 5.817 GWh en julio.<\/p>\n<p>Este incremento se debe a que el parque de potencia fotovoltaica instalado se vio favorecido con unas condiciones atmosf\u00e9ricas ideales durante ese lapso. Es importante resaltar que esta capacidad est\u00e1 en plena expansi\u00f3n y ya se est\u00e1 aproximando a la e\u00f3lica, que hoy en d\u00eda apenas la supera por 3.000 MW.<\/p>\n<p>Sin embargo, hay un hecho muy significativo que le resta un poco de brillo a este aumento en la productividad de corriente el\u00e9ctrica a partir de la energ\u00eda solar. Y es el diferencial que existe entre lo que se puede obtener en la ciudad y en las zonas rurales, pues en estas \u00faltimas han expresado ciertas molestias.<\/p>\n<p>Porque hay una gran asimetr\u00eda entre la cantidad de electricidad que se elabora en las ciudades, y la que aportan las comunidades m\u00e1s apartadas. Un ejemplo de ello es que Madrid solo contribuye con un 4.8 % de lo que consume y, por tanto, necesita el apoyo de otras regiones como Extremadura, que es m\u00e1s eficiente.<\/p>\n<p>Y <strong>ha mejorado su generaci\u00f3n en un 423%<\/strong> y buena parte de ella se env\u00eda a otros lugares. El problema est\u00e1 en que la infraestructura necesaria para incrementar de forma importante el aprovechamiento de la energ\u00eda solar y e\u00f3lica afecta a los que viven en esos sitios, y ya ha sido objeto de muchas controversias.<\/p>\n<h2>La energ\u00eda solar es la tercera generadora de electricidad<\/h2>\n<p>Durante todo el a\u00f1o 2023, se obtuvo 37.472 GWh a partir de los paneles solares, lo cual en su momento represent\u00f3 la mayor cantidad lograda con este sistema. Pero este a\u00f1o si ha sido todo un r\u00e9cord, pues el 5 de octubre se super\u00f3 esa cifra, con <strong>una productividad que lleg\u00f3 a 37.551 GWh, y quedan tres meses.<\/strong><\/p>\n<p>Actualmente, los paneles fotovoltaicos ocupan el tercer lugar en la generaci\u00f3n de electricidad, con un aporte del 18.3 %. Esto consolida a Espa\u00f1a como un pa\u00eds l\u00edder en Europa en cuanto a la capacidad energ\u00e9tica fotovoltaica instalada con 29.5 GW, que con los nuevos planes de expansi\u00f3n llegar\u00e1 pronto a 106.1 GW.<\/p>\n<p>En conclusi\u00f3n, <a href=\"https:\/\/www.ecoticias.com\/hoyeco\/espana-demasiados-paneles-solares\/11972\/\">Espa\u00f1a<\/a> va por m\u00e1s, pues apenas se est\u00e1 iniciando el \u00faltimo trimestre del a\u00f1o y ya bati\u00f3 su r\u00e9cord de producci\u00f3n de energ\u00eda solar. Las comunidades punteras son Extremadura, Arag\u00f3n y Castilla y Le\u00f3n que la incrementaron en m\u00e1s del 100% de forma que un 57.5 % de la electricidad es de origen renovable.<\/p>\n","protected":false},"excerpt":{"rendered":"<p>La UE tiene como meta convertirse en el primer continente verde del planeta. Espa\u00f1a ha trabajado muy duro en este &#8230; <\/p>\n<p class=\"read-more-container\"><a title=\"Espa\u00f1a bate el r\u00e9cord de energ\u00eda solar antes de fin de a\u00f1o: tres comunidades punteras en generaci\u00f3n\" class=\"read-more button\" href=\"https:\/\/www.ecoticias.com\/hoyeco\/record-energia-solar-comunidades\/12218\/#more-12218\" aria-label=\"Leer m\u00e1s sobre Espa\u00f1a bate el r\u00e9cord de energ\u00eda solar antes de fin de a\u00f1o: tres comunidades punteras en generaci\u00f3n\">Read more<\/a><\/p>\n","protected":false},"author":6,"featured_media":12219,"comment_status":"closed","ping_status":"closed","sticky":false,"template":"","format":"standard","meta":{"footnotes":""},"categories":[5],"tags":[],"class_list":["post-12218","post","type-post","status-publish","format-standard","has-post-thumbnail","hentry","category-energia","resize-featured-image"],"_links":{"self":[{"href":"https:\/\/www.ecoticias.com\/hoyeco\/wp-json\/wp\/v2\/posts\/12218","targetHints":{"allow":["GET"]}}],"collection":[{"href":"https:\/\/www.ecoticias.com\/hoyeco\/wp-json\/wp\/v2\/posts"}],"about":[{"href":"https:\/\/www.ecoticias.com\/hoyeco\/wp-json\/wp\/v2\/types\/post"}],"author":[{"embeddable":true,"href":"https:\/\/www.ecoticias.com\/hoyeco\/wp-json\/wp\/v2\/users\/6"}],"replies":[{"embeddable":true,"href":"https:\/\/www.ecoticias.com\/hoyeco\/wp-json\/wp\/v2\/comments?post=12218"}],"version-history":[{"count":0,"href":"https:\/\/www.ecoticias.com\/hoyeco\/wp-json\/wp\/v2\/posts\/12218\/revisions"}],"wp:featuredmedia":[{"embeddable":true,"href":"https:\/\/www.ecoticias.com\/hoyeco\/wp-json\/wp\/v2\/media\/12219"}],"wp:attachment":[{"href":"https:\/\/www.ecoticias.com\/hoyeco\/wp-json\/wp\/v2\/media?parent=12218"}],"wp:term":[{"taxonomy":"category","embeddable":true,"href":"https:\/\/www.ecoticias.com\/hoyeco\/wp-json\/wp\/v2\/categories?post=12218"},{"taxonomy":"post_tag","embeddable":true,"href":"https:\/\/www.ecoticias.com\/hoyeco\/wp-json\/wp\/v2\/tags?post=12218"}],"curies":[{"name":"wp","href":"https:\/\/api.w.org\/{rel}","templated":true}]}}