{"id":12269,"date":"2024-10-23T16:30:25","date_gmt":"2024-10-23T14:30:25","guid":{"rendered":"https:\/\/www.ecoticias.com\/hoyeco\/?p=12269"},"modified":"2024-10-23T16:30:25","modified_gmt":"2024-10-23T14:30:25","slug":"bmw-china-motores-termicos","status":"publish","type":"post","link":"https:\/\/www.ecoticias.com\/hoyeco\/bmw-china-motores-termicos\/12269\/","title":{"rendered":"BMW enfrenta a China y desestabiliza a la industria automotriz: la pol\u00e9mica defensa a los motores t\u00e9rmicos"},"content":{"rendered":"<p>El establecimiento de nuevos objetivos dentro del plan de prohibici\u00f3n de los <strong>motores t\u00e9rmicos<\/strong> en toda Europa m\u00e1s all\u00e1 de 2035 ha sido planteado por BMW, alegando que en caso de alcanzarse estos la industria automotriz europea estar\u00eda a merced de China. Aqu\u00ed revisaremos las bases de su argumento.<\/p>\n<h2><span data-sheets-root=\"1\">Prohibir la venta de motores t\u00e9rmicos esclavizar\u00e1 a Europa<\/span><\/h2>\n<p>Si se cumple la prohibici\u00f3n de los coches t\u00e9rmicos nuevos en Europa, tal como est\u00e1 planificada para el 2035, los <a href=\"https:\/\/www.ecoticias.com\/hoyeco\/fabricante-motor-hidrogeno-frenazo\/11003\/#:~:text=Un%20problema%20en%20el%20motor,los%20detalles%20de%20este%20tropiezo.\">fabricantes de coches europeos<\/a> estar\u00e1n en desventaja frente a los chinos, al menos eso es lo que se\u00f1ala el CEO de BMW Oliver Zipse.<\/p>\n<p>Las razones de esta potencial amenaza obedecen al hecho de que China actualmente es <strong>l\u00edder mundial en la producci\u00f3n de bater\u00edas<\/strong>, por lo que desapareciendo el segmento de coches propulsados por motor de combusti\u00f3n interna se incrementar\u00e1n los niveles de dependencia hacia el gigante asi\u00e1tico.<\/p>\n<p>Por consiguiente, ahora mismo toda Europa se encuentra en un dilema, por un lado est\u00e1 la imperiosa necesidad de transitar hacia una movilidad sostenible, pero por otro lado se debe evitar caer en riesgosas situaciones de dependencia.<\/p>\n<h3>Aprovechando la ocasi\u00f3n en el sal\u00f3n<\/h3>\n<p>En el Sal\u00f3n del Autom\u00f3vil de Par\u00eds 2024 el fabricante de coches alem\u00e1n, junto a otros <strong>fuertes l\u00edderes de la industria automotriz europea<\/strong>, aprovecharon para plantear su oposici\u00f3n al plan de la Comisi\u00f3n Europea de finalizar la venta de veh\u00edculos impulsados por motores de combusti\u00f3n interna.<\/p>\n<p>Alertando sobre los riesgos de una fuerte contracci\u00f3n en el sector automotriz de Europa, Zipse pidi\u00f3 la revisi\u00f3n del plan por parte de la comisi\u00f3n, atendiendo principalmente al panorama de las bajas ventas de coches el\u00e9ctricos de marcas europeas en los \u00faltimos a\u00f1os.<\/p>\n<h2>Las ventas de coches el\u00e9ctricos en Europa: Un paso para adelante y dos para atr\u00e1s<\/h2>\n<p>Aunque la m\u00edtica marca alemana ha podido ubicar el BMW X1 en la lista de <strong>coches el\u00e9ctricos con m\u00e1s ventas en Espa\u00f1a y otros pa\u00edses europeos<\/strong>, el representante de la compa\u00f1\u00eda alega que el nivel de ventas alcanzado no es suficiente para considerarse como una fuerte opci\u00f3n frente a los competidores chinos.<\/p>\n<p>La manera como BMW ha podido trepar hacia el puesto n\u00famero uno en ventas de coches el\u00e9ctricos ha sido a trav\u00e9s de una variada oferta, pues en el mercado se consiguen las distintas versiones de coches con estas tres tecnolog\u00edas propulsoras:<\/p>\n<ul>\n<li>Combusti\u00f3n interna mediante combustibles f\u00f3siles<\/li>\n<li>H\u00edbridos enchufables<\/li>\n<li>Totalmente el\u00e9ctricos<\/li>\n<\/ul>\n<p>Tal vez la preocupaci\u00f3n por la situaci\u00f3n de dependencia en la que quedar\u00e1 la industria automotriz si llega a cumplirse la <strong>meta de prohibir la producci\u00f3n y circulaci\u00f3n de coches<\/strong> con motores accionados por combustibles f\u00f3siles es lo que ha impulsado al fabricante alem\u00e1n a seguir trabajando en el dise\u00f1o de este tipo de motor.<\/p>\n<h3>El asunto est\u00e1 en decidir hasta donde llegar en la prohibici\u00f3n<\/h3>\n<p>De acuerdo con Zipse, no se pide la suspensi\u00f3n total del plan correspondiente a la eliminaci\u00f3n de las emisiones de carbono porque se asume como algo necesario para la supervivencia del planeta, pero si una correcci\u00f3n de los objetivos.<\/p>\n<p>En otras palabras, est\u00e1 claro que alcanzar un cien por ciento del objetivo de <strong>prohibir los coches t\u00e9rmicos nuevos en Europa para 2035<\/strong> pondr\u00eda a la industria automovil\u00edstica en franca desventaja frente a sus competidores chinos.<\/p>\n<p>Por consiguiente, la discusi\u00f3n estar\u00eda centrada en el porcentaje de coches con motores de combusti\u00f3n a los que se les podr\u00eda permitir seguir circulando en las calles europeas para 2035, sin que representen una importante fuente de contaminaci\u00f3n y sin que esta restricci\u00f3n cree una fuerte dependencia hacia las bater\u00edas chinas.<\/p>\n<p>En definitiva, defender a los <span data-sheets-root=\"1\"><strong>motores t\u00e9rmicos<\/strong> en Europa tal como lo hace BMW no significa estar en contra de la <a href=\"https:\/\/www.ecoticias.com\/hoyeco\/japon-hidrogeno-suecia-motor-negro\/10793\/#:~:text=En%20conclusi%C3%B3n%2C%20Jap%C3%B3n%20podr%C3%A1%20ufanarse,uno%20de%20sus%20coches%20deportivos.\">transici\u00f3n energ\u00e9tica<\/a>, sino entender aspectos que van m\u00e1s all\u00e1 de la necesidad de sostenibilidad, como lo ser\u00eda la protecci\u00f3n de la econom\u00eda europea frente a la invasi\u00f3n de coches e insumos chinos.<\/span><\/p>\n","protected":false},"excerpt":{"rendered":"<p>El establecimiento de nuevos objetivos dentro del plan de prohibici\u00f3n de los motores t\u00e9rmicos en toda Europa m\u00e1s all\u00e1 de &#8230; <\/p>\n<p class=\"read-more-container\"><a title=\"BMW enfrenta a China y desestabiliza a la industria automotriz: la pol\u00e9mica defensa a los motores t\u00e9rmicos\" class=\"read-more button\" href=\"https:\/\/www.ecoticias.com\/hoyeco\/bmw-china-motores-termicos\/12269\/#more-12269\" aria-label=\"Leer m\u00e1s sobre BMW enfrenta a China y desestabiliza a la industria automotriz: la pol\u00e9mica defensa a los motores t\u00e9rmicos\">Read more<\/a><\/p>\n","protected":false},"author":9,"featured_media":12308,"comment_status":"closed","ping_status":"closed","sticky":false,"template":"","format":"standard","meta":{"footnotes":""},"categories":[6],"tags":[],"class_list":["post-12269","post","type-post","status-publish","format-standard","has-post-thumbnail","hentry","category-movilidad","resize-featured-image"],"_links":{"self":[{"href":"https:\/\/www.ecoticias.com\/hoyeco\/wp-json\/wp\/v2\/posts\/12269","targetHints":{"allow":["GET"]}}],"collection":[{"href":"https:\/\/www.ecoticias.com\/hoyeco\/wp-json\/wp\/v2\/posts"}],"about":[{"href":"https:\/\/www.ecoticias.com\/hoyeco\/wp-json\/wp\/v2\/types\/post"}],"author":[{"embeddable":true,"href":"https:\/\/www.ecoticias.com\/hoyeco\/wp-json\/wp\/v2\/users\/9"}],"replies":[{"embeddable":true,"href":"https:\/\/www.ecoticias.com\/hoyeco\/wp-json\/wp\/v2\/comments?post=12269"}],"version-history":[{"count":0,"href":"https:\/\/www.ecoticias.com\/hoyeco\/wp-json\/wp\/v2\/posts\/12269\/revisions"}],"wp:featuredmedia":[{"embeddable":true,"href":"https:\/\/www.ecoticias.com\/hoyeco\/wp-json\/wp\/v2\/media\/12308"}],"wp:attachment":[{"href":"https:\/\/www.ecoticias.com\/hoyeco\/wp-json\/wp\/v2\/media?parent=12269"}],"wp:term":[{"taxonomy":"category","embeddable":true,"href":"https:\/\/www.ecoticias.com\/hoyeco\/wp-json\/wp\/v2\/categories?post=12269"},{"taxonomy":"post_tag","embeddable":true,"href":"https:\/\/www.ecoticias.com\/hoyeco\/wp-json\/wp\/v2\/tags?post=12269"}],"curies":[{"name":"wp","href":"https:\/\/api.w.org\/{rel}","templated":true}]}}