{"id":12316,"date":"2024-10-25T15:00:04","date_gmt":"2024-10-25T13:00:04","guid":{"rendered":"https:\/\/www.ecoticias.com\/hoyeco\/?p=12316"},"modified":"2024-10-25T15:00:04","modified_gmt":"2024-10-25T13:00:04","slug":"pasadizo-submarino-espana-humanos","status":"publish","type":"post","link":"https:\/\/www.ecoticias.com\/hoyeco\/pasadizo-submarino-espana-humanos\/12316\/","title":{"rendered":"Hallan un misterioso pasadizo submarino en Espa\u00f1a: vestigios humanos en Occidente m\u00e1s antiguos de los que se cre\u00eda"},"content":{"rendered":"<p>La arqueolog\u00eda siempre tiene para nosotros interesantes descubrimientos. Lo mejor es que muchas veces lo hacen bas\u00e1ndose en hallazgos previos. Como ejemplo te presentamos uno en el que se ha hallado un misterioso pasadizo bajo las aguas en Espa\u00f1a que indica presencia humana antes de lo que se cre\u00eda.<\/p>\n<h2>Un misterioso pasadizo submarino descubierto hace 25 a\u00f1os y hasta ahora revela sus secretos<\/h2>\n<p>En 1999 un grupo de <a href=\"https:\/\/www.ecoticias.com\/hoyeco\/espana-tambien-tiene-piramides\/3053\/\">arque\u00f3logos<\/a> descubrieron un puente megal\u00edtico que forma un pasadizo, que ahora est\u00e1 sumergido, que mide 7,6 metros de largo y que era usado para atravesar el lago entre dos c\u00e1maras que ten\u00edan una cota m\u00e1s alta en la cueva llamada Genovesa que se encuentra en Manacor<\/p>\n<p>Este descubrimiento fue fascinante en su momento debido a que sirvi\u00f3 para datar la cronolog\u00eda de los primeros asentamientos humanos en unos 4.400 a\u00f1os. Un cuarto de siglo despu\u00e9s, nuevas evidencias encontradas con el avance de la tecnolog\u00eda hacen saber que la <strong>isla de Mallorca en el Mediterr\u00e1neo fue poblada mucho antes<\/strong>.<\/p>\n<h2>Lo que implica los hallazgos encontrados en este antiguo puente<\/h2>\n<p>Estos descubrimientos dan respuesta a la pregunta sobre cuando pis\u00f3 el hombre por primera vez la isla de Mallorca. Ya que, curiosamente, a pesar de ser la sexta extensi\u00f3n de tierra de mayor tama\u00f1o del Mediterr\u00e1neo, <strong>se ha determinado que estuvo entre las \u00faltimas en ser poblada por el hombre<\/strong>.<\/p>\n<p>El pasadizo est\u00e1 conformado por bloques de roca caliza que en algunos puntos llegan a medir 1,3 metros de ancho y est\u00e1n colocados unos sobre otros. Se estima que cuando fue construido, el lago ten\u00eda unos 0,25 metros de profundidad pero al pasar el tiempo el nivel fue aumentado hasta sumergirlo por completo.<\/p>\n<p>Este pasadizo ahora est\u00e1 en la palestra de las noticias, ya que ha dado una nueva perspectiva sobre la conquista de Mallorca y la llegada del hombre al mar Mediterr\u00e1neo occidental. Puesto que ampl\u00eda la antig\u00fcedad que se cre\u00eda que ten\u00eda de 4.400 a\u00f1os, a unos 5.600 a\u00f1os, poco m\u00e1s o menos.<\/p>\n<p><strong>Esta nueva cifra es aportada por cient\u00edficos<\/strong>, que trabajaron en forma conjunta, de las universidades de Nuevo M\u00e9xico, Harvard, Sur de Florida y de la propia Universidad de las Islas Baleares. La misma fue publicada en el art\u00edculo mostrado en la revista\u00a0Communications Earth &amp; Environment.<\/p>\n<h2>La forma en que han calculado esta fecha que implica la presencia humana antes de lo que se cre\u00eda<\/h2>\n<p>Se han realizado diversos estudios a la estructura del pasadizo que est\u00e1 inundado en toda su extensi\u00f3n. En las paredes los investigadores observaron una marca, en la parte de arriba, que tiene color claro y que est\u00e1 hecha por incrustaciones de calcita que com\u00fanmente <strong>se\u00f1ala la altura del agua del mar en el pasado<\/strong>.<\/p>\n<p>Este dato fue introducido a un modelo, creado por las universidades, con el cual se determinan los niveles del mar en el periodo Holoceno. De forma que se pudo afinar el c\u00e1lculo puesto que notaron que el incremento del nivel del mar coincid\u00eda con la profundidad a que se encontraba el pasadizo en esa \u00e9poca.<\/p>\n<p>Luego se hizo la dataci\u00f3n radiom\u00e9trica que permiti\u00f3 determinar que el mar se estabiliz\u00f3 hace unos 5.600 a\u00f1os hecho que coincide con la marca blanca que aparece en la estructura. En este respecto, el puente no se construy\u00f3 antes de esta fecha, ya que la superficie abarcada no estar\u00eda sumergida.<\/p>\n<p>En conclusi\u00f3n, el <a href=\"https:\/\/www.ecoticias.com\/hoyeco\/atmosfera-planeta-salvar\/7282\/\">misterioso pasadizo<\/a> que hallaron en Espa\u00f1a hace 25 a\u00f1os ha dado toda la evidencia para determinar con precisi\u00f3n la fecha en que el ser humano pis\u00f3 por primera vez la isla de Mallorca. Esta fecha es muy anterior a la que se cre\u00eda, la cual es dada por el aumento del nivel del mar.<\/p>\n","protected":false},"excerpt":{"rendered":"<p>La arqueolog\u00eda siempre tiene para nosotros interesantes descubrimientos. Lo mejor es que muchas veces lo hacen bas\u00e1ndose en hallazgos previos. &#8230; <\/p>\n<p class=\"read-more-container\"><a title=\"Hallan un misterioso pasadizo submarino en Espa\u00f1a: vestigios humanos en Occidente m\u00e1s antiguos de los que se cre\u00eda\" class=\"read-more button\" href=\"https:\/\/www.ecoticias.com\/hoyeco\/pasadizo-submarino-espana-humanos\/12316\/#more-12316\" aria-label=\"Leer m\u00e1s sobre Hallan un misterioso pasadizo submarino en Espa\u00f1a: vestigios humanos en Occidente m\u00e1s antiguos de los que se cre\u00eda\">Read more<\/a><\/p>\n","protected":false},"author":6,"featured_media":12317,"comment_status":"closed","ping_status":"closed","sticky":false,"template":"","format":"standard","meta":{"footnotes":""},"categories":[2],"tags":[],"class_list":["post-12316","post","type-post","status-publish","format-standard","has-post-thumbnail","hentry","category-actualidad","resize-featured-image"],"_links":{"self":[{"href":"https:\/\/www.ecoticias.com\/hoyeco\/wp-json\/wp\/v2\/posts\/12316","targetHints":{"allow":["GET"]}}],"collection":[{"href":"https:\/\/www.ecoticias.com\/hoyeco\/wp-json\/wp\/v2\/posts"}],"about":[{"href":"https:\/\/www.ecoticias.com\/hoyeco\/wp-json\/wp\/v2\/types\/post"}],"author":[{"embeddable":true,"href":"https:\/\/www.ecoticias.com\/hoyeco\/wp-json\/wp\/v2\/users\/6"}],"replies":[{"embeddable":true,"href":"https:\/\/www.ecoticias.com\/hoyeco\/wp-json\/wp\/v2\/comments?post=12316"}],"version-history":[{"count":0,"href":"https:\/\/www.ecoticias.com\/hoyeco\/wp-json\/wp\/v2\/posts\/12316\/revisions"}],"wp:featuredmedia":[{"embeddable":true,"href":"https:\/\/www.ecoticias.com\/hoyeco\/wp-json\/wp\/v2\/media\/12317"}],"wp:attachment":[{"href":"https:\/\/www.ecoticias.com\/hoyeco\/wp-json\/wp\/v2\/media?parent=12316"}],"wp:term":[{"taxonomy":"category","embeddable":true,"href":"https:\/\/www.ecoticias.com\/hoyeco\/wp-json\/wp\/v2\/categories?post=12316"},{"taxonomy":"post_tag","embeddable":true,"href":"https:\/\/www.ecoticias.com\/hoyeco\/wp-json\/wp\/v2\/tags?post=12316"}],"curies":[{"name":"wp","href":"https:\/\/api.w.org\/{rel}","templated":true}]}}