{"id":12322,"date":"2024-10-24T16:30:01","date_gmt":"2024-10-24T14:30:01","guid":{"rendered":"https:\/\/www.ecoticias.com\/hoyeco\/?p=12322"},"modified":"2024-10-24T16:30:01","modified_gmt":"2024-10-24T14:30:01","slug":"vidrio-fotovoltaico-ventas-ventanas","status":"publish","type":"post","link":"https:\/\/www.ecoticias.com\/hoyeco\/vidrio-fotovoltaico-ventas-ventanas\/12322\/","title":{"rendered":"El vidrio fotovoltaico dispara las ventas: es el fin de las ventanas que conoc\u00edamos"},"content":{"rendered":"<p>\u00bfHab\u00edas escuchado hablar del <strong>vidrio fotovoltaico<\/strong>? \u00bfA qu\u00e9 te suena? No te preocupes si es la primera vez que escuchas de este <a href=\"https:\/\/www.ecoticias.com\/hoyeco\/material-madera-aislante-perfecto\/11921\/\">novedoso material<\/a>, aqu\u00ed te contamos de qu\u00e9 trata y por qu\u00e9 representa el final de las ventanas tal como las conocemos hoy en d\u00eda.<\/p>\n<h2><span data-sheets-root=\"1\">El vidrio fotovoltaico inunda la ciudad: La revoluci\u00f3n ha comenzado<\/span><\/h2>\n<p>Ante la presi\u00f3n que actualmente existe para que haya una transici\u00f3n energ\u00e9tica es natural que busque aprovecharse cualquier forma o v\u00eda que permita obtener energ\u00eda limpia y esta vez se pens\u00f3 en esos espacios que tienen todas las edificaciones para mirar o para efectos de ventilaci\u00f3n o iluminaci\u00f3n.<\/p>\n<p>Precisamente al utilizarse las ventanas como fuente de iluminaci\u00f3n al incidir en ellas los rayos solares era natural pensar que pod\u00edan ser <strong>aprovechadas para recolectar las radiaciones del astro sol<\/strong> y luego convertir estas en electricidad, surgiendo as\u00ed el concepto de ventanas fotovoltaicas.<\/p>\n<h3>\u00bfLas placas solares donde van mejor: arriba o al frente?<\/h3>\n<p>En este contexto, alguien podr\u00eda preguntarse y con mucha l\u00f3gica \u00bfPara qu\u00e9 colocar una ventana solar si se pueden poner placas fotovoltaicas sobre el tejado donde recibir\u00edan los rayos del sol con un mejor \u00e1ngulo y sin menos interferencia?<\/p>\n<p>La raz\u00f3n a la pregunta anterior es sencilla, porque basta repreguntar \u00bfQu\u00e9 pasa con aquellas <strong>viviendas que no cuentan con un techo exterior<\/strong>, por ejemplo, un piso? A este tipo de edificaciones le estar\u00eda vedado el uso de placas solares en el tejado. De all\u00ed que pueden optar por colocar los paneles en las ventanas.<\/p>\n<p>Sin embargo, hay un detalle, para que la ventana siga cumpliendo sus funciones de iluminaci\u00f3n las placas fotovoltaicas colocadas all\u00ed no pueden ser como las que normalmente se utilizan en los tejados, es decir, se requiere que el material de estos paneles sea transparente.<\/p>\n<p>Para obtener estas transparencias en las placas solares de ventanas podr\u00edan utilizarse varios m\u00e9todos, por ejemplo:<\/p>\n<ul>\n<li>Aplicaci\u00f3n de revestimiento l\u00edquido<\/li>\n<li>Uso de nanotecnolog\u00eda<\/li>\n<li>Ondas de espectro infrarrojo o ultravioleta<\/li>\n<\/ul>\n<h2>Instalar un vidrio fotovoltaico es m\u00e1s que dejar un hueco en la pared<\/h2>\n<p>Las ventanas con vidrio fotovoltaico transparente que se venden en todas partes, aunque estos no son del todo trasl\u00facidos sino en un 70% realmente, cumplen la funci\u00f3n para la cual fueron creadas, es decir, <strong>aparte de recibir los rayos solares y convertirlos en electricidad<\/strong>, se puede mirar a trav\u00e9s de ellas.<\/p>\n<p>Para llegar a tener una de estas ventanas con vidrio fotovoltaico en la pared de nuestra casa tendremos que invertir un poco m\u00e1s en el trabajo de instalaci\u00f3n que en una de tipo normal, aproximadamente un 20% m\u00e1s por concepto de carpinter\u00eda, lo cual se entiende al considerar que se trata de cubrir un \u00e1rea algo grande de la fachada con los vidrios trasl\u00facidos.<\/p>\n<p>Respecto al coste del vidrio fotovoltaico, empresas como Onyx Solar los <strong>ofertan con un precio de 116 euros por metro cuadrado<\/strong>, lo que equivale a 180 euros por una ventana de dimensiones normales provista de triple vidrio.<\/p>\n<p>Con este precio naturalmente pocos propietarios de viviendas pensar\u00edan en colocar este tipo de ventana solar, sin embargo, para instalaciones hoteleras, parques industriales, oficinas o instituciones puede ser bastante rentable el ahorro de energ\u00eda obtenido como retorno de la inversi\u00f3n.<\/p>\n<h2>Ciudades repletas de ventanas para un chorro de energ\u00eda<\/h2>\n<p>En el futuro ser\u00e1n muy comunes los grandes centros comerciales o torres de oficinas con inmensos ventanales cubiertos de vidrio fotovoltaico, por lo que estas construcciones podr\u00e1n ser vistas como gigantescas instalaciones receptoras de rayos solares que luego se convertir\u00e1n en electricidad.<\/p>\n<p><span data-sheets-root=\"1\">En definitiva, entendiendo que el <strong>vidrio fotovoltaico<\/strong> proporcionar\u00e1 una mayor funcionalidad que los cristales comunes los dise\u00f1adores y arquitectos l\u00f3gicamente optar\u00e1n por invertir en ellos para <a href=\"https:\/\/www.ecoticias.com\/hoyeco\/panel-solar-rojo-energia-gratis\/11558\/\">complementar las edificaciones<\/a>, por lo que es casi seguro que dentro de unos cuantos a\u00f1os no observaremos ventanas normales en el centro comercial.<\/span><\/p>\n","protected":false},"excerpt":{"rendered":"<p>\u00bfHab\u00edas escuchado hablar del vidrio fotovoltaico? \u00bfA qu\u00e9 te suena? No te preocupes si es la primera vez que escuchas &#8230; <\/p>\n<p class=\"read-more-container\"><a title=\"El vidrio fotovoltaico dispara las ventas: es el fin de las ventanas que conoc\u00edamos\" class=\"read-more button\" href=\"https:\/\/www.ecoticias.com\/hoyeco\/vidrio-fotovoltaico-ventas-ventanas\/12322\/#more-12322\" aria-label=\"Leer m\u00e1s sobre El vidrio fotovoltaico dispara las ventas: es el fin de las ventanas que conoc\u00edamos\">Read more<\/a><\/p>\n","protected":false},"author":9,"featured_media":12413,"comment_status":"closed","ping_status":"closed","sticky":false,"template":"","format":"standard","meta":{"footnotes":""},"categories":[3],"tags":[],"class_list":["post-12322","post","type-post","status-publish","format-standard","has-post-thumbnail","hentry","category-construccion","resize-featured-image"],"_links":{"self":[{"href":"https:\/\/www.ecoticias.com\/hoyeco\/wp-json\/wp\/v2\/posts\/12322","targetHints":{"allow":["GET"]}}],"collection":[{"href":"https:\/\/www.ecoticias.com\/hoyeco\/wp-json\/wp\/v2\/posts"}],"about":[{"href":"https:\/\/www.ecoticias.com\/hoyeco\/wp-json\/wp\/v2\/types\/post"}],"author":[{"embeddable":true,"href":"https:\/\/www.ecoticias.com\/hoyeco\/wp-json\/wp\/v2\/users\/9"}],"replies":[{"embeddable":true,"href":"https:\/\/www.ecoticias.com\/hoyeco\/wp-json\/wp\/v2\/comments?post=12322"}],"version-history":[{"count":0,"href":"https:\/\/www.ecoticias.com\/hoyeco\/wp-json\/wp\/v2\/posts\/12322\/revisions"}],"wp:featuredmedia":[{"embeddable":true,"href":"https:\/\/www.ecoticias.com\/hoyeco\/wp-json\/wp\/v2\/media\/12413"}],"wp:attachment":[{"href":"https:\/\/www.ecoticias.com\/hoyeco\/wp-json\/wp\/v2\/media?parent=12322"}],"wp:term":[{"taxonomy":"category","embeddable":true,"href":"https:\/\/www.ecoticias.com\/hoyeco\/wp-json\/wp\/v2\/categories?post=12322"},{"taxonomy":"post_tag","embeddable":true,"href":"https:\/\/www.ecoticias.com\/hoyeco\/wp-json\/wp\/v2\/tags?post=12322"}],"curies":[{"name":"wp","href":"https:\/\/api.w.org\/{rel}","templated":true}]}}