{"id":12324,"date":"2024-10-28T15:00:51","date_gmt":"2024-10-28T14:00:51","guid":{"rendered":"https:\/\/www.ecoticias.com\/hoyeco\/?p=12324"},"modified":"2024-10-28T15:00:51","modified_gmt":"2024-10-28T14:00:51","slug":"italiano-superdeportivo-electrico","status":"publish","type":"post","link":"https:\/\/www.ecoticias.com\/hoyeco\/italiano-superdeportivo-electrico\/12324\/","title":{"rendered":"El \u201ctoro\u201d italiano revela un secreto inesperado: el superdeportivo el\u00e9ctrico es una utop\u00eda"},"content":{"rendered":"<p>La normativa de la Uni\u00f3n Europea respecto a la no comercializaci\u00f3n de coches con emisiones de CO2 a partir del 2035 ha hecho que algunos fabricantes electrifiquen sus veh\u00edculos. Si embargo, la marca del \u201ctoro\u201d italiano revela su gran secreto de que fabricar un superdeportivo es una utop\u00eda\u2026 por lo pronto.<\/p>\n<h2>La apuesta al futuro que le resulta bien al \u201ctoro\u201d italiano<\/h2>\n<p>Har\u00e1 unos cinco a\u00f1os, tanto por la opini\u00f3n p\u00fablica como por las nuevas normativas ambientales, parec\u00eda que los <a href=\"https:\/\/www.ecoticias.com\/hoyeco\/japon-coches-electricos-gratis\/10197\/\">coches el\u00e9ctricos puros<\/a> eran la \u00fanica soluci\u00f3n para que los diferentes fabricantes fueran competitivos en el mercado. Pero esta marca italiana hizo una apuesta arriesgada y le ha salido bien.<\/p>\n<p>Estamos hablando de la m\u00edtica marca Lamborghini, este italiano en contra de todo pron\u00f3stico, tom\u00f3 la decisi\u00f3n de <strong>hibridar todos sus modelos<\/strong> en lugar de seguir los pasos de los dem\u00e1s fabricantes. Ahora se corren rumores de que pronto saldr\u00e1 al mercado un superdeportivo el\u00e9ctrico de esta marca. \u00bfSer\u00e1 verdad?<\/p>\n<h2>El superdeportivo el\u00e9ctrico de Lamborghini: qu\u00e9 hay de cierto en su fabricaci\u00f3n<\/h2>\n<p>Al respecto, el director t\u00e9cnico del fabricante italiano Rouven Mohr declar\u00f3, en el Centro T\u00e9cnico de Nard\u00f3, a una conocida revista que, en los actuales momentos, <strong>lanzar al mercado un coche el\u00e9ctrico ser\u00eda una gran equivocaci\u00f3n<\/strong> y m\u00e1s si se trata de un superdeportivo de alta gama como nos tiene acostumbrados.<\/p>\n<p>Esto porque la mayor\u00eda de los modelos de coches el\u00e9ctricos, de los diferentes fabricantes, no han tenido mucho \u00e9xito. Ya que la presi\u00f3n del p\u00fablico ha disminuido por razones de costos y por la falta de infraestructura de recarga y, en general, por falta de una cultura que pueda aceptar las limitaciones de esta movilidad.<\/p>\n<p>Entre las que se encuentran su autonom\u00eda y rendimiento en cuanto a potencia aunque es muy eficiente. Por otra parte, la legislaci\u00f3n gubernamental tambi\u00e9n se ha flexibilizado ya que las ventas de autom\u00f3viles el\u00e9ctricos no han terminado de despegar para llegar a los niveles previstos, por las razones que hemos dado.<\/p>\n<p>Por lo tanto, los pa\u00edses, sobre todo los de la Uni\u00f3n Europea, se han visto obligados a dar marcha atr\u00e1s con las leyes, a veces agresivas, que pretend\u00edan hacer desaparecer por completo la tecnolog\u00eda de la combusti\u00f3n interna. Pero eso s\u00ed, Lamborghini cuenta con sus tres modelos h\u00edbridos, los cuales son de muy bajas emisiones.<\/p>\n<p>Nos referimos al Temerario que es biturbo, al Revuelto con su nuevo motor V12 y el SUV Urus. Con esta gama h\u00edbrida, el fabricante italiano espera ocupar los <strong>primeros lugares durante los pr\u00f3ximos diez a\u00f1os<\/strong>. Es claro que la marca desea seguir siendo fiel a su legado y conducir uno de sus modelos siempre ser\u00e1 emocionante.<\/p>\n<h2>Se prev\u00e9 el lanzamiento de un coche el\u00e9ctrico en el futuro<\/h2>\n<p>A pesar de que, para el consorcio italiano, la fabricaci\u00f3n de un superdeportivo el\u00e9ctrico sea una utop\u00eda, esto no quiere decir que no cambien de mentalidad. Ya que como toda empresa de \u00e9xito debe evolucionar de la mano con la competencia, y en este sentido el cambio ser\u00eda <strong>hacer la transici\u00f3n hacia la energ\u00eda el\u00e9ctrica<\/strong>.<\/p>\n<p>Por lo que tiene entre sus planes, hacer llegar su primer coche el\u00e9ctrico puro al inicio de la d\u00e9cada de 2030. Incluso ya tiene nombre: Lanzador. Aunque no es concebido como un superdeportivo en toda la extensi\u00f3n de la palabra, sino m\u00e1s bien es pensado como un SUV que disfraza un turismo de alta gama 2 + 2.<\/p>\n<p>En conclusi\u00f3n, el secreto que ten\u00eda guardado el \u201ctoro\u201d italiano es que la creaci\u00f3n de un superdeportivo que sea enteramente <a href=\"https:\/\/www.ecoticias.com\/hoyeco\/sueno-coche-electrico-europa\/10628\/\">el\u00e9ctrico<\/a> es una utop\u00eda, por lo menos por ahora. Pero est\u00e1 dentro de sus planes el dise\u00f1o y fabricaci\u00f3n de Lanzador que es un veh\u00edculo el\u00e9ctrico con prestaciones de gran turismo.<\/p>\n","protected":false},"excerpt":{"rendered":"<p>La normativa de la Uni\u00f3n Europea respecto a la no comercializaci\u00f3n de coches con emisiones de CO2 a partir del &#8230; <\/p>\n<p class=\"read-more-container\"><a title=\"El \u201ctoro\u201d italiano revela un secreto inesperado: el superdeportivo el\u00e9ctrico es una utop\u00eda\" class=\"read-more button\" href=\"https:\/\/www.ecoticias.com\/hoyeco\/italiano-superdeportivo-electrico\/12324\/#more-12324\" aria-label=\"Leer m\u00e1s sobre El \u201ctoro\u201d italiano revela un secreto inesperado: el superdeportivo el\u00e9ctrico es una utop\u00eda\">Read more<\/a><\/p>\n","protected":false},"author":6,"featured_media":12325,"comment_status":"closed","ping_status":"closed","sticky":false,"template":"","format":"standard","meta":{"footnotes":""},"categories":[6],"tags":[],"class_list":["post-12324","post","type-post","status-publish","format-standard","has-post-thumbnail","hentry","category-movilidad","resize-featured-image"],"_links":{"self":[{"href":"https:\/\/www.ecoticias.com\/hoyeco\/wp-json\/wp\/v2\/posts\/12324","targetHints":{"allow":["GET"]}}],"collection":[{"href":"https:\/\/www.ecoticias.com\/hoyeco\/wp-json\/wp\/v2\/posts"}],"about":[{"href":"https:\/\/www.ecoticias.com\/hoyeco\/wp-json\/wp\/v2\/types\/post"}],"author":[{"embeddable":true,"href":"https:\/\/www.ecoticias.com\/hoyeco\/wp-json\/wp\/v2\/users\/6"}],"replies":[{"embeddable":true,"href":"https:\/\/www.ecoticias.com\/hoyeco\/wp-json\/wp\/v2\/comments?post=12324"}],"version-history":[{"count":0,"href":"https:\/\/www.ecoticias.com\/hoyeco\/wp-json\/wp\/v2\/posts\/12324\/revisions"}],"wp:featuredmedia":[{"embeddable":true,"href":"https:\/\/www.ecoticias.com\/hoyeco\/wp-json\/wp\/v2\/media\/12325"}],"wp:attachment":[{"href":"https:\/\/www.ecoticias.com\/hoyeco\/wp-json\/wp\/v2\/media?parent=12324"}],"wp:term":[{"taxonomy":"category","embeddable":true,"href":"https:\/\/www.ecoticias.com\/hoyeco\/wp-json\/wp\/v2\/categories?post=12324"},{"taxonomy":"post_tag","embeddable":true,"href":"https:\/\/www.ecoticias.com\/hoyeco\/wp-json\/wp\/v2\/tags?post=12324"}],"curies":[{"name":"wp","href":"https:\/\/api.w.org\/{rel}","templated":true}]}}