{"id":1240,"date":"2024-01-18T17:13:06","date_gmt":"2024-01-18T16:13:06","guid":{"rendered":"https:\/\/ecoticias.com\/hoyeco\/?p=1240"},"modified":"2024-01-18T17:13:06","modified_gmt":"2024-01-18T16:13:06","slug":"coches-electricos-alemania","status":"publish","type":"post","link":"https:\/\/www.ecoticias.com\/hoyeco\/coches-electricos-alemania\/1240\/","title":{"rendered":"Alemania toma una decisi\u00f3n dr\u00e1stica: esta medida podr\u00eda poner fin por completo a los coches el\u00e9ctricos"},"content":{"rendered":"<p>La venta de los <strong>coches el\u00e9ctricos<\/strong> se encuentra en una nueva etapa en <strong>Alemania<\/strong> despu\u00e9s de que el pa\u00eds germano decidiera suspender abruptamente sus ayudas. Recordemos que este pa\u00eds de la <strong>Uni\u00f3n Europa<\/strong> es l\u00edder en ventas de este tipo de veh\u00edculos en todo el continente, raz\u00f3n por la que sorprende tanto su decisi\u00f3n. Ha cancelado todas las ayudas gubernamentales para la adquisici\u00f3n de autom\u00f3viles de manera repentina. Esta decisi\u00f3n se tom\u00f3 a finales de 2023, despu\u00e9s de dif\u00edciles negociaciones pol\u00edtica y una sentencia del Tribunal Constitucional.<\/p>\n<p>Las ayudas que se brindaban para la compra de <strong>coches el\u00e9ctricos<\/strong> eran significativas. De hecho, inclu\u00edan rebajas considerables en autom\u00f3viles de hasta 65.000 euros. En este contexto, la decisi\u00f3n de<strong> Alemania<\/strong> deja al pa\u00eds frente a un futuro incierto en lo que concierte a la industria del autom\u00f3vil. El mundo se cuestiona el impacto que esto puede tener en el objetivo global de lograr una movilidad m\u00e1s sostenible.<\/p>\n<h2><strong>Nadie entiende qu\u00e9 pasa en Alemania: \u00bfpor qu\u00e9 han hecho esto con los coches el\u00e9ctricos?<\/strong><strong>\u00a0<\/strong><\/h2>\n<p>La salida abrupta de las ayudas para los <strong>coches el\u00e9ctricos<\/strong> en<strong> Alemania <\/strong>ha ocasionado un fuerte revuelo en el sector automotriz. Una medida que llega en un momento esencial, puesto que, hasta ahora, <strong>Alemania<\/strong> era el pa\u00eds l\u00edder en ventas de<strong> Europa<\/strong>. La pol\u00edtica de subvenciones otorgaba rebajas de hasta 6.750 euros para autom\u00f3viles de hasta 40.000 euros y de 4.500 euros para los que se encuentran entre 40.000 y 65.000 euros.<\/p>\n<p>Las \u00faltimas decisiones pol\u00edticas y restricciones presupuestarias han cambiado la realidad automotriz en <strong>Alemania<\/strong>. En estos momentos, hay una necesidad real de destinar esos fondos hacia otros sectores, pero \u00bfqu\u00e9 pasar\u00e1 con los <strong>coches el\u00e9ctricos<\/strong>? Esta transformaci\u00f3n ha supuesto una retirada de 60.000 millones de euros de <strong>Fondo para el Clima y la Transformaci\u00f3n<\/strong>, afectando de forma directa la capacidad del gobierno para mantener las subvenciones.<\/p>\n<h2><strong>La decisi\u00f3n de Alemania cambia la situaci\u00f3n de los coches el\u00e9ctricos en el mercado<\/strong><strong>\u00a0<\/strong><\/h2>\n<p>Todav\u00eda no se sabe hacia donde llevar\u00e1 a los <strong>coches el\u00e9ctricos<\/strong> la decisi\u00f3n de <strong>Alemania<\/strong>, pero todo indica a que las consecuencias ser\u00e1n significativas. La asociaci\u00f3n <strong>ADAC<\/strong>, que vela por los intereses de los conductores, ya ha se\u00f1alado que los veh\u00edculos peque\u00f1os y de gama media ser\u00e1n los m\u00e1s afectados. Adem\u00e1s, advierte que entre 90.000 y 200.000 compras de <strong>coches el\u00e9ctricos<\/strong> podr\u00edan quedarse sin concretar.<\/p>\n<p>Esto lleva a un baj\u00f3n considerable en las matriculaciones <strong>de coches el\u00e9ctricos<\/strong> en <strong>Alemania<\/strong>, que hasta noviembre ascendieron a 470.000 existencias, casi un 20% del mercado. El sector automotriz no se ha tomado bien lo que ha pasado con las subvenciones de <strong>Alemania<\/strong>. Diferentes fabricantes y asociaciones califican esta decisi\u00f3n como \u201cequivocada\u201d, sobre todo un escenario de crisis econ\u00f3mica. El aviso es que esta medida har\u00e1 todav\u00eda m\u00e1s dif\u00edcil para los ciudadanos de a pie la adquisici\u00f3n de autom\u00f3viles el\u00e9ctricos, frenando potencialmente el avance hacia un transporte m\u00e1s sostenible.<\/p>\n<p>Esta noticia supone desaf\u00edos grandes para fabricantes clave como <strong>Tesla<\/strong> y <strong>Volkswagen<\/strong>. Ahora se enfrentan ante nuevas condiciones en el mercado. Sin subvenciones podr\u00edan ver afectadas sus ventas y, por ende, su facturaci\u00f3n. En contraposici\u00f3n, los fabricantes chinos podr\u00edan ver en este contexto la oportunidad perfecta para fortalecer su presencia en el mercado alem\u00e1n.<\/p>\n<h2><strong>\u00bfAdi\u00f3s a los coches el\u00e9ctricos en Alemania?: un problema que afecta a la sostenibilidad<\/strong><strong>\u00a0<\/strong><\/h2>\n<p>El fin de las ayudas para comprar <strong>coches el\u00e9ctricos <\/strong>en <strong>Alemania <\/strong>no solo dificulta a los usuarios que quieren comprar o los fabricantes que desean vender. Otro factor que queda a un lado es la movilidad sostenible. Este cambio supone un desaf\u00edo significativo, ya que seguramente se ralentice su llegada. Ahora la promoci\u00f3n de la sostenibilidad debe equilibrarse con otras necesidades presupuestarias.<\/p>\n","protected":false},"excerpt":{"rendered":"<p>La venta de los coches el\u00e9ctricos se encuentra en una nueva etapa en Alemania despu\u00e9s de que el pa\u00eds germano &#8230; <\/p>\n<p class=\"read-more-container\"><a title=\"Alemania toma una decisi\u00f3n dr\u00e1stica: esta medida podr\u00eda poner fin por completo a los coches el\u00e9ctricos\" class=\"read-more button\" href=\"https:\/\/www.ecoticias.com\/hoyeco\/coches-electricos-alemania\/1240\/#more-1240\" aria-label=\"Leer m\u00e1s sobre Alemania toma una decisi\u00f3n dr\u00e1stica: esta medida podr\u00eda poner fin por completo a los coches el\u00e9ctricos\">Read more<\/a><\/p>\n","protected":false},"author":3,"featured_media":1241,"comment_status":"closed","ping_status":"closed","sticky":false,"template":"","format":"standard","meta":{"footnotes":""},"categories":[6],"tags":[],"class_list":["post-1240","post","type-post","status-publish","format-standard","has-post-thumbnail","hentry","category-movilidad","resize-featured-image"],"_links":{"self":[{"href":"https:\/\/www.ecoticias.com\/hoyeco\/wp-json\/wp\/v2\/posts\/1240","targetHints":{"allow":["GET"]}}],"collection":[{"href":"https:\/\/www.ecoticias.com\/hoyeco\/wp-json\/wp\/v2\/posts"}],"about":[{"href":"https:\/\/www.ecoticias.com\/hoyeco\/wp-json\/wp\/v2\/types\/post"}],"author":[{"embeddable":true,"href":"https:\/\/www.ecoticias.com\/hoyeco\/wp-json\/wp\/v2\/users\/3"}],"replies":[{"embeddable":true,"href":"https:\/\/www.ecoticias.com\/hoyeco\/wp-json\/wp\/v2\/comments?post=1240"}],"version-history":[{"count":0,"href":"https:\/\/www.ecoticias.com\/hoyeco\/wp-json\/wp\/v2\/posts\/1240\/revisions"}],"wp:featuredmedia":[{"embeddable":true,"href":"https:\/\/www.ecoticias.com\/hoyeco\/wp-json\/wp\/v2\/media\/1241"}],"wp:attachment":[{"href":"https:\/\/www.ecoticias.com\/hoyeco\/wp-json\/wp\/v2\/media?parent=1240"}],"wp:term":[{"taxonomy":"category","embeddable":true,"href":"https:\/\/www.ecoticias.com\/hoyeco\/wp-json\/wp\/v2\/categories?post=1240"},{"taxonomy":"post_tag","embeddable":true,"href":"https:\/\/www.ecoticias.com\/hoyeco\/wp-json\/wp\/v2\/tags?post=1240"}],"curies":[{"name":"wp","href":"https:\/\/api.w.org\/{rel}","templated":true}]}}