{"id":12404,"date":"2024-11-02T16:00:57","date_gmt":"2024-11-02T15:00:57","guid":{"rendered":"https:\/\/www.ecoticias.com\/hoyeco\/?p=12404"},"modified":"2024-11-02T16:00:57","modified_gmt":"2024-11-02T15:00:57","slug":"movilidad-derechos-humanos","status":"publish","type":"post","link":"https:\/\/www.ecoticias.com\/hoyeco\/movilidad-derechos-humanos\/12404\/","title":{"rendered":"Movilidad el\u00e9ctrica y derechos humanos: la brecha augura un futuro desolador"},"content":{"rendered":"<p>La industria de la movilidad el\u00e9ctrica est\u00e1 evolucionando con rapidez para satisfacer a un mayor n\u00famero de clientes. Pero es necesario que este crecimiento vaya de la mano con el respeto a los derechos humanos. Porque de lo contrario se crear\u00eda una brecha entre ambos que augura un futuro oscuro y desolador.<\/p>\n<h2>El lado oscuro de la industria de la movilidad el\u00e9ctrica<\/h2>\n<p>El objetivo fundamental del desarrollo de la industria de la movilidad el\u00e9ctrica es la <strong>producci\u00f3n de veh\u00edculos que no emitan contaminaci\u00f3n<\/strong>. De esta manera se cuida el medio ambiente, lo cual implica una mejora en la calidad de vida de las personas, pero esas f\u00e1bricas dependen de una gran cantidad de materiales y suministros.<\/p>\n<p>Entre los cuales se encuentran los <a href=\"https:\/\/www.ecoticias.com\/hoyeco\/mundo-energia-china-encontrar\/11213\/\">minerales<\/a> necesarios para la elaboraci\u00f3n de sus productos. Y este es el punto donde no se respetan los derechos humanos, porque para extraer esos elementos hay que explotar la mano de obra de mucha gente, incluyendo ni\u00f1os y ancianos, se hacen desalojos forzosos y se da\u00f1a el medio ambiente.<\/p>\n<h2>Los derechos humanos y su relaci\u00f3n con los coches el\u00e9ctricos<\/h2>\n<p>Aunque resulte sorprendente, existe una <strong>relaci\u00f3n muy estrecha entre la fabricaci\u00f3n de los coches el\u00e9ctricos y los derechos humanos<\/strong>. Esto lo demostr\u00f3 claramente el informe que en ese sentido elabor\u00f3 Amnist\u00eda Internacional, para lo cual hizo un an\u00e1lisis de las pol\u00edticas que en esa materia tienen las principales marcas.<\/p>\n<p>El documento se titula \u201cRecargar por los derechos: clasificaci\u00f3n de los informes de diligencia debida en materia de derechos humanos de los principales fabricantes de veh\u00edculos el\u00e9ctricos\u201d. En \u00e9l se revela que en estas empresas la prioridad est\u00e1 en la obtenci\u00f3n de los minerales que usan para hacer las bater\u00edas el\u00e9ctricas.<\/p>\n<p>Sin tomar en cuenta todos los factores negativos que est\u00e1n involucrados en este proceso y que perjudican el bienestar de muchas personas. Como en el caso de las poblaciones que sufren el deterioro de su medio ambiente, con los consiguientes riesgos para su salud por los trabajos de explotaci\u00f3n de las minas.<\/p>\n<p>Uno de los minerales m\u00e1s importantes para la manufactura de las bater\u00edas es el cobalto, que se obtiene principalmente de pa\u00edses como Filipinas y la Rep\u00fablica Democr\u00e1tica del Congo. Pero su extracci\u00f3n ha significado el desalojo de los nativos de los alrededores de las zonas mineras, y la explotaci\u00f3n de los mineros.<\/p>\n<p>Sin ning\u00fan tipo de consideraci\u00f3n por sus derechos humanos, porque<strong> trabajan en condiciones insalubres arriesgando su vida<\/strong>, y hasta los ni\u00f1os suelen ser usados como mano de obra barata. Por eso se pide a los fabricantes que vigilen de cerca la cadena de suministro, para poder prevenir todas esas situaciones graves.<\/p>\n<h2>La mayor\u00eda de los fabricantes de veh\u00edculos est\u00e1n reprobados<\/h2>\n<p>Amnist\u00eda Internacional <strong>evalu\u00f3 a un grupo de 13 fabricantes de coches el\u00e9ctricos<\/strong> en funci\u00f3n de su actuaci\u00f3n en torno al rastreo de la cadena de suministro, su compromiso con el respeto de los derechos humanos, la transparencia de sus informes y otros factores. Los resultados realmente fueron muy desalentadores.<\/p>\n<p>Pues de los 90 puntos posibles, la m\u00e1xima calificaci\u00f3n fue de 51 y se la llev\u00f3 la Mercedes-Benz, que aun as\u00ed se considera muy deficiente. La peor evaluada fue la empresa china BYD, que apenas logr\u00f3 obtener 11 puntos por su falta de transparencia, seguida muy de cerca por Mitsubishi, que tuvo 13 y Hyundai con 21 puntos de ultima.<\/p>\n<p>En definitiva, las grandes empresas dedicadas a la <a href=\"https:\/\/www.ecoticias.com\/hoyeco\/bicicletas-electricas-marcas-chinas\/2723\/\">movilidad el\u00e9ctrica<\/a> tienen una gran deuda con los derechos humanos de las personas afectadas por la explotaci\u00f3n minera de los elementos necesarios para la fabricaci\u00f3n de sus bater\u00edas. Por eso se les pide que tomen acci\u00f3n y vigilen m\u00e1s de cerca sus cadenas de suministros.<\/p>\n","protected":false},"excerpt":{"rendered":"<p>La industria de la movilidad el\u00e9ctrica est\u00e1 evolucionando con rapidez para satisfacer a un mayor n\u00famero de clientes. Pero es &#8230; <\/p>\n<p class=\"read-more-container\"><a title=\"Movilidad el\u00e9ctrica y derechos humanos: la brecha augura un futuro desolador\" class=\"read-more button\" href=\"https:\/\/www.ecoticias.com\/hoyeco\/movilidad-derechos-humanos\/12404\/#more-12404\" aria-label=\"Leer m\u00e1s sobre Movilidad el\u00e9ctrica y derechos humanos: la brecha augura un futuro desolador\">Read more<\/a><\/p>\n","protected":false},"author":6,"featured_media":12453,"comment_status":"closed","ping_status":"closed","sticky":false,"template":"","format":"standard","meta":{"footnotes":""},"categories":[2],"tags":[],"class_list":["post-12404","post","type-post","status-publish","format-standard","has-post-thumbnail","hentry","category-actualidad","resize-featured-image"],"_links":{"self":[{"href":"https:\/\/www.ecoticias.com\/hoyeco\/wp-json\/wp\/v2\/posts\/12404","targetHints":{"allow":["GET"]}}],"collection":[{"href":"https:\/\/www.ecoticias.com\/hoyeco\/wp-json\/wp\/v2\/posts"}],"about":[{"href":"https:\/\/www.ecoticias.com\/hoyeco\/wp-json\/wp\/v2\/types\/post"}],"author":[{"embeddable":true,"href":"https:\/\/www.ecoticias.com\/hoyeco\/wp-json\/wp\/v2\/users\/6"}],"replies":[{"embeddable":true,"href":"https:\/\/www.ecoticias.com\/hoyeco\/wp-json\/wp\/v2\/comments?post=12404"}],"version-history":[{"count":0,"href":"https:\/\/www.ecoticias.com\/hoyeco\/wp-json\/wp\/v2\/posts\/12404\/revisions"}],"wp:featuredmedia":[{"embeddable":true,"href":"https:\/\/www.ecoticias.com\/hoyeco\/wp-json\/wp\/v2\/media\/12453"}],"wp:attachment":[{"href":"https:\/\/www.ecoticias.com\/hoyeco\/wp-json\/wp\/v2\/media?parent=12404"}],"wp:term":[{"taxonomy":"category","embeddable":true,"href":"https:\/\/www.ecoticias.com\/hoyeco\/wp-json\/wp\/v2\/categories?post=12404"},{"taxonomy":"post_tag","embeddable":true,"href":"https:\/\/www.ecoticias.com\/hoyeco\/wp-json\/wp\/v2\/tags?post=12404"}],"curies":[{"name":"wp","href":"https:\/\/api.w.org\/{rel}","templated":true}]}}