{"id":12433,"date":"2024-10-30T15:00:14","date_gmt":"2024-10-30T14:00:14","guid":{"rendered":"https:\/\/www.ecoticias.com\/hoyeco\/?p=12433"},"modified":"2024-10-30T15:00:14","modified_gmt":"2024-10-30T14:00:14","slug":"hyundai-kia-coche-electrico","status":"publish","type":"post","link":"https:\/\/www.ecoticias.com\/hoyeco\/hyundai-kia-coche-electrico\/12433\/","title":{"rendered":"Hyundai y Kia se unen para lanzar su \u00faltimo coche el\u00e9ctrico: m\u00e1s grande, mayor autonom\u00eda y un sello \u00fanico"},"content":{"rendered":"<p>La mayor\u00eda de las marcas automotoras, a nivel mundial, se han decantado por la electrificaci\u00f3n de sus modelos en un intento por cumplir la norma europea de no comercializar veh\u00edculos contaminantes a partir del 2035. Siguiendo esta l\u00ednea, Hyundai y Kia unen esfuerzos para crear su pr\u00f3ximo coche el\u00e9ctrico.<\/p>\n<h2>Un coche el\u00e9ctrico en el que estos fabricantes tienen puestas sus esperanzas<\/h2>\n<p>Para la pr\u00f3xima edici\u00f3n del Sal\u00f3n del Autom\u00f3vil de Los Angeles, es muy posible que se presente el Ioniq 9 que es un coche el\u00e9ctrico en el que las marcas Kia y Hyundai han venido trabajando en forma ardua. Sus caracter\u00edsticas est\u00e1n dadas <strong>en un prototipo llamado simplemente Seven que ya est\u00e1 en pruebas de carretera<\/strong>.<\/p>\n<p>Este veh\u00edculo, en el que las marcas tienen la esperanza que les permitir\u00e1 volver a los primeros lugares en ventas de los el\u00e9ctricos, ser\u00eda producido en la f\u00e1brica de Hyundai de Metaplant que se encuentra en el condado de Bryan, muy cerca de Savannah. Se tiene prevista una producci\u00f3n de 300.000 coches anuales.<\/p>\n<h2>Este veh\u00edculo tendr\u00e1 atributos muy particulares de ambas marcas que lo diferenciar\u00e1 de la competencia<\/h2>\n<p>Uno de sus atributos de este coche el\u00e9ctrico es que su plataforma E \u2013 GMP ser\u00e1 la encargada de soportar este modelo que, de lo contrario, requerir\u00eda varias <a href=\"https:\/\/www.ecoticias.com\/hoyeco\/bateria-de-sable-coches-1000-km\/5505\/\">bater\u00edas<\/a>, tanto en su versi\u00f3n de tracci\u00f3n total como trasera. La que incorpora est\u00e1 dise\u00f1ada para su sistema de red el\u00e9ctrica a 800 Voltios.<\/p>\n<p>Que cuenta con una capacidad de carga total m\u00e1xima de 350 kW. De acuerdo a sus especificaciones, el mismo puede cargar la bater\u00eda desde un 10 a un 80 % en unos 20 o 25 minutos. Por otra parte, es un <strong>SUV de gran tama\u00f1o con tres filas de asientos<\/strong> lo que le da una capacidad para siete pasajeros, contando el conductor.<\/p>\n<p>Tambi\u00e9n provee un acceso muy f\u00e1cil al \u00e1rea de carga y la cabina. Sus asientos ser\u00e1n del tipo sill\u00f3n para cada pasajero y reconfigurables para girar y deslizarse seg\u00fan el gusto del usuario. La tercera fila de puestos es de estilo banco envolvente, con amortiguaci\u00f3n reforzada debido a que est\u00e1n sobre el eje trasero.<\/p>\n<p>Tiene un sistema de iluminaci\u00f3n purificadora antiviral del tipo pixelada y retrofuturista la cual es individualizada por pasajero y para el conductor. Puede venir en dos configuraciones del tren motriz; uno es con tracci\u00f3n en las cuatro ruedas con dos motores o de un \u00fanico motor pero operando en serie.<\/p>\n<p><strong>Su autonom\u00eda aproximada es de unas 300 millas<\/strong>, la cual variar\u00e1 por el estilo de manejo y las condiciones del sitio. Con esto \u00faltimo queremos decir que en ciudad probablemente la autonom\u00eda de este coche el\u00e9ctrico sea, aproximadamente, un 5 % menor que su desempe\u00f1o en carretera donde la velocidad es m\u00e1s o menos fija.<\/p>\n<h2>\u00bfEl Ioniq 9 entra en la categor\u00eda de conducci\u00f3n aut\u00f3noma?<\/h2>\n<p>Esta duda se plantea debido a que este coche el\u00e9ctrico no est\u00e1 provisto de pedales ni volante, ya que <strong>se conduce utilizando el joystick que equipa<\/strong>. Este se pliega cuando no se est\u00e1 usando o el veh\u00edculo est\u00e1 apagado. Pero en realidad no es de esta tecnolog\u00eda, aunque s\u00ed posee lo m\u00e1s avanzado en asistencia al conductor.<\/p>\n<p>Y quiz\u00e1s es mejor as\u00ed, porque recordemos que la tecnolog\u00eda del manejo aut\u00f3nomo no est\u00e1 lo bastante desarrollada y a\u00fan genera desconfianza entre los potenciales compradores. Por otra parte, aunque se encuentra en la etapa de prototipo, se espera que est\u00e9 disponible en el mercado para el 2025.<\/p>\n<p>Concluyendo, el nuevo coche el\u00e9ctrico que han dise\u00f1ado Hyundai y Kia es un SUV de gran tama\u00f1o que posee tres filas de asientos con un amplio interior. Tiene una <a href=\"https:\/\/www.ecoticias.com\/hoyeco\/coreana-europa-precio-autonomia\/12106\/\">autonom\u00eda<\/a> mejorada de 300 kil\u00f3metros y, aunque no es de tecnolog\u00eda de conducci\u00f3n aut\u00f3noma, s\u00ed trae lo \u00faltimo en asistencia al conductor.<\/p>\n","protected":false},"excerpt":{"rendered":"<p>La mayor\u00eda de las marcas automotoras, a nivel mundial, se han decantado por la electrificaci\u00f3n de sus modelos en un &#8230; <\/p>\n<p class=\"read-more-container\"><a title=\"Hyundai y Kia se unen para lanzar su \u00faltimo coche el\u00e9ctrico: m\u00e1s grande, mayor autonom\u00eda y un sello \u00fanico\" class=\"read-more button\" href=\"https:\/\/www.ecoticias.com\/hoyeco\/hyundai-kia-coche-electrico\/12433\/#more-12433\" aria-label=\"Leer m\u00e1s sobre Hyundai y Kia se unen para lanzar su \u00faltimo coche el\u00e9ctrico: m\u00e1s grande, mayor autonom\u00eda y un sello \u00fanico\">Read more<\/a><\/p>\n","protected":false},"author":6,"featured_media":12434,"comment_status":"closed","ping_status":"closed","sticky":false,"template":"","format":"standard","meta":{"footnotes":""},"categories":[6],"tags":[],"class_list":["post-12433","post","type-post","status-publish","format-standard","has-post-thumbnail","hentry","category-movilidad","resize-featured-image"],"_links":{"self":[{"href":"https:\/\/www.ecoticias.com\/hoyeco\/wp-json\/wp\/v2\/posts\/12433","targetHints":{"allow":["GET"]}}],"collection":[{"href":"https:\/\/www.ecoticias.com\/hoyeco\/wp-json\/wp\/v2\/posts"}],"about":[{"href":"https:\/\/www.ecoticias.com\/hoyeco\/wp-json\/wp\/v2\/types\/post"}],"author":[{"embeddable":true,"href":"https:\/\/www.ecoticias.com\/hoyeco\/wp-json\/wp\/v2\/users\/6"}],"replies":[{"embeddable":true,"href":"https:\/\/www.ecoticias.com\/hoyeco\/wp-json\/wp\/v2\/comments?post=12433"}],"version-history":[{"count":0,"href":"https:\/\/www.ecoticias.com\/hoyeco\/wp-json\/wp\/v2\/posts\/12433\/revisions"}],"wp:featuredmedia":[{"embeddable":true,"href":"https:\/\/www.ecoticias.com\/hoyeco\/wp-json\/wp\/v2\/media\/12434"}],"wp:attachment":[{"href":"https:\/\/www.ecoticias.com\/hoyeco\/wp-json\/wp\/v2\/media?parent=12433"}],"wp:term":[{"taxonomy":"category","embeddable":true,"href":"https:\/\/www.ecoticias.com\/hoyeco\/wp-json\/wp\/v2\/categories?post=12433"},{"taxonomy":"post_tag","embeddable":true,"href":"https:\/\/www.ecoticias.com\/hoyeco\/wp-json\/wp\/v2\/tags?post=12433"}],"curies":[{"name":"wp","href":"https:\/\/api.w.org\/{rel}","templated":true}]}}