{"id":12645,"date":"2024-10-31T16:30:17","date_gmt":"2024-10-31T15:30:17","guid":{"rendered":"https:\/\/www.ecoticias.com\/hoyeco\/?p=12645"},"modified":"2024-10-31T16:30:17","modified_gmt":"2024-10-31T15:30:17","slug":"region-frena-la-energia-eolica","status":"publish","type":"post","link":"https:\/\/www.ecoticias.com\/hoyeco\/region-frena-la-energia-eolica\/12645\/","title":{"rendered":"Una regi\u00f3n espa\u00f1ola frena la energ\u00eda e\u00f3lica: fuertes cruces en diferentes sectores de la comunidad"},"content":{"rendered":"<p>Si alguien se pregunta qu\u00e9 es lo que <strong>frena la energ\u00eda e\u00f3lica<\/strong> en Espa\u00f1a, muy seguramente en este art\u00edculo encontrar\u00e1 respuestas, porque aqu\u00ed haremos referencia a la suspensi\u00f3n de la autorizaci\u00f3n de <a href=\"https:\/\/www.ecoticias.com\/hoyeco\/paneles-solares-aeroleaf\/10641\/#:~:text=Estos%20dispositivos%20con%20innovadores%20dise%C3%B1os,de%20reducci%C3%B3n%20del%20calentamiento%20global.\">parques de bater\u00edas<\/a> en una regi\u00f3n espa\u00f1ola.<\/p>\n<h2><span data-sheets-root=\"1\">No solo la falta de viento frena la energ\u00eda e\u00f3lica, puede haber razones menos naturales<\/span><\/h2>\n<p>En la regi\u00f3n de Asturias antes de que termine el a\u00f1o se decretar\u00e1 la suspensi\u00f3n de autorizaciones de parques de bater\u00edas, paraliz\u00e1ndose seguramente los 47 que se encuentran en proceso de tramitaci\u00f3n<\/p>\n<p>En el camino del establecimiento del decreto se realiz\u00f3 una <strong>consulta p\u00fablica en la que se hicieron presentes vecinos y empresarios<\/strong>, los primeros presentaron 13 alegaciones, mientras que a las empresas correspondieron 8 alegaciones.<\/p>\n<p>Las alegaciones de plataformas y asociaciones vecinales estuvieron centradas en la solicitud de regulaciones severas de las instalaciones de parques de bater\u00edas y proyectos similares en el \u00e1rea rural.<\/p>\n<p>Por su parte, los empresarios y gremios empresariales alegaron la <strong>necesidad de la transici\u00f3n energ\u00e9tica y el desarrollo sustentable<\/strong> detr\u00e1s de la instalaci\u00f3n de parques e\u00f3licos.<\/p>\n<p>En otras palabras, el gobierno asturiano deber\u00e1 decidir cu\u00e1l es la medida ideal para que convivan equilibradamente las organizaciones vecinales y las empresariales en torno al desarrollo de la energ\u00eda e\u00f3lica en la regi\u00f3n.<\/p>\n<h2>\u00bfEn qu\u00e9 consiste el Decreto y cu\u00e1les son sus bases?<\/h2>\n<p>Una de las razones de esta suspensi\u00f3n ha sido la inundaci\u00f3n de solicitudes en menos de dos meses, por lo que el gobierno de Asturias ha querido ordenar la situaci\u00f3n en torno a la instalaci\u00f3n de parques de bater\u00edas.<\/p>\n<p>De acuerdo con lo expuesto por Ignacio Ruiz Latierro, <strong>director general de Ordenaci\u00f3n de Territorio<\/strong>, el Consejo de Gobierno antes de finalizar el a\u00f1o establecer\u00e1 un par de medidas al respecto:<\/p>\n<ol>\n<li>Decretar\u00e1 la suspensi\u00f3n de autorizaci\u00f3n para instalar parques de bater\u00edas en suelos catalogados como no urbanizables.<\/li>\n<li>Establecer\u00e1 directrices con criterios generales de orden de estos proyectos<\/li>\n<\/ol>\n<h2>\u00bfPor qu\u00e9 ser\u00e1n suspendidas las autorizaciones de instalaci\u00f3n de parques e\u00f3licos?<\/h2>\n<p>Seg\u00fan lo expuesto por el funcionario p\u00fablico, tales medidas ayudar\u00e1n a identificar los suelos adecuados para estos parques y paralelamente establecer las zonas donde no deber\u00edan instalarse.<\/p>\n<p>El principal argumento que prevalecer\u00eda para determinar una zona de exclusi\u00f3n ser\u00eda la <strong>necesidad de garantizar la conservaci\u00f3n de recursos naturales y la preservaci\u00f3n del ecosistema<\/strong> en la misma.<\/p>\n<p>En el proceso de determinaci\u00f3n de zonas de exclusi\u00f3n de parques de bater\u00edas ser\u00e1n claves las empresas, puesto que se atender\u00e1 a sus planteamientos a fin de que se pueda conocer la realidad de los intereses vecinales.<\/p>\n<p>Sin embargo, el director general de Ordenaci\u00f3n de Territorio ha sido claro en se\u00f1alar que la <strong>suspensi\u00f3n de instalaciones de parques de bater\u00edas<\/strong> obedece al prop\u00f3sito de colocar los intereses de los vecinos por encima de la de los empresarios.<\/p>\n<h2>\u00bfSon tales medidas contrarias a la transici\u00f3n energ\u00e9tica?<\/h2>\n<p>El hecho de que se produjeran alegaciones de vecinos ante la posibilidad de que Asturias se convirtiera en un hub del almacenamiento de las bater\u00edas demuestra su preocupaci\u00f3n por el impacto de proyectos de este tipo en la salud y el medio ambiente.<\/p>\n<p>Asturias no ha sido la <strong>\u00fanica regi\u00f3n donde se ha presentado rechazo a proyectos<\/strong> de esta naturaleza, siendo notorias las quejas que se han producido en:<\/p>\n<ul>\n<li>Arag\u00f3n: mostrando rechazo en relaci\u00f3n a la energ\u00eda excedente<\/li>\n<li>Galicia: donde se plante\u00f3 la reducci\u00f3n de la factura el\u00e9ctrica para evitar discrepancias con la e\u00f3lica.<\/li>\n<li>Comunidad de Valencia: se muestran a favor de la energ\u00eda nuclear.<\/li>\n<\/ul>\n<p>En definitiva, que en u<span data-sheets-root=\"1\">na regi\u00f3n espa\u00f1ola se establezca alguna medida que <strong>frena la energ\u00eda e\u00f3lica<\/strong> conlleva a pensar en la necesidad de que los diferentes sectores de la comunidad sean informados del alcance de proyectos y lo que se pretende con la <a href=\"https:\/\/www.ecoticias.com\/hoyeco\/china-espana-energia-siglo-euros\/10753\/\">transici\u00f3n energ\u00e9tica<\/a>.\u00a0<\/span><\/p>\n","protected":false},"excerpt":{"rendered":"<p>Si alguien se pregunta qu\u00e9 es lo que frena la energ\u00eda e\u00f3lica en Espa\u00f1a, muy seguramente en este art\u00edculo encontrar\u00e1 &#8230; <\/p>\n<p class=\"read-more-container\"><a title=\"Una regi\u00f3n espa\u00f1ola frena la energ\u00eda e\u00f3lica: fuertes cruces en diferentes sectores de la comunidad\" class=\"read-more button\" href=\"https:\/\/www.ecoticias.com\/hoyeco\/region-frena-la-energia-eolica\/12645\/#more-12645\" aria-label=\"Leer m\u00e1s sobre Una regi\u00f3n espa\u00f1ola frena la energ\u00eda e\u00f3lica: fuertes cruces en diferentes sectores de la comunidad\">Read more<\/a><\/p>\n","protected":false},"author":9,"featured_media":12702,"comment_status":"closed","ping_status":"closed","sticky":false,"template":"","format":"standard","meta":{"footnotes":""},"categories":[5],"tags":[],"class_list":["post-12645","post","type-post","status-publish","format-standard","has-post-thumbnail","hentry","category-energia","resize-featured-image"],"_links":{"self":[{"href":"https:\/\/www.ecoticias.com\/hoyeco\/wp-json\/wp\/v2\/posts\/12645","targetHints":{"allow":["GET"]}}],"collection":[{"href":"https:\/\/www.ecoticias.com\/hoyeco\/wp-json\/wp\/v2\/posts"}],"about":[{"href":"https:\/\/www.ecoticias.com\/hoyeco\/wp-json\/wp\/v2\/types\/post"}],"author":[{"embeddable":true,"href":"https:\/\/www.ecoticias.com\/hoyeco\/wp-json\/wp\/v2\/users\/9"}],"replies":[{"embeddable":true,"href":"https:\/\/www.ecoticias.com\/hoyeco\/wp-json\/wp\/v2\/comments?post=12645"}],"version-history":[{"count":0,"href":"https:\/\/www.ecoticias.com\/hoyeco\/wp-json\/wp\/v2\/posts\/12645\/revisions"}],"wp:featuredmedia":[{"embeddable":true,"href":"https:\/\/www.ecoticias.com\/hoyeco\/wp-json\/wp\/v2\/media\/12702"}],"wp:attachment":[{"href":"https:\/\/www.ecoticias.com\/hoyeco\/wp-json\/wp\/v2\/media?parent=12645"}],"wp:term":[{"taxonomy":"category","embeddable":true,"href":"https:\/\/www.ecoticias.com\/hoyeco\/wp-json\/wp\/v2\/categories?post=12645"},{"taxonomy":"post_tag","embeddable":true,"href":"https:\/\/www.ecoticias.com\/hoyeco\/wp-json\/wp\/v2\/tags?post=12645"}],"curies":[{"name":"wp","href":"https:\/\/api.w.org\/{rel}","templated":true}]}}