{"id":13224,"date":"2024-11-14T15:00:01","date_gmt":"2024-11-14T14:00:01","guid":{"rendered":"https:\/\/www.ecoticias.com\/hoyeco\/?p=13224"},"modified":"2024-11-14T15:00:01","modified_gmt":"2024-11-14T14:00:01","slug":"espana-riesgo-centrales-nucleares","status":"publish","type":"post","link":"https:\/\/www.ecoticias.com\/hoyeco\/espana-riesgo-centrales-nucleares\/13224\/","title":{"rendered":"Espa\u00f1a, en serio riesgo por sus centrales nucleares: podr\u00eda terminar en una cat\u00e1strofe"},"content":{"rendered":"<p>Muchas actividades del quehacer diario de las personas dependen de la energ\u00eda el\u00e9ctrica, y esta se puede obtener de diversas fuentes, como por ejemplo de las centrales nucleares. Sin embargo, estas pueden representar un riesgo muy serio, que en el caso particular de Espa\u00f1a podr\u00eda desembocar en una gran cat\u00e1strofe.<\/p>\n<h2>Dos centrales nucleares de Espa\u00f1a con fallas de enfriamiento<\/h2>\n<p><a href=\"https:\/\/www.ecoticias.com\/hoyeco\/espana-sol-artificial-region-china\/11690\/\">Espa\u00f1a<\/a> tiene 7 reactores que generan electricidad a partir de la fisi\u00f3n at\u00f3mica y aportan el 20% de la potencia de la red nacional. Dos de ellas, <strong>Confrentes y Vandell\u00f3s, brindan un 30%<\/strong> <strong>de esa potencia<\/strong>, y seg\u00fan las regulaciones internacionales est\u00e1n llegando al final de su vida \u00fatil porque casi tienen 40 a\u00f1os en labores.<\/p>\n<p>Por eso sus operarios hicieron ciertas inversiones para mejorarlas y obtener una pr\u00f3rroga para seguir funcionando. A pesar de eso, han sufrido varias paradas no programadas causadas por fallos en los sistemas de refrigeraci\u00f3n, por lo que entr\u00f3 en la zona blanca del indicador de sucesos del Consejo de Seguridad Nuclear.<\/p>\n<h2>El envejecimiento de las plantas at\u00f3micas las convierte en un riesgo<\/h2>\n<p><strong>La energ\u00eda que se produce en las centrales nucleares presenta mucha eficacia<\/strong> y est\u00e1 disponible en todo momento, pero a cambio de esto se sabe que, si sus sistemas presentan alguna falla, el riesgo de contaminaci\u00f3n radiactiva es muy elevado. Por lo que es de suma importancia considerar lo bueno y lo malo de ella.<\/p>\n<p>Hoy en d\u00eda, Espa\u00f1a tiene 7 plantas at\u00f3micas que producen 7MW de energ\u00eda que contribuyen a alimentar la red nacional. A pesar del auge que est\u00e1n teniendo las fuentes energ\u00e9ticas verdes como las provenientes de los paneles solares y las h\u00e9lices e\u00f3licas, aun se sigue confiando en la primera porque es m\u00e1s constante.<\/p>\n<p>Sin embargo, hay que tener en cuenta que al menos dos de las centrales nucleares, que generan m\u00e1s de 2 MW est\u00e1n cerca de los <strong>40 a\u00f1os de funcionamiento, que es el tiempo m\u00e1ximo de vida \u00fatil<\/strong> que pueden tener. En vista de que el plazo se acercaba, los operadores decidieron hacer inversiones importantes para repararlas.<\/p>\n<p>Con esas modificaciones solicitaron una moratoria para que siguieran en funciones por m\u00e1s tiempo. Pero esos arreglos no han tenido la utilidad que se esperaba, pues desde el 2023 y en lo que va de este a\u00f1o, las plantas Cofrentes y Vandell\u00f3s han tenido paradas no programadas, y la causa han sido las fallas del enfriamiento.<\/p>\n<p>Todos estos problemas fueron reportados al Consejo de Seguridad Nuclear (CSN), y aunque no han representado un riesgo a la seguridad, <strong>s\u00ed encienden las alarmas por lo que pudiera ocurrir m\u00e1s adelante<\/strong>. Porque es un hecho conocido que esas centrales nucleares ya est\u00e1n viejas y presentan signos de deterioro.<\/p>\n<h2>El peligro de la fisi\u00f3n at\u00f3mica supera sus beneficios<\/h2>\n<p><strong>La energ\u00eda producida por las centrales nucleares se mantendr\u00e1 hasta el a\u00f1o 2035 en Espa\u00f1a<\/strong>, fecha en la que todas ser\u00e1n desmanteladas. Hasta ese momento, habr\u00e1 que vivir con el riesgo de alg\u00fan tipo de eventualidad, sobre todo en los casos de Cofrentes y Vandell\u00f3s, que ya presentan da\u00f1os por sus a\u00f1os de servicio.<\/p>\n<p>A pesar de eso, hay quienes critican su eliminaci\u00f3n, pues, aunque la energ\u00eda obtenida de la luz solar y el viento han aumentado de forma significativa, a\u00fan falta desarrollar un buen sistema de\u00a0almacenamiento para los momentos de escasez. Pero el peligro de<strong> una cat\u00e1strofe at\u00f3mica habla a favor de su desaparici\u00f3n.<\/strong><\/p>\n<p>Concluyendo, el sistema el\u00e9ctrico de Espa\u00f1a ha dependido en un 20% de la <a href=\"centrales%20nucleares\">energ\u00eda<\/a> generada por 7 centrales nucleares. Sin embargo, dos de ellas, Cofrentes y Vandell\u00f3s, han presentado paradas no programadas causadas por problemas de enfriamiento, a pesar de que han sido reparadas para alargar su vida \u00fatil.<\/p>\n","protected":false},"excerpt":{"rendered":"<p>Muchas actividades del quehacer diario de las personas dependen de la energ\u00eda el\u00e9ctrica, y esta se puede obtener de diversas &#8230; <\/p>\n<p class=\"read-more-container\"><a title=\"Espa\u00f1a, en serio riesgo por sus centrales nucleares: podr\u00eda terminar en una cat\u00e1strofe\" class=\"read-more button\" href=\"https:\/\/www.ecoticias.com\/hoyeco\/espana-riesgo-centrales-nucleares\/13224\/#more-13224\" aria-label=\"Leer m\u00e1s sobre Espa\u00f1a, en serio riesgo por sus centrales nucleares: podr\u00eda terminar en una cat\u00e1strofe\">Read more<\/a><\/p>\n","protected":false},"author":6,"featured_media":13225,"comment_status":"closed","ping_status":"closed","sticky":false,"template":"","format":"standard","meta":{"footnotes":""},"categories":[5],"tags":[],"class_list":["post-13224","post","type-post","status-publish","format-standard","has-post-thumbnail","hentry","category-energia","resize-featured-image"],"_links":{"self":[{"href":"https:\/\/www.ecoticias.com\/hoyeco\/wp-json\/wp\/v2\/posts\/13224","targetHints":{"allow":["GET"]}}],"collection":[{"href":"https:\/\/www.ecoticias.com\/hoyeco\/wp-json\/wp\/v2\/posts"}],"about":[{"href":"https:\/\/www.ecoticias.com\/hoyeco\/wp-json\/wp\/v2\/types\/post"}],"author":[{"embeddable":true,"href":"https:\/\/www.ecoticias.com\/hoyeco\/wp-json\/wp\/v2\/users\/6"}],"replies":[{"embeddable":true,"href":"https:\/\/www.ecoticias.com\/hoyeco\/wp-json\/wp\/v2\/comments?post=13224"}],"version-history":[{"count":0,"href":"https:\/\/www.ecoticias.com\/hoyeco\/wp-json\/wp\/v2\/posts\/13224\/revisions"}],"wp:featuredmedia":[{"embeddable":true,"href":"https:\/\/www.ecoticias.com\/hoyeco\/wp-json\/wp\/v2\/media\/13225"}],"wp:attachment":[{"href":"https:\/\/www.ecoticias.com\/hoyeco\/wp-json\/wp\/v2\/media?parent=13224"}],"wp:term":[{"taxonomy":"category","embeddable":true,"href":"https:\/\/www.ecoticias.com\/hoyeco\/wp-json\/wp\/v2\/categories?post=13224"},{"taxonomy":"post_tag","embeddable":true,"href":"https:\/\/www.ecoticias.com\/hoyeco\/wp-json\/wp\/v2\/tags?post=13224"}],"curies":[{"name":"wp","href":"https:\/\/api.w.org\/{rel}","templated":true}]}}