{"id":13262,"date":"2024-11-18T15:30:58","date_gmt":"2024-11-18T14:30:58","guid":{"rendered":"https:\/\/www.ecoticias.com\/hoyeco\/?p=13262"},"modified":"2024-11-18T15:30:58","modified_gmt":"2024-11-18T14:30:58","slug":"espana-energia-eolica-inversiones","status":"publish","type":"post","link":"https:\/\/www.ecoticias.com\/hoyeco\/espana-energia-eolica-inversiones\/13262\/","title":{"rendered":"Espa\u00f1a destierra a la energ\u00eda e\u00f3lica: el desaliento de las inversiones ser\u00e1 arrollador"},"content":{"rendered":"<p>Una de las grandes metas que se ha establecido la UE es la de encontrar nuevas fuentes energ\u00e9ticas que le permitan dejar atr\u00e1s de forma definitiva los combustibles f\u00f3siles. Por eso sorprende que en Espa\u00f1a emprendan ciertas acciones que puedan desterrar la energ\u00eda e\u00f3lica al provocar el desaliento entre los inversores.<\/p>\n<h2>Las decisiones de la Xunta alejan a los inversores<\/h2>\n<p>Una de las regiones de <a href=\"https:\/\/www.ecoticias.com\/hoyeco\/aerogenerador-sin-aspas\/9256\/\">Espa\u00f1a<\/a> en la que se han hecho m\u00e1s inversiones para el desarrollo de la energ\u00eda e\u00f3lica es Galicia. Pero eso puede cambiar debido a ciertas medidas que tom\u00f3 la Xunta de esa regi\u00f3n que, seg\u00fan las declaraciones del director general de la Asociaci\u00f3n Empresarial E\u00f3lica, podr\u00edan alejar a los inversores.<\/p>\n<p>Una de ellas, es que los parques de energ\u00eda e\u00f3lica con m\u00e1s de 25 a\u00f1os de funcionamiento deben renovar todo su equipamiento, y contar\u00e1n con un lapso de 18 meses para hacerlo. El <strong>otro problema es la judicializaci\u00f3n de algunos proyectos<\/strong>, que est\u00e1n paralizados por un asunto prejudicial a pesar de tener sus permisos.<\/p>\n<h2>Galicia corre el riesgo de perder sus parques e\u00f3licos<\/h2>\n<p>El cambio clim\u00e1tico y los problemas con algunos de los proveedores de combustibles f\u00f3siles han contribuido en gran medida a la aceleraci\u00f3n del desarrollo de nuevas fuentes energ\u00e9ticas en Europa. En este sentido, <strong>Espa\u00f1a ha sido uno de los pa\u00edses m\u00e1s adelantados<\/strong> en el uso de paneles solares y de la energ\u00eda e\u00f3lica.<\/p>\n<p>Con respecto a esta \u00faltima, Galicia ha sido una de las regiones que ha sacado mayor provecho de la fuerza que brinda el viento, y ha atra\u00eddo numerosos capitales para su desarrollo. Sin embargo, y de acuerdo con las declaraciones del director general de la Asociaci\u00f3n Empresarial E\u00f3lica (AEE), eso puede cambiar.<\/p>\n<p>Debido a dos causas fundamentales, una de ellas est\u00e1 relacionada con una propuesta de ley que realiz\u00f3 la Xunta de esa regi\u00f3n. Una de sus normas establece que los parques de energ\u00eda e\u00f3lica que hayan cumplido sus a\u00f1os de vida \u00fatil, o tengan m\u00e1s de 25 a\u00f1os funcionando, deben renovar todo su equipamiento.<\/p>\n<p>Es decir, que a pesar de contar con equipos funcionales que cumplen con todas las normas de seguridad, deben comprar turbinas nuevas en un lapso de 18 meses, de lo contrario cerrar\u00e1n sus instalaciones. El otro problema que est\u00e1n afrontando es la judicializaci\u00f3n de algunos proyectos que ya estaban aprobados.<\/p>\n<p>Esto <strong>provoc\u00f3 la paralizaci\u00f3n de la generaci\u00f3n 2.000 MW<\/strong>, por una cuesti\u00f3n prejudicial llevada al Tribunal de Justicia de la Uni\u00f3n Europea por parte del Tribunal Superior de Justicia de Galicia. Esta situaci\u00f3n ha dejado en el aire a los inversores que estaban a punto de iniciar los nuevos proyectos de energ\u00eda e\u00f3lica.<\/p>\n<h2>La producci\u00f3n de energ\u00eda e\u00f3lica se queda sin inversionistas<\/h2>\n<p>Adem\u00e1s de los problemas de judicializaci\u00f3n que mantienen paralizados a algunos de los desarrollos de parques e\u00f3licos y la obligaci\u00f3n de cambiar los equipos con m\u00e1s de 25 a\u00f1os, existe otra norma del <strong>nuevo proyecto de ley que lesiona los intereses de los inversionistas<\/strong> y que ha provocado su total rechazo.<\/p>\n<p>Y es que los quieren obligar a vender al menos un 50% de su producci\u00f3n energ\u00e9tica a las peque\u00f1as y medianas empresas gallegas. Seg\u00fan la AEE, eso es contrario a la normativa europea de libre mercado y competencia, afecta los compromisos que ya hab\u00edan adquirido, y socava su confianza en la regi\u00f3n y su seguridad jur\u00eddica.<\/p>\n<p>En conclusi\u00f3n, la generaci\u00f3n de energ\u00eda e\u00f3lica est\u00e1 seriamente comprometida en Galicia debido a las normas de un <a href=\"https:\/\/www.ecoticias.com\/hoyeco\/region-frena-la-energia-eolica\/12645\/\">proyecto de ley<\/a> que lesiona los intereses de los inversores. Entre otras cosas, imponen el cambio de equipos funcionales por otros nuevos y la venta del 50% de su producci\u00f3n a las PYMES de la regi\u00f3n.<\/p>\n","protected":false},"excerpt":{"rendered":"<p>Una de las grandes metas que se ha establecido la UE es la de encontrar nuevas fuentes energ\u00e9ticas que le &#8230; <\/p>\n<p class=\"read-more-container\"><a title=\"Espa\u00f1a destierra a la energ\u00eda e\u00f3lica: el desaliento de las inversiones ser\u00e1 arrollador\" class=\"read-more button\" href=\"https:\/\/www.ecoticias.com\/hoyeco\/espana-energia-eolica-inversiones\/13262\/#more-13262\" aria-label=\"Leer m\u00e1s sobre Espa\u00f1a destierra a la energ\u00eda e\u00f3lica: el desaliento de las inversiones ser\u00e1 arrollador\">Read more<\/a><\/p>\n","protected":false},"author":6,"featured_media":13263,"comment_status":"closed","ping_status":"closed","sticky":false,"template":"","format":"standard","meta":{"footnotes":""},"categories":[5],"tags":[],"class_list":["post-13262","post","type-post","status-publish","format-standard","has-post-thumbnail","hentry","category-energia","resize-featured-image"],"_links":{"self":[{"href":"https:\/\/www.ecoticias.com\/hoyeco\/wp-json\/wp\/v2\/posts\/13262","targetHints":{"allow":["GET"]}}],"collection":[{"href":"https:\/\/www.ecoticias.com\/hoyeco\/wp-json\/wp\/v2\/posts"}],"about":[{"href":"https:\/\/www.ecoticias.com\/hoyeco\/wp-json\/wp\/v2\/types\/post"}],"author":[{"embeddable":true,"href":"https:\/\/www.ecoticias.com\/hoyeco\/wp-json\/wp\/v2\/users\/6"}],"replies":[{"embeddable":true,"href":"https:\/\/www.ecoticias.com\/hoyeco\/wp-json\/wp\/v2\/comments?post=13262"}],"version-history":[{"count":0,"href":"https:\/\/www.ecoticias.com\/hoyeco\/wp-json\/wp\/v2\/posts\/13262\/revisions"}],"wp:featuredmedia":[{"embeddable":true,"href":"https:\/\/www.ecoticias.com\/hoyeco\/wp-json\/wp\/v2\/media\/13263"}],"wp:attachment":[{"href":"https:\/\/www.ecoticias.com\/hoyeco\/wp-json\/wp\/v2\/media?parent=13262"}],"wp:term":[{"taxonomy":"category","embeddable":true,"href":"https:\/\/www.ecoticias.com\/hoyeco\/wp-json\/wp\/v2\/categories?post=13262"},{"taxonomy":"post_tag","embeddable":true,"href":"https:\/\/www.ecoticias.com\/hoyeco\/wp-json\/wp\/v2\/tags?post=13262"}],"curies":[{"name":"wp","href":"https:\/\/api.w.org\/{rel}","templated":true}]}}