{"id":13710,"date":"2024-11-24T16:30:37","date_gmt":"2024-11-24T15:30:37","guid":{"rendered":"https:\/\/www.ecoticias.com\/hoyeco\/?p=13710"},"modified":"2024-11-24T16:30:37","modified_gmt":"2024-11-24T15:30:37","slug":"espana-planta-solar-energia-termica","status":"publish","type":"post","link":"https:\/\/www.ecoticias.com\/hoyeco\/espana-planta-solar-energia-termica\/13710\/","title":{"rendered":"Espa\u00f1a en shock: extra\u00f1o efecto en una planta solar"},"content":{"rendered":"<p>\u00bfHas escuchado hablar de BlueSolar? Puede que este concepto hoy en d\u00eda produzca cierto shock, pero en Espa\u00f1a ha instalado una <strong>planta solar<\/strong> que su funci\u00f3n ha dejado a m\u00e1s de uno con la la boca abierta y ser\u00e1 una de las m\u00e1s populares del planeta \u00bfEn qu\u00e9 consiste y c\u00f3mo funciona? Aqu\u00ed te lo contamos.<\/p>\n<h2>BlueSolar: un nuevo concepto en materia de planta solar ha surgido en Espa\u00f1a<\/h2>\n<p><span data-sheets-root=\"1\">La energ\u00eda fotovoltaica y la termosolar hasta ahora eran dos tipos de energ\u00eda que hab\u00edan sido investigadas y utilizadas en forma individual, pero ahora ha surgido un proyecto donde estas dos fuentes energ\u00e9ticas han sido integradas a gran escala.<\/span><\/p>\n<p class=\"article-view__header__excerpt\">La localidad de Puertollano en Castilla-La Mancha es el escenario donde funcionar\u00e1 la <strong>primera planta que combina c\u00e9lulas fotovoltaicas con componentes termosolares<\/strong>, plante\u00e1ndose desde ya como una interesante y eficiente soluci\u00f3n integradora.<\/p>\n<p class=\"article-view__header__excerpt\">La planta piloto se ha construido en las instalaciones del Instituto de Sistemas Fotovoltaicos de Concentraci\u00f3n (ISFOC) y el proyecto est\u00e1 siendo desarrollado y administrado por el Grupo Ghenova, contando con la participaci\u00f3n de:<\/p>\n<ul>\n<li class=\"article-view__header__excerpt\">Centro tecnol\u00f3gico CSIC<\/li>\n<li class=\"article-view__header__excerpt\">Plataforma Solar de Almer\u00eda<\/li>\n<li class=\"article-view__header__excerpt\">Tekniker<\/li>\n<li class=\"article-view__header__excerpt\">Universidad de Sevilla<\/li>\n<li class=\"article-view__header__excerpt\">Centro Nacional de Hidr\u00f3geno (ISFOC)<\/li>\n<li class=\"article-view__header__excerpt\">Fraunhofer<\/li>\n<li class=\"article-view__header__excerpt\">CDTI<\/li>\n<li class=\"article-view__header__excerpt\">Corporaci\u00f3n Tecnol\u00f3gica Andaluza (CTA).<\/li>\n<\/ul>\n<div data-v-app=\"\">\n<div class=\"base-block\">Despu\u00e9s de <strong>muchos a\u00f1os de investigaci\u00f3n y gracias a la colaboraci\u00f3n de todas estas instituciones<\/strong> BlueSolar se plantea como la primera planta en integrar dos importantes fuentes de energ\u00eda renovable.<\/div>\n<\/div>\n<h2>\u00bfC\u00f3mo es el nivel de integraci\u00f3n de esta nueva planta y c\u00f3mo funciona?<\/h2>\n<p>Se trata de una novedosa planta donde se genera electricidad en forma continua mediante paneles h\u00edbridos, los cuales cuentan con tecnolog\u00eda de filtraci\u00f3n \u00f3ptica y que operan como espejos que concentran la energ\u00eda solar.<\/p>\n<p>La tecnolog\u00eda de esta planta se basa en <strong>placas fotovoltaicas provistas de filtros integrados<\/strong> que permiten generar tanto electricidad como calor con fines de almacenamiento o producci\u00f3n de vapor.<\/p>\n<p>Esta planta se compone de 250 paneles de 2 m2 y una torre de concentraci\u00f3n de 30 m, elementos con los que se generan hasta 300 kW de electricidad.<\/p>\n<p>Dicha <strong>tecnolog\u00eda se vincula con la producci\u00f3n de hidr\u00f3geno verde<\/strong> teniendo como subproductos importantes el metanol y el amoniaco, requiriendo este proceso de fluido el\u00e9ctrico limpio y continuo.<\/p>\n<h3>Requerimientos de la tecnolog\u00eda BlueSolar<\/h3>\n<p>El sistema de la nueva planta solar requiere del acoplamiento de plantas desaladoras t\u00e9rmicas y de osmosis inversas, las que involucran tanto un gran consumo el\u00e9ctrico como t\u00e9rmico.<\/p>\n<p>Un punto importante en este sentido es que el uso de esta tecnolog\u00eda hace posible <strong>suministrar energ\u00eda de manera continua a un precio accesible<\/strong>, adem\u00e1s de otros beneficios que ubicar\u00e1n Bluesolar como una de las primeras tecnolog\u00edas solares empleadas en el planeta.<\/p>\n<h2>Los beneficios que traer\u00e1 combinar el poder de la energ\u00eda fotovoltaica con la t\u00e9rmica<\/h2>\n<p>Seg\u00fan Jos\u00e9 Julio Caparr\u00f3s, director de BlueSolar, la tecnolog\u00eda implementada contribuir\u00e1 con amplios beneficios en muchos sentidos, puesto que en comparaci\u00f3n con las plantas termosolares que hoy en d\u00eda se utilizan, esta innovaci\u00f3n ofrece:<\/p>\n<ul>\n<li>Alta eficiencia<\/li>\n<li>Modularidad<\/li>\n<li>Mayor confiabilidad<\/li>\n<li>Escalabilidad<\/li>\n<li>Menor complejidad tecnol\u00f3gica<\/li>\n<\/ul>\n<p>Estos paneles a\u00fan sin luz solar pueden funcionar gracias a sus <strong>propiedades divisorias de la luz y aprovechamiento de los rayos solares<\/strong> para la generaci\u00f3n de ambos tipos de energ\u00eda, la t\u00e9rmica y la el\u00e9ctrica.<\/p>\n<p>El director tambi\u00e9n manifest\u00f3 que las cualidades o capacidades de esta tecnolog\u00eda repercuten en un rendimiento y almacenamiento el\u00e9ctrico superior al 90% y a menor coste.<\/p>\n<p>De all\u00ed que sea cierto lo expuesto por Miguel \u00c1ngel Ruiz, alcaide de Puertollano, en el sentido de que se trata de una muy buena noticia para la transici\u00f3n energ\u00e9tica desde la cual se busca un mundo con una econom\u00eda sostenible.<\/p>\n<p>En definitiva, la primera <strong>planta solar<\/strong> instalada en Espa\u00f1a que combina la energ\u00eda fotovoltaica con la tecnolog\u00eda termosolar puede que haya dejado sorprendidos a muchos habitantes de Pueblollano, pero tal como pintan las cosas, el concepto de Bluesolar muy pronto ser\u00e1 bastante conocido.<\/p>\n","protected":false},"excerpt":{"rendered":"<p>\u00bfHas escuchado hablar de BlueSolar? Puede que este concepto hoy en d\u00eda produzca cierto shock, pero en Espa\u00f1a ha instalado &#8230; <\/p>\n<p class=\"read-more-container\"><a title=\"Espa\u00f1a en shock: extra\u00f1o efecto en una planta solar\" class=\"read-more button\" href=\"https:\/\/www.ecoticias.com\/hoyeco\/espana-planta-solar-energia-termica\/13710\/#more-13710\" aria-label=\"Leer m\u00e1s sobre Espa\u00f1a en shock: extra\u00f1o efecto en una planta solar\">Read more<\/a><\/p>\n","protected":false},"author":9,"featured_media":13711,"comment_status":"closed","ping_status":"closed","sticky":false,"template":"","format":"standard","meta":{"footnotes":""},"categories":[5],"tags":[],"class_list":["post-13710","post","type-post","status-publish","format-standard","has-post-thumbnail","hentry","category-energia","resize-featured-image"],"_links":{"self":[{"href":"https:\/\/www.ecoticias.com\/hoyeco\/wp-json\/wp\/v2\/posts\/13710","targetHints":{"allow":["GET"]}}],"collection":[{"href":"https:\/\/www.ecoticias.com\/hoyeco\/wp-json\/wp\/v2\/posts"}],"about":[{"href":"https:\/\/www.ecoticias.com\/hoyeco\/wp-json\/wp\/v2\/types\/post"}],"author":[{"embeddable":true,"href":"https:\/\/www.ecoticias.com\/hoyeco\/wp-json\/wp\/v2\/users\/9"}],"replies":[{"embeddable":true,"href":"https:\/\/www.ecoticias.com\/hoyeco\/wp-json\/wp\/v2\/comments?post=13710"}],"version-history":[{"count":0,"href":"https:\/\/www.ecoticias.com\/hoyeco\/wp-json\/wp\/v2\/posts\/13710\/revisions"}],"wp:featuredmedia":[{"embeddable":true,"href":"https:\/\/www.ecoticias.com\/hoyeco\/wp-json\/wp\/v2\/media\/13711"}],"wp:attachment":[{"href":"https:\/\/www.ecoticias.com\/hoyeco\/wp-json\/wp\/v2\/media?parent=13710"}],"wp:term":[{"taxonomy":"category","embeddable":true,"href":"https:\/\/www.ecoticias.com\/hoyeco\/wp-json\/wp\/v2\/categories?post=13710"},{"taxonomy":"post_tag","embeddable":true,"href":"https:\/\/www.ecoticias.com\/hoyeco\/wp-json\/wp\/v2\/tags?post=13710"}],"curies":[{"name":"wp","href":"https:\/\/api.w.org\/{rel}","templated":true}]}}