{"id":13791,"date":"2024-11-27T14:30:55","date_gmt":"2024-11-27T13:30:55","guid":{"rendered":"https:\/\/www.ecoticias.com\/hoyeco\/?p=13791"},"modified":"2024-11-27T14:30:55","modified_gmt":"2024-11-27T13:30:55","slug":"espana-energia-nuclear-canarias","status":"publish","type":"post","link":"https:\/\/www.ecoticias.com\/hoyeco\/espana-energia-nuclear-canarias\/13791\/","title":{"rendered":"Espa\u00f1a cambia de opini\u00f3n con la nuclear: quiere abrir dos centrales aqu\u00ed"},"content":{"rendered":"<p>Un f\u00edsico ha respondido a las dudas e inquietudes de los parlamentarios sobre las centrales nucleares en <a href=\"https:\/\/www.ecoticias.com\/hoyeco\/espana-riesgo-centrales-nucleares\/13224\/\">Espa\u00f1a<\/a>, as\u00ed como las zonas de su construcci\u00f3n. Asimismo, ha disertado acerca de la propuesta de viabilidad de la construcci\u00f3n de plantas en ciertas islas puntuales, una opini\u00f3n que sin duda no pasar\u00e1 desapercibida. Veamos.<\/p>\n<h2>La opini\u00f3n de un experto en el parlamento de Espa\u00f1a y sus interesantes aclaratorias respecto a esta energ\u00eda<\/h2>\n<p>En primera instancia debemos conocer al experto invitado al parlamento, su nombre es Fern\u00e1ndez Ord\u00f3\u00f1ez, doctor en f\u00edsica de part\u00edculas especialista en f\u00edsica nuclear. Quien en esta oportunidad se encarg\u00f3 de aclarar el panorama respecto a las <strong>acciones inherentes a las centrales y la energ\u00eda nuclear<\/strong> en Espa\u00f1a que plantean llevarse a cabo.<\/p>\n<p>Durante la sesi\u00f3n, Fern\u00e1ndez Ord\u00f3\u00f1ez aclar\u00f3 que la energ\u00eda nuclear ha sido catalogada como limpia y sostenible por la Uni\u00f3n Europea, teniendo adem\u00e1s el suficiente tiempo en el mercado para reconocer que es el futuro. Un hecho que evidencia esto \u00faltimo es que esta industria genera el 20% de la electricidad en todo el mundo.<\/p>\n<h2>Las Islas Canarias: la construcci\u00f3n de centrales nucleares en su territorio es una gran soluci\u00f3n energ\u00e9tica para el pa\u00eds<\/h2>\n<p>Siendo el tema principal la evaluaci\u00f3n de <strong>viabilidad de construcci\u00f3n de centrales nucleares<\/strong> en las Islas Canarias, una propuesta planteada con anterioridad por Gonzalo Mil\u00e1n quien es doctor en ciencias econ\u00f3micas, sociales y jur\u00eddicas adem\u00e1s de ser arquitecto. Sin embargo, Fern\u00e1ndez dio una interesante contrapropuesta.<\/p>\n<p>El f\u00edsico, asegura que no es necesaria la construcci\u00f3n de grandes plantas, proponiendo la instalaci\u00f3n de lo que denominar\u00eda \u201cpeque\u00f1os reactores modulares\u201d, los cuales afirma son capaces de producir hasta 300 megavatios e incluso es altamente efectivo para desalar el agua, sin duda alguna un avance revolucionario y muy importante.<\/p>\n<p>Asimismo, hizo menci\u00f3n de ejemplos de la implementaci\u00f3n de los micro reactores en otros pa\u00edses tales como Rusia, India y Argentina, a los cuales esta tecnolog\u00eda les ha permitido adaptarse a las necesidades espec\u00edficas de la poblaci\u00f3n, como ser\u00eda claro el caso de islas como El Hierro y La Gomera, ideales para su implementaci\u00f3n.<\/p>\n<p>Finalmente, entre las <strong>ventajas de la implementaci\u00f3n de energ\u00eda nuclear<\/strong>\u00a0como micro reactores destacan dise\u00f1os de naturaleza modular, ya que su fabricaci\u00f3n se hace en serie teniendo menos costos por su masificaci\u00f3n, dise\u00f1os de seguridad avanzada, son f\u00e1cilmente transportables y ensamblables en el lugar destino.<\/p>\n<h2>La gesti\u00f3n de residuos y la preocupaci\u00f3n de la energ\u00eda nuclear en zonas tur\u00edsticas por sus posibles efectos<\/h2>\n<p><strong>El impacto medioambiental es una de las mayores preocupaciones<\/strong> con las que los gobiernos del mundo deben lidiar, pues bien es sabido que la actividad de las centrales nucleares genera una serie de residuos t\u00f3xicos cuya gesti\u00f3n es obligatoria sea oportuna e inteligente para evitar desastres gracias a su alta nocividad.<\/p>\n<p>Por su parte, Fern\u00e1ndez Ord\u00f3\u00f1ez asegura que los micro reactores tienen un impacto ambiental muy reducido, adem\u00e1s de destacar que esta industria se ha encargado de lidiar bajo estrictos protocolos de seguridad los residuos. Mientras unos son almacenados y otros son combustible de reactores m\u00e1s avanzados en tecnolog\u00eda.<\/p>\n<p>En cuanto al establecimiento de estas plantas en zonas tur\u00edsticas, no hay de qu\u00e9 preocuparse, el f\u00edsico hizo una pregunta suspicaz: \u00bfcu\u00e1l es el pa\u00eds europeo con mayor afluencia tur\u00edstica y que a su vez tiene las mayores plantas nucleares? La respuesta es muy sencilla, Francia. Quedando en evidencia su muy efectivo control sobre ellas.<\/p>\n<p>Finalmente, debe comprenderse que la energ\u00eda nuclear en su variante de micro reactores son una soluci\u00f3n viable para cubrir las necesidades energ\u00e9ticas. Pues solo con la implementaci\u00f3n de <a href=\"https:\/\/www.ecoticias.com\/hoyeco\/control-de-las-energias-renovables\/13057\/\">energ\u00edas renovables<\/a> se tendr\u00e1 la capacidad de proporcionar la electricidad requerida debido al volumen espacial que representan sus equipos.<\/p>\n","protected":false},"excerpt":{"rendered":"<p>Un f\u00edsico ha respondido a las dudas e inquietudes de los parlamentarios sobre las centrales nucleares en Espa\u00f1a, as\u00ed como &#8230; <\/p>\n<p class=\"read-more-container\"><a title=\"Espa\u00f1a cambia de opini\u00f3n con la nuclear: quiere abrir dos centrales aqu\u00ed\" class=\"read-more button\" href=\"https:\/\/www.ecoticias.com\/hoyeco\/espana-energia-nuclear-canarias\/13791\/#more-13791\" aria-label=\"Leer m\u00e1s sobre Espa\u00f1a cambia de opini\u00f3n con la nuclear: quiere abrir dos centrales aqu\u00ed\">Read more<\/a><\/p>\n","protected":false},"author":6,"featured_media":13792,"comment_status":"closed","ping_status":"closed","sticky":false,"template":"","format":"standard","meta":{"footnotes":""},"categories":[5],"tags":[],"class_list":["post-13791","post","type-post","status-publish","format-standard","has-post-thumbnail","hentry","category-energia","resize-featured-image"],"_links":{"self":[{"href":"https:\/\/www.ecoticias.com\/hoyeco\/wp-json\/wp\/v2\/posts\/13791","targetHints":{"allow":["GET"]}}],"collection":[{"href":"https:\/\/www.ecoticias.com\/hoyeco\/wp-json\/wp\/v2\/posts"}],"about":[{"href":"https:\/\/www.ecoticias.com\/hoyeco\/wp-json\/wp\/v2\/types\/post"}],"author":[{"embeddable":true,"href":"https:\/\/www.ecoticias.com\/hoyeco\/wp-json\/wp\/v2\/users\/6"}],"replies":[{"embeddable":true,"href":"https:\/\/www.ecoticias.com\/hoyeco\/wp-json\/wp\/v2\/comments?post=13791"}],"version-history":[{"count":0,"href":"https:\/\/www.ecoticias.com\/hoyeco\/wp-json\/wp\/v2\/posts\/13791\/revisions"}],"wp:featuredmedia":[{"embeddable":true,"href":"https:\/\/www.ecoticias.com\/hoyeco\/wp-json\/wp\/v2\/media\/13792"}],"wp:attachment":[{"href":"https:\/\/www.ecoticias.com\/hoyeco\/wp-json\/wp\/v2\/media?parent=13791"}],"wp:term":[{"taxonomy":"category","embeddable":true,"href":"https:\/\/www.ecoticias.com\/hoyeco\/wp-json\/wp\/v2\/categories?post=13791"},{"taxonomy":"post_tag","embeddable":true,"href":"https:\/\/www.ecoticias.com\/hoyeco\/wp-json\/wp\/v2\/tags?post=13791"}],"curies":[{"name":"wp","href":"https:\/\/api.w.org\/{rel}","templated":true}]}}