{"id":14012,"date":"2024-12-01T17:00:39","date_gmt":"2024-12-01T16:00:39","guid":{"rendered":"https:\/\/www.ecoticias.com\/hoyeco\/?p=14012"},"modified":"2024-12-01T17:00:39","modified_gmt":"2024-12-01T16:00:39","slug":"material-aislante-invierno-madera","status":"publish","type":"post","link":"https:\/\/www.ecoticias.com\/hoyeco\/material-aislante-invierno-madera\/14012\/","title":{"rendered":"Adi\u00f3s al hormig\u00f3n: este es material aislante que necesitas este invierno"},"content":{"rendered":"<p>Uno de los puntos resaltantes de las VIII Jornadas de Rehabilitaci\u00f3n, M\u00e1sMadera, es la admirable capacidad de la madera como material <strong>aislante<\/strong>, lo que permite augurar que su uso desplazar\u00e1 al del <a href=\"https:\/\/www.ecoticias.com\/hoyeco\/construccion-da-un-giro-romanos\/13065\/\">hormig\u00f3n<\/a> en el pr\u00f3ximo invierno.<\/p>\n<h2>La madera constituir\u00e1 el aislante preferido por muchos este invierno<\/h2>\n<p>En las Jornadas organizadas por el <em>Cluster da Madeira e o Dese\u00f1o de Galicia<\/em>, donde se hicieron presentes m\u00e1s de 100 profesionales de este estrat\u00e9gico sector, se dieron a conocer algunos adelantos sobre los principales materiales que se utilizar\u00e1n en el invierno que se aproxima.<\/p>\n<p>Espec\u00edficamente, en este evento bianual se discutieron las grandes <strong>posibilidades que brinda la madera durante el proceso de restauraci\u00f3n<\/strong>, lo que se tradujo a un conjunto de conocimientos compartidos entre los profesionales asistentes.<\/p>\n<p>Estas jornadas donde se reunieron m\u00e1s de un centenar de profesionales de la arquitectura en madera, ingenieros, carpinteros, constructores, industriales, empresas auxiliares y estudiantes, fueron patrocinadas por:<\/p>\n<ul>\n<li>Grupo Ram\u00f3n Garc\u00eda<\/li>\n<li>Laminados Villapol<\/li>\n<li>Maderas Rub\u00e9n<\/li>\n<li>Mobalco Molduras del Noroeste<\/li>\n<li>Grupo Siero<\/li>\n<li>Wood is Wood<\/li>\n<\/ul>\n<p>Entre los participantes que dedicaron tiempo de exposici\u00f3n a la <strong>divulgaci\u00f3n de experiencias sobre el uso de este material org\u00e1nico proveniente de los \u00e1rboles<\/strong>\u00a0en procesos de rehabilitaci\u00f3n fueron los estudios Liqe Arquitectura, Seara Peleteiro Arquitectos y Arqx\u00e9 Arquitectura.<\/p>\n<h3>La rehabilitaci\u00f3n de la madera brinda excelentes oportunidades<\/h3>\n<p>Estos estudios demostraron los diferentes usos que este noble material rehabilitado puede llegar a tener, coincidiendo los exponentes en destacar, como uno de los puntos a favor de este material, la industrializaci\u00f3n que ha experimentado en los \u00faltimos a\u00f1os.<\/p>\n<p>Otro aspecto que destacaron estos estudios del papel que jugar\u00e1 la materia del tronco de los \u00e1rboles el venidero invierno fueron la variedad de <strong>soluciones que este material ofrece a lo largo del proceso constructivo<\/strong>.<\/p>\n<h2>La mesa de debate donde sali\u00f3 a relucir los beneficios del material<\/h2>\n<p>Como parte de las jornadas se realiz\u00f3 una mesa de debate en torno al incremento de la demanda de productos de madera que se ha producido recientemente y que pone en evidencia el cambio paradigm\u00e1tico en el sector de la construcci\u00f3n.<\/p>\n<p>Aparte de la Arquitecta Carmen Rey, los <strong>moderadores de la mesa de debate donde se compartieron los puntos de vista industrial<\/strong>, fueron los representantes de:<\/p>\n<ul>\n<li>Laminados Villapol<\/li>\n<li>Maderas Rub\u00e9n<\/li>\n<li>Grupo Siero<\/li>\n<\/ul>\n<p>Estos profesionales en su interacci\u00f3n coincidieron en que este material para la construcci\u00f3n destaca como uno de los recursos con mayor avance en cuanto a productos y procedimientos vinculados a la tecnolog\u00eda.<\/p>\n<h2>Se solicitan profesionales con alta formaci\u00f3n y nivel elevado de compromiso<\/h2>\n<p>Sin embargo, no todas fueron buenas noticias, pues durante el evento se puso de manifiesto la preocupaci\u00f3n del sector por la crisis de formaci\u00f3n profesional que actualmente enfrentan.<\/p>\n<p>De acuerdo a lo expuesto por diversos representantes empresariales, la ausencia de <strong>programas de formaci\u00f3n y actualizaci\u00f3n dirigidos a profesionales del sector<\/strong> es una de las limitantes del crecimiento de estas organizaciones.<\/p>\n<p>A estas empresas les preocupa que esta falta de mano de obra calificada se produce precisamente en un momento donde se presenta una alta demanda de productos de madera, lo que adem\u00e1s dificulta la entrega de trabajos garantizados.<\/p>\n<h3>Hay un mensaje de optimismo y confianza en el sector<\/h3>\n<p>No obstante, al final de la jornada los diferentes representantes del sector enviaron un mensaje de confianza y esperanza, advirtiendo sobre las <strong>oportunidades que ofrece este recurso sostenible para el desarrollo local en Espa\u00f1a<\/strong>, y especialmente para la regi\u00f3n de Galicia.<\/p>\n<p>Por consiguiente, el encuentro sirvi\u00f3 para poner de manifiesto las bondades de los materiales aut\u00f3ctonos, especialmente en este caso la madera, agregando valor a las obras que realizan los profesionales y empresas de la construcci\u00f3n.<\/p>\n<p>En definitiva, <span data-sheets-root=\"1\">los diferentes productos de madera resaltan como materiales de amplias prestaciones, belleza y acabado, pero frente al hormig\u00f3n destacar\u00e1 especialmente en este <a href=\"https:\/\/www.ecoticias.com\/hoyeco\/gastar-en-calefaccion-hidrogeno\/12099\/\">invierno<\/a> por su gran capacidad <strong>aislante<\/strong>.\u00a0<\/span><\/p>\n","protected":false},"excerpt":{"rendered":"<p>Uno de los puntos resaltantes de las VIII Jornadas de Rehabilitaci\u00f3n, M\u00e1sMadera, es la admirable capacidad de la madera como &#8230; <\/p>\n<p class=\"read-more-container\"><a title=\"Adi\u00f3s al hormig\u00f3n: este es material aislante que necesitas este invierno\" class=\"read-more button\" href=\"https:\/\/www.ecoticias.com\/hoyeco\/material-aislante-invierno-madera\/14012\/#more-14012\" aria-label=\"Leer m\u00e1s sobre Adi\u00f3s al hormig\u00f3n: este es material aislante que necesitas este invierno\">Read more<\/a><\/p>\n","protected":false},"author":9,"featured_media":14013,"comment_status":"closed","ping_status":"closed","sticky":false,"template":"","format":"standard","meta":{"footnotes":""},"categories":[6],"tags":[],"class_list":["post-14012","post","type-post","status-publish","format-standard","has-post-thumbnail","hentry","category-movilidad","resize-featured-image"],"_links":{"self":[{"href":"https:\/\/www.ecoticias.com\/hoyeco\/wp-json\/wp\/v2\/posts\/14012","targetHints":{"allow":["GET"]}}],"collection":[{"href":"https:\/\/www.ecoticias.com\/hoyeco\/wp-json\/wp\/v2\/posts"}],"about":[{"href":"https:\/\/www.ecoticias.com\/hoyeco\/wp-json\/wp\/v2\/types\/post"}],"author":[{"embeddable":true,"href":"https:\/\/www.ecoticias.com\/hoyeco\/wp-json\/wp\/v2\/users\/9"}],"replies":[{"embeddable":true,"href":"https:\/\/www.ecoticias.com\/hoyeco\/wp-json\/wp\/v2\/comments?post=14012"}],"version-history":[{"count":0,"href":"https:\/\/www.ecoticias.com\/hoyeco\/wp-json\/wp\/v2\/posts\/14012\/revisions"}],"wp:featuredmedia":[{"embeddable":true,"href":"https:\/\/www.ecoticias.com\/hoyeco\/wp-json\/wp\/v2\/media\/14013"}],"wp:attachment":[{"href":"https:\/\/www.ecoticias.com\/hoyeco\/wp-json\/wp\/v2\/media?parent=14012"}],"wp:term":[{"taxonomy":"category","embeddable":true,"href":"https:\/\/www.ecoticias.com\/hoyeco\/wp-json\/wp\/v2\/categories?post=14012"},{"taxonomy":"post_tag","embeddable":true,"href":"https:\/\/www.ecoticias.com\/hoyeco\/wp-json\/wp\/v2\/tags?post=14012"}],"curies":[{"name":"wp","href":"https:\/\/api.w.org\/{rel}","templated":true}]}}