{"id":14017,"date":"2024-11-29T14:30:06","date_gmt":"2024-11-29T13:30:06","guid":{"rendered":"https:\/\/www.ecoticias.com\/hoyeco\/?p=14017"},"modified":"2024-11-29T14:30:06","modified_gmt":"2024-11-29T13:30:06","slug":"energia-solar-espana","status":"publish","type":"post","link":"https:\/\/www.ecoticias.com\/hoyeco\/energia-solar-espana\/14017\/","title":{"rendered":"No es China, pero esta regi\u00f3n hace algo ins\u00f3lito con la energ\u00eda solar"},"content":{"rendered":"<p>Desde hace a\u00f1os <a href=\"https:\/\/www.ecoticias.com\/hoyeco\/espana-planta-solar-energia-termica\/13710\/\">Espa\u00f1a<\/a> viene trabajando en diferentes proyectos donde la energ\u00eda fotovoltaica es la protagonista, pero actuando de manera sostenible y cuyo proceso sea libre de emisiones de gases de efecto invernadero. Aunque no es China, aqu\u00ed te traemos una regi\u00f3n que hace algo ins\u00f3lito con la solar.<\/p>\n<h2>La regi\u00f3n de Espa\u00f1a que es pionera en hacer esto con la energ\u00eda solar<\/h2>\n<p>Esta regi\u00f3n se ha distinguido por tener muchos proyectos con renovable solar. Nos referimos a Asturias quien a trav\u00e9s de su Consejer\u00eda de Transici\u00f3n Ecol\u00f3gica, Industria y Desarrollo Econ\u00f3mico ha dado un paso trascendental al destinar 136 millones de euros para la creaci\u00f3n de una planta de autoconsumo.<\/p>\n<p>En este sentido, Asturiana de Zinc del Grupo Glencore e ISE Energ\u00eda del Grupo Gransolar han firmado un acuerdo para llevar adelante la construcci\u00f3n de la <strong>planta fotovoltaica m\u00e1s grande de Espa\u00f1a<\/strong>. La misma ser\u00e1 ubicada en las viejas balsas de residuos de la factor\u00eda de San Juan de Nieva en Salinas, regi\u00f3n de Asturias.<\/p>\n<h2>La gigantesca planta de autoconsumo fotovoltaico de Asturias: algo in\u00e9dito pero posible<\/h2>\n<p>Esta planta energ\u00e9tica tendr\u00e1 una capacidad de potencia instalada de 28,72 MW, suficiente para alimentar unos <strong>3.200 hogares en un a\u00f1o con energ\u00eda limpia y renovable<\/strong>. Evitar\u00e1 el consumo de la red el\u00e9ctrica convencional para as\u00ed reducir 6.000 toneladas de di\u00f3xido de carbono que dejar\u00edan de emitirse a la atm\u00f3sfera.<\/p>\n<p>Ocupar\u00e1 un espacio de 20 hect\u00e1reas, lo que equivale a 25 campos de f\u00fatbol y convertir\u00e1 las balsas de residuos del El Espartal en un lugar de innovaci\u00f3n y sostenibilidad que embellecer\u00e1 la regi\u00f3n. Su dise\u00f1o est\u00e1 hecho de tal forma que aguanta condiciones ambientales y clim\u00e1ticas extremas como las r\u00e1fagas de viento de hasta 140 km\/h.<\/p>\n<p>Las cuales generalmente provienen del nordeste de la zona. Para asegurar esta resistencia, se ha usado una fuerte estructura que es lastrada y que posee una inclinaci\u00f3n muy concreta. De manera que se siguen las caracter\u00edsticas del terreno sin alterarlo y evitando la utilizaci\u00f3n de perforaciones que modifiquen el ambiente.<\/p>\n<p>Este gran proyecto est\u00e1 enmarcado dentro del Mecanismo Europeo de Recuperaci\u00f3n y Resiliencia, que consolida a Asturias como una regi\u00f3n que da ejemplo de compromiso con la transici\u00f3n energ\u00e9tica y el autoconsumo. Con esta inversi\u00f3n, la Consejer\u00eda llega a unos 180 millones de euros en creaci\u00f3n de fuentes de energ\u00eda renovables.<\/p>\n<p>En esta zona, se cuenta con el apoyo de las comunidades que se han organizado y empresarios que han aceptado el reto de lograr un cambio hacia el uso de la energ\u00eda renovable. Esta acci\u00f3n, adem\u00e1s de ser un basti\u00f3n en la lucha contra el cambio clim\u00e1tico, tambi\u00e9n significa una reducci\u00f3n del costo de la electricidad, para todos.<\/p>\n<h2>\u00bfQu\u00e9 hay respecto a las empresas que llevaran adelante este proyecto ecol\u00f3gico y sostenible?<\/h2>\n<p>ISE Energ\u00eda, empresa dedicada al dise\u00f1o, desarrollo e instalaci\u00f3n de componentes para fuentes solares, posee una gran experticia en instalaciones fotovoltaicas en proyectos tipo EPC. Ha trabajado en la construcci\u00f3n de esta planta para asegurar un <strong>suministro continuo e ininterrumpido<\/strong> de potencia renovable y en su optimizaci\u00f3n.<\/p>\n<p>Por otro lado, la compa\u00f1\u00eda Asturiana de Zinc ha creado e implementado muchas estrategias sostenibles y para la minimizaci\u00f3n de la huella de carbono como la que est\u00e1 aplicando en este dise\u00f1o. De hecho, tiene planes para la instalaci\u00f3n de un ingenio para la recuperaci\u00f3n de calor que generar\u00eda 33.000 MWh al a\u00f1o.<\/p>\n<p>En conclusi\u00f3n, aunque no es en <a href=\"https:\/\/www.ecoticias.com\/hoyeco\/china-energia-absorber-el-sol-litio\/12399\/\">China<\/a> esta instalaci\u00f3n de una gigantesca planta de autoconsumo solar, s\u00ed representa un gran paso en la regi\u00f3n de Asturias para consolidarse como una potencia en energ\u00eda fotovoltaica. Que producir\u00e1 electricidad barata para los hogares y comercios de la regi\u00f3n de una forma segura y continua.<\/p>\n","protected":false},"excerpt":{"rendered":"<p>Desde hace a\u00f1os Espa\u00f1a viene trabajando en diferentes proyectos donde la energ\u00eda fotovoltaica es la protagonista, pero actuando de manera &#8230; <\/p>\n<p class=\"read-more-container\"><a title=\"No es China, pero esta regi\u00f3n hace algo ins\u00f3lito con la energ\u00eda solar\" class=\"read-more button\" href=\"https:\/\/www.ecoticias.com\/hoyeco\/energia-solar-espana\/14017\/#more-14017\" aria-label=\"Leer m\u00e1s sobre No es China, pero esta regi\u00f3n hace algo ins\u00f3lito con la energ\u00eda solar\">Read more<\/a><\/p>\n","protected":false},"author":6,"featured_media":14018,"comment_status":"closed","ping_status":"closed","sticky":false,"template":"","format":"standard","meta":{"footnotes":""},"categories":[5],"tags":[],"class_list":["post-14017","post","type-post","status-publish","format-standard","has-post-thumbnail","hentry","category-energia","resize-featured-image"],"_links":{"self":[{"href":"https:\/\/www.ecoticias.com\/hoyeco\/wp-json\/wp\/v2\/posts\/14017","targetHints":{"allow":["GET"]}}],"collection":[{"href":"https:\/\/www.ecoticias.com\/hoyeco\/wp-json\/wp\/v2\/posts"}],"about":[{"href":"https:\/\/www.ecoticias.com\/hoyeco\/wp-json\/wp\/v2\/types\/post"}],"author":[{"embeddable":true,"href":"https:\/\/www.ecoticias.com\/hoyeco\/wp-json\/wp\/v2\/users\/6"}],"replies":[{"embeddable":true,"href":"https:\/\/www.ecoticias.com\/hoyeco\/wp-json\/wp\/v2\/comments?post=14017"}],"version-history":[{"count":0,"href":"https:\/\/www.ecoticias.com\/hoyeco\/wp-json\/wp\/v2\/posts\/14017\/revisions"}],"wp:featuredmedia":[{"embeddable":true,"href":"https:\/\/www.ecoticias.com\/hoyeco\/wp-json\/wp\/v2\/media\/14018"}],"wp:attachment":[{"href":"https:\/\/www.ecoticias.com\/hoyeco\/wp-json\/wp\/v2\/media?parent=14017"}],"wp:term":[{"taxonomy":"category","embeddable":true,"href":"https:\/\/www.ecoticias.com\/hoyeco\/wp-json\/wp\/v2\/categories?post=14017"},{"taxonomy":"post_tag","embeddable":true,"href":"https:\/\/www.ecoticias.com\/hoyeco\/wp-json\/wp\/v2\/tags?post=14017"}],"curies":[{"name":"wp","href":"https:\/\/api.w.org\/{rel}","templated":true}]}}