{"id":14042,"date":"2024-12-02T14:30:19","date_gmt":"2024-12-02T13:30:19","guid":{"rendered":"https:\/\/www.ecoticias.com\/hoyeco\/?p=14042"},"modified":"2024-12-02T14:30:19","modified_gmt":"2024-12-02T13:30:19","slug":"energia-nuclear-espana-2","status":"publish","type":"post","link":"https:\/\/www.ecoticias.com\/hoyeco\/energia-nuclear-espana-2\/14042\/","title":{"rendered":"La energ\u00eda nuclear no se detiene en Espa\u00f1a: \u201ces un error grav\u00edsimo\u201d"},"content":{"rendered":"<p>A lo largo de los a\u00f1os, la energ\u00eda nuclear ha demostrado tener una gran utilidad en la generaci\u00f3n de electricidad que resulta esencial para el bienestar de los hogares y para el desarrollo industrial. Por estas razones, en Espa\u00f1a a\u00fan tiene gran importancia, y se considera que ser\u00eda un error grav\u00edsimo dejar de usarla.<\/p>\n<h2>La energ\u00eda nuclear sigue siendo esencial para generar electricidad<\/h2>\n<p>La descarbonizaci\u00f3n es un objetivo que se ha planteado la <a href=\"https:\/\/www.ecoticias.com\/hoyeco\/union-europea-reactores-nucleares\/3201\/\">Uni\u00f3n Europea<\/a>, y estos a\u00f1os son cr\u00edticos para poder llevarlo a cabo. Espa\u00f1a ha sido uno de los pa\u00edses m\u00e1s comprometidos con esta labor, por lo cual se ha propuesto iniciar el cierre de algunas centrales de energ\u00eda nuclear\u00a0 entre 2027 y 2028, pero no todos est\u00e1n de acuerdo.<\/p>\n<p>En este sentido, organizaciones como PwC y Foro Nuclear consideran que, al menos en el mediano plazo, se deber\u00eda seguir haciendo uso de la fuerza at\u00f3mica, pues de lo contrario <strong>se pone en riesgo la soberan\u00eda energ\u00e9tica<\/strong> <strong>del pa\u00eds<\/strong>. Adem\u00e1s, a\u00fan falta mucho por hacer para poder depender totalmente de las renovables.<\/p>\n<h2>La amenaza del cierre mantiene en vilo a las plantas nucleares<\/h2>\n<p>Hasta el presente, <strong>contin\u00faa en marcha la cuenta regresiva para el cierre de las plantas nucleares<\/strong> en Espa\u00f1a, y la primera ser\u00e1 la de Almaraz, en Extremadura. Pero algunas instituciones y autoridades han manifestado que ser\u00eda un error grav\u00edsimo hacerlo, porque a\u00fan no hay c\u00f3mo sustituir el aporte de la energ\u00eda nuclear.<\/p>\n<p>Pues en el a\u00f1o 2023 gener\u00f3 29.750 GWh, lo que representa un aumento del 13.43% con respecto al 2022. Y otras regiones se pudieron beneficiar con el excedente de su producci\u00f3n, ya que fue capaz de cubrir el 7% del requerimiento a nivel nacional, lo cual implica que 4 millones de hogares disfrutaron de este servicio.<\/p>\n<p>Otro hecho relevante es que el 99.8% de la energ\u00eda nuclear que se obtiene en Almaraz es totalmente libre de emisiones. Por todos estos motivos, la Junta de Extremadura, junto a otros organismos como el Foro Nuclear y PwC, se oponen al cierre de esta y otras plantas, y consideran que deben estar en la transici\u00f3n energ\u00e9tica.<\/p>\n<p>Pues el aporte que hace la at\u00f3mica al sistema el\u00e9ctrico espa\u00f1ol est\u00e1 por el orden del 20% desde hace m\u00e1s de 10 a\u00f1os, de forma que es posible que con el desarrollo de las renovables se pueda obtener el 80% de lo que se necesita para mantener en marcha al pa\u00eds de manera sostenible, y pr\u00e1cticamente sin contaminaci\u00f3n.<\/p>\n<p>Si se suprime la energ\u00eda at\u00f3mica, se corre el riesgo de no poder cumplir con la descarbonizaci\u00f3n, porque <strong>las fuentes energ\u00e9ticas limpias todav\u00eda no pueden reemplazarla<\/strong>, y habr\u00eda que recurrir a los ciclos combinados de gas. Lo que ser\u00eda un gran retroceso para cumplir con el prop\u00f3sito de disminuir las emisiones.<\/p>\n<h2>Las plantas at\u00f3micas son esenciales para el sistema el\u00e9ctrico<\/h2>\n<p>Los defensores de la energ\u00eda nuclear plantean que <strong>su supresi\u00f3n no es viable en un intervalo de tiempo tan corto<\/strong>, porque ella le brinda al sistema el\u00e9ctrico la potencia para que pueda funcionar adecuadamente desde el punto de vista t\u00e9cnico. Mientras que las renovables a\u00fan est\u00e1n en pleno desarrollo.<\/p>\n<p>Y todav\u00eda hay retrasos en relaci\u00f3n con su almacenamiento, por eso en otros pa\u00edses, como los Estados Unidos, se est\u00e1 prolongando la vida \u00fatil de las plantas nucleares. Por estas razones sugieren que impere el pragmatismo en este caso y se permita su permanencia durante el periodo de transici\u00f3n energ\u00e9tica.<\/p>\n<p>En conclusi\u00f3n, el aporte de la energ\u00eda nuclear es esencial para el sistema el\u00e9ctrico de <a href=\"https:\/\/www.ecoticias.com\/hoyeco\/espana-energia-nuclear-canarias\/13791\/\">Espa\u00f1a<\/a>, y su eliminaci\u00f3n pone en riesgo la soberan\u00eda energ\u00e9tica porque las renovables todav\u00eda no pueden sustituirla. Por eso, diversos organismos y entes sostienen que deber\u00eda estar presente durante la transici\u00f3n energ\u00e9tica.<\/p>\n","protected":false},"excerpt":{"rendered":"<p>A lo largo de los a\u00f1os, la energ\u00eda nuclear ha demostrado tener una gran utilidad en la generaci\u00f3n de electricidad &#8230; <\/p>\n<p class=\"read-more-container\"><a title=\"La energ\u00eda nuclear no se detiene en Espa\u00f1a: \u201ces un error grav\u00edsimo\u201d\" class=\"read-more button\" href=\"https:\/\/www.ecoticias.com\/hoyeco\/energia-nuclear-espana-2\/14042\/#more-14042\" aria-label=\"Leer m\u00e1s sobre La energ\u00eda nuclear no se detiene en Espa\u00f1a: \u201ces un error grav\u00edsimo\u201d\">Read more<\/a><\/p>\n","protected":false},"author":6,"featured_media":14043,"comment_status":"closed","ping_status":"closed","sticky":false,"template":"","format":"standard","meta":{"footnotes":""},"categories":[5],"tags":[],"class_list":["post-14042","post","type-post","status-publish","format-standard","has-post-thumbnail","hentry","category-energia","resize-featured-image"],"_links":{"self":[{"href":"https:\/\/www.ecoticias.com\/hoyeco\/wp-json\/wp\/v2\/posts\/14042","targetHints":{"allow":["GET"]}}],"collection":[{"href":"https:\/\/www.ecoticias.com\/hoyeco\/wp-json\/wp\/v2\/posts"}],"about":[{"href":"https:\/\/www.ecoticias.com\/hoyeco\/wp-json\/wp\/v2\/types\/post"}],"author":[{"embeddable":true,"href":"https:\/\/www.ecoticias.com\/hoyeco\/wp-json\/wp\/v2\/users\/6"}],"replies":[{"embeddable":true,"href":"https:\/\/www.ecoticias.com\/hoyeco\/wp-json\/wp\/v2\/comments?post=14042"}],"version-history":[{"count":0,"href":"https:\/\/www.ecoticias.com\/hoyeco\/wp-json\/wp\/v2\/posts\/14042\/revisions"}],"wp:featuredmedia":[{"embeddable":true,"href":"https:\/\/www.ecoticias.com\/hoyeco\/wp-json\/wp\/v2\/media\/14043"}],"wp:attachment":[{"href":"https:\/\/www.ecoticias.com\/hoyeco\/wp-json\/wp\/v2\/media?parent=14042"}],"wp:term":[{"taxonomy":"category","embeddable":true,"href":"https:\/\/www.ecoticias.com\/hoyeco\/wp-json\/wp\/v2\/categories?post=14042"},{"taxonomy":"post_tag","embeddable":true,"href":"https:\/\/www.ecoticias.com\/hoyeco\/wp-json\/wp\/v2\/tags?post=14042"}],"curies":[{"name":"wp","href":"https:\/\/api.w.org\/{rel}","templated":true}]}}